{"id":2836,"date":"2024-05-19T07:29:24","date_gmt":"2024-05-19T07:29:24","guid":{"rendered":"https:\/\/enfoquenoticioso.com\/deporte\/joselyn-brea-logra-su-clasificacion-a-paris-2024\/"},"modified":"2024-05-19T07:29:24","modified_gmt":"2024-05-19T07:29:24","slug":"joselyn-brea-logra-su-clasificacion-a-paris-2024","status":"publish","type":"post","link":"https:\/\/enfoquenoticioso.com\/?p=2836","title":{"rendered":"Joselyn Brea logra su clasificaci\u00f3n a Par\u00eds 2024"},"content":{"rendered":"<div data-td-block-uid=\"tdi_91\">\n<div class=\"tdb-block-inner td-fix-index\">\n<p>La fondista venezolana y doble campeona panamericana, Joselyn Brea, logr\u00f3 clasificar a los Juegos Ol\u00edmpicos de Par\u00eds 2024 luego del cumplir con la marca estipulada en el Gran Prix de Los \u00c1ngeles la madrugada de este viernes.<\/p>\n<p>La criolla registr\u00f3 un tiempo de 14:36.59 para superar su propia marca nacional en los 5.000 metros planos y as\u00ed alcanz\u00f3 nuevamente un cupo ol\u00edmpico para ser una de las principales l\u00edderes de la delegaci\u00f3n.<\/p>\n<figure class=\"wp-block-embed is-type-rich is-provider-instagram wp-block-embed-instagram\"\/>\n<p>Brea ten\u00eda que superar la marca de 14:52.00 para poder hacerse con un cupo para los Juegos Ol\u00edmpicos y termin\u00f3 sacando una importante ventaja de varios segundos en la competencia.<\/p>\n<p>Adem\u00e1s de romper su r\u00e9cord nacional en los Estados Unidos, Joselyn tambi\u00e9n se convirti\u00f3 en r\u00e9cord suramericano de acuerdo con lo informado por el Instituto Nacional de Deporte (IND).<\/p>\n<p><strong>Lee tambi\u00e9n: <a href=\"https:\/\/www.liderendeportes.com\/noticias\/mas-deportes\/daniel-dhers-a-la-final-del-clasificatorio-olimpico\/\" target=\"_blank\" rel=\"noopener\">Daniel Dhers a la final del clasificatorio ol\u00edmpico<\/a><\/strong><\/p>\n<p>La venezolana se convierte en la atleta n\u00famero 26 en lograr su clasificaci\u00f3n a Par\u00eds 2024 y es una de las firmes candidatas a sumar medallas<a href=\"https:\/\/twitter.com\/spbvenoficial\" target=\"_blank\" rel=\"noopener\">.<\/a><\/p>\n<\/div>\n<\/div>\n<p><script async src=\"\/\/platform.twitter.com\/widgets.js\" charset=\"utf-8\"><\/script><br \/>\n<br \/><a href=\"https:\/\/www.liderendeportes.com\/noticias\/destacado\/joselyn-brea-logra-su-clasificacion-a-paris-2024\/\" class=\" target=\" title=\"Joselyn Brea logra su clasificaci\u00f3n a Par\u00eds 2024\" target=\"_blank\" rel=\"noopener\">Ver fuente<\/a><\/p>\n","protected":false},"excerpt":{"rendered":"<p>La fondista venezolana y doble campeona panamericana, Joselyn Brea, logr\u00f3 clasificar a los Juegos Ol\u00edmpicos de Par\u00eds 2024 luego del cumplir con la marca estipulada en el Gran Prix de Los \u00c1ngeles la madrugada de este viernes. La criolla registr\u00f3 un tiempo de 14:36.59 para superar su propia marca nacional en los 5.000 metros planos [&hellip;]<\/p>\n","protected":false},"author":2,"featured_media":2837,"comment_status":"open","ping_status":"closed","sticky":false,"template":"","format":"standard","meta":{"footnotes":""},"categories":[7],"tags":[],"class_list":["post-2836","post","type-post","status-publish","format-standard","has-post-thumbnail","hentry","category-deporte"],"_links":{"self":[{"href":"https:\/\/enfoquenoticioso.com\/index.php?rest_route=\/wp\/v2\/posts\/2836","targetHints":{"allow":["GET"]}}],"collection":[{"href":"https:\/\/enfoquenoticioso.com\/index.php?rest_route=\/wp\/v2\/posts"}],"about":[{"href":"https:\/\/enfoquenoticioso.com\/index.php?rest_route=\/wp\/v2\/types\/post"}],"author":[{"embeddable":true,"href":"https:\/\/enfoquenoticioso.com\/index.php?rest_route=\/wp\/v2\/users\/2"}],"replies":[{"embeddable":true,"href":"https:\/\/enfoquenoticioso.com\/index.php?rest_route=%2Fwp%2Fv2%2Fcomments&post=2836"}],"version-history":[{"count":0,"href":"https:\/\/enfoquenoticioso.com\/index.php?rest_route=\/wp\/v2\/posts\/2836\/revisions"}],"wp:featuredmedia":[{"embeddable":true,"href":"https:\/\/enfoquenoticioso.com\/index.php?rest_route=\/wp\/v2\/media\/2837"}],"wp:attachment":[{"href":"https:\/\/enfoquenoticioso.com\/index.php?rest_route=%2Fwp%2Fv2%2Fmedia&parent=2836"}],"wp:term":[{"taxonomy":"category","embeddable":true,"href":"https:\/\/enfoquenoticioso.com\/index.php?rest_route=%2Fwp%2Fv2%2Fcategories&post=2836"},{"taxonomy":"post_tag","embeddable":true,"href":"https:\/\/enfoquenoticioso.com\/index.php?rest_route=%2Fwp%2Fv2%2Ftags&post=2836"}],"curies":[{"name":"wp","href":"https:\/\/api.w.org\/{rel}","templated":true}]}}