{"id":2854,"date":"2024-05-19T11:07:02","date_gmt":"2024-05-19T11:07:02","guid":{"rendered":"https:\/\/enfoquenoticioso.com\/sucesos\/la-venezolana-adali-borja-fue-a-colombia-a-trabajar-y-perdieron-su-rastro\/"},"modified":"2024-05-19T11:07:02","modified_gmt":"2024-05-19T11:07:02","slug":"la-venezolana-adali-borja-fue-a-colombia-a-trabajar-y-perdieron-su-rastro","status":"publish","type":"post","link":"https:\/\/enfoquenoticioso.com\/?p=2854","title":{"rendered":"La venezolana Adal\u00ed Borja fue a Colombia a trabajar y perdieron su rastro"},"content":{"rendered":"<div>\n<p>La joven madre arag\u00fcense Adal\u00ed Borja migr\u00f3 a Colombia en 2020. Ten\u00eda muchos planes para ella y sus hijos. Pero un mal d\u00eda, desapareci\u00f3. Su madre, Carmen, pide respuestas y apoyo a las autoridades de Colombia y Venezuela<span id=\"more-528810\"\/><\/p>\n<p>por <strong>Jhoana Su\u00e1rez\/La Naci\u00f3n<\/strong><\/p>\n<p>Adal\u00ed Silvestra Borja Vilorio, de 24 a\u00f1os, sali\u00f3 de su casa en el estado Aragua buscando un mejor futuro para ella y sus dos hijos. Su primera parada fue en Cali, Colombia; luego fue a Popay\u00e1n, pero termin\u00f3 atendiendo una oferta de trabajo en una finca en Nari\u00f1o. Desde entonces, Carmen, su madre, perdi\u00f3 su rastro.<\/p>\n<p>Carmen Vilorio recuerda con mucha claridad aquel 8 de julio de 2020, el \u00faltimo d\u00eda que tuvo contacto con Adal\u00ed: \u00abSe fue a buscar una mejor vida y las cosas son peores ahora, porque ella no est\u00e1 y yo cuido de sus dos hijos ahora\u00bb.<\/p>\n<p>Adal\u00ed se dedicaba a la peluquer\u00eda; y aunque trabaj\u00f3 en un local en San Mateo, estado Aragua, no era suficiente para cubrir las necesidades de sus peque\u00f1os. Es as\u00ed como viaja a Colombia, pero nunca imagino que ese viaje cambiar\u00eda su vida y la de su familia.<\/p>\n<p>La idea de Adal\u00ed, seg\u00fan cuenta su madre, era tener el dinero para montar un local en Colombia y llevarse a sus dos hijos. \u00abEran las 7 de la ma\u00f1ana cuando me respondi\u00f3 el \u00faltimo mensaje, a la 11 de la ma\u00f1ana ya no recibi\u00f3 m\u00e1s y ah\u00ed fue supe que algo no estaba bien, ella me contestaba siempre y estaba al pendiente de sus hijos todo el d\u00eda\u00bb.<\/p>\n<p><strong>\u00abSolo versiones\u00bb<\/strong><\/p>\n<p>Carmen cont\u00f3 que hasta ahora ha escuchado muchas versiones sobre lo que pudo haber ocurrido a su hija. Algunas de ellas le dicen que su hija muri\u00f3, que la enterraron, que la dejaron en un cerro, pero nada de ello est\u00e1 confirmado. \u00abMientras no haya un cuerpo o un ADN, mi hija est\u00e1 viva\u00bb.<\/p>\n<p>Asegur\u00f3 que la denuncia sobre la desaparici\u00f3n de Adal\u00ed fue puesta en Colombia. En Venezuela no se la recibieron porque la desaparici\u00f3n ocurri\u00f3 fuera del pa\u00eds. \u00abPero para hacer la denuncia afuera nos piden la denuncia de ac\u00e1, y ah\u00ed est\u00e1 el problema, porque ella no desapareci\u00f3 aqu\u00ed, pero ella es venezolana, y yo necesito una ley que me apoye\u00bb.<\/p>\n<p>Carmen confes\u00f3 que en Venezuela no ha tenido mucha suerte con la b\u00fasqueda de su hija, no ha tenido apoyo de las autoridades, solo el Comit\u00e9 Esperanza de Madre le tendi\u00f3 la mano.<\/p>\n<p>Al igual que centenares de madres en Venezuela, Carmen ruega por una respuesta sobre el paradero de su hija. Son casi cuatro a\u00f1os sin una se\u00f1al y no ha tenido el apoyo que espera de ninguna de las autoridades de los pa\u00edses relacionados.<\/p>\n<div id=\"ez-toc-container\" class=\"ez-toc-v2_0_81 counter-hierarchy ez-toc-counter ez-toc-grey ez-toc-container-direction\">\n<div class=\"ez-toc-title-container\">\n<p class=\"ez-toc-title\" style=\"cursor:inherit\">Tabla de Contenido<\/p>\n<span class=\"ez-toc-title-toggle\"><a href=\"#\" class=\"ez-toc-pull-right ez-toc-btn ez-toc-btn-xs ez-toc-btn-default ez-toc-toggle\" aria-label=\"Alternar tabla de contenidos\"><span class=\"ez-toc-js-icon-con\"><span class=\"\"><span class=\"eztoc-hide\" style=\"display:none;\">Toggle<\/span><span class=\"ez-toc-icon-toggle-span\"><svg style=\"fill: #999;color:#999\" xmlns=\"http:\/\/www.w3.org\/2000\/svg\" class=\"list-377408\" width=\"20px\" height=\"20px\" viewBox=\"0 0 24 24\" fill=\"none\"><path d=\"M6 6H4v2h2V6zm14 0H8v2h12V6zM4 11h2v2H4v-2zm16 0H8v2h12v-2zM4 16h2v2H4v-2zm16 0H8v2h12v-2z\" fill=\"currentColor\"><\/path><\/svg><svg style=\"fill: #999;color:#999\" class=\"arrow-unsorted-368013\" xmlns=\"http:\/\/www.w3.org\/2000\/svg\" width=\"10px\" height=\"10px\" viewBox=\"0 0 24 24\" version=\"1.2\" baseProfile=\"tiny\"><path d=\"M18.2 9.3l-6.2-6.3-6.2 6.3c-.2.2-.3.4-.3.7s.1.5.3.7c.2.2.4.3.7.3h11c.3 0 .5-.1.7-.3.2-.2.3-.5.3-.7s-.1-.5-.3-.7zM5.8 14.7l6.2 6.3 6.2-6.3c.2-.2.3-.5.3-.7s-.1-.5-.3-.7c-.2-.2-.4-.3-.7-.3h-11c-.3 0-.5.1-.7.3-.2.2-.3.5-.3.7s.1.5.3.7z\"\/><\/svg><\/span><\/span><\/span><\/a><\/span><\/div>\n<nav><ul class='ez-toc-list ez-toc-list-level-1 ' ><li class='ez-toc-page-1 ez-toc-heading-level-4'><a class=\"ez-toc-link ez-toc-heading-1\" href=\"https:\/\/enfoquenoticioso.com\/?p=2854\/#Sigue_al_canal_de_noticias_en_Whatsaap\" >Sigue al canal de noticias en Whatsaap\u00a0<\/a><\/li><\/ul><\/nav><\/div>\n<h4><span class=\"ez-toc-section\" id=\"Sigue_al_canal_de_noticias_en_Whatsaap\"><\/span><strong><a href=\"https:\/\/whatsapp.com\/channel\/0029VaDXFnLId7nFFiDdVI26?fbclid=IwAR1LnVJqcByTELJH4Ht086FYRmdx18pRnV7CrkzmTJ5JaLHYY0igukfL9Yk\" target=\"_blank\" rel=\"noopener\">Sigue al canal de noticias en Whatsaap\u00a0<\/a><\/strong><span class=\"ez-toc-section-end\"><\/span><\/h4>\n<\/div>\n<p><a href=\"https:\/\/noticiasaldiayalahora.co\/sucesos\/la-venezolana-adali-borja-fue-a-colombia-a-trabajar-y-perdieron-su-rastro\/\" class=\" target=\" title=\"La venezolana Adal\u00ed Borja fue a Colombia a trabajar y perdieron su rastro\" target=\"_blank\" rel=\"noopener\">Ver fuente<\/a><\/p>\n","protected":false},"excerpt":{"rendered":"<p>La joven madre arag\u00fcense Adal\u00ed Borja migr\u00f3 a Colombia en 2020. Ten\u00eda muchos planes para ella y sus hijos. Pero un mal d\u00eda, desapareci\u00f3. Su madre, Carmen, pide respuestas y apoyo a las autoridades de Colombia y Venezuela por Jhoana Su\u00e1rez\/La Naci\u00f3n Adal\u00ed Silvestra Borja Vilorio, de 24 a\u00f1os, sali\u00f3 de su casa en el [&hellip;]<\/p>\n","protected":false},"author":2,"featured_media":2855,"comment_status":"open","ping_status":"closed","sticky":false,"template":"","format":"standard","meta":{"footnotes":""},"categories":[5],"tags":[],"class_list":["post-2854","post","type-post","status-publish","format-standard","has-post-thumbnail","hentry","category-sucesos"],"_links":{"self":[{"href":"https:\/\/enfoquenoticioso.com\/index.php?rest_route=\/wp\/v2\/posts\/2854","targetHints":{"allow":["GET"]}}],"collection":[{"href":"https:\/\/enfoquenoticioso.com\/index.php?rest_route=\/wp\/v2\/posts"}],"about":[{"href":"https:\/\/enfoquenoticioso.com\/index.php?rest_route=\/wp\/v2\/types\/post"}],"author":[{"embeddable":true,"href":"https:\/\/enfoquenoticioso.com\/index.php?rest_route=\/wp\/v2\/users\/2"}],"replies":[{"embeddable":true,"href":"https:\/\/enfoquenoticioso.com\/index.php?rest_route=%2Fwp%2Fv2%2Fcomments&post=2854"}],"version-history":[{"count":0,"href":"https:\/\/enfoquenoticioso.com\/index.php?rest_route=\/wp\/v2\/posts\/2854\/revisions"}],"wp:featuredmedia":[{"embeddable":true,"href":"https:\/\/enfoquenoticioso.com\/index.php?rest_route=\/wp\/v2\/media\/2855"}],"wp:attachment":[{"href":"https:\/\/enfoquenoticioso.com\/index.php?rest_route=%2Fwp%2Fv2%2Fmedia&parent=2854"}],"wp:term":[{"taxonomy":"category","embeddable":true,"href":"https:\/\/enfoquenoticioso.com\/index.php?rest_route=%2Fwp%2Fv2%2Fcategories&post=2854"},{"taxonomy":"post_tag","embeddable":true,"href":"https:\/\/enfoquenoticioso.com\/index.php?rest_route=%2Fwp%2Fv2%2Ftags&post=2854"}],"curies":[{"name":"wp","href":"https:\/\/api.w.org\/{rel}","templated":true}]}}