{"id":2856,"date":"2024-05-19T11:22:48","date_gmt":"2024-05-19T11:22:48","guid":{"rendered":"https:\/\/enfoquenoticioso.com\/entretenimiento\/el-problema-de-los-3-cuerpos-temporada-2\/"},"modified":"2024-05-19T11:22:48","modified_gmt":"2024-05-19T11:22:48","slug":"el-problema-de-los-3-cuerpos-temporada-2","status":"publish","type":"post","link":"https:\/\/enfoquenoticioso.com\/?p=2856","title":{"rendered":"El problema de los 3 cuerpos, temporada 2"},"content":{"rendered":"<div>\n<p><strong>Netflix <\/strong>apost\u00f3 muy fuerte por <a href=\"https:\/\/www.espinof.com\/criticas\/el-problema-de-los-3-cuerpos-es-un-paso-atras-para-los-creadores-de-juego-de-tronos-la-ambiciosa-serie-de-ciencia-ficcion-de-netflix-promete-mucho-pero-no-termina-de-despegar\" target=\"_blank\" rel=\"noopener\">&#8216;El problema de los 3 cuerpos&#8217;<\/a>, adaptaci\u00f3n de la famosa novela de ciencia ficci\u00f3n de <strong>Liu Cixin<\/strong> que adem\u00e1s era la primera serie fruto de su acuerdo multimillonario con los creadores de <a href=\"https:\/\/www.espinof.com\/listas\/todas-temporadas-juego-tronos-ordenadas-peor-a-mejor\" target=\"_blank\" rel=\"noopener\">&#8216;Juego de Tronos&#8217;<\/a>. Su \u00e9xito se ha quedado <a href=\"https:\/\/www.espinof.com\/netflix\/cancelacion-problema-3-cuerpos-cada-vez-probable-que-netflix-podria-cargarse-serie-ciencia-ficcion-creadores-juego-tronos\" target=\"_blank\" rel=\"noopener\">algo lejos de lo deseado<\/a>, pero la plataforma ha decidido seguir adelante con ella.<\/p>\n<p><!-- BREAK 1 --> <\/p>\n<p>Ahora ha llegado el momento de hacer un repaso a<strong> todo lo que sabemos sobre la temporada 2 de &#8216;El problema de los 3 cuerpos&#8217;<\/strong>, informaci\u00f3n que iremos actualizando de forma constante en cuanto haya m\u00e1s novedades, pues la idea es que este art\u00edculo sirva como referente tanto sobre su fecha de estreno, reparto, tr\u00e1iler y los cambios que pueda haber.<\/p>\n<p><!-- BREAK 2 --><\/p>\n<div id=\"ez-toc-container\" class=\"ez-toc-v2_0_81 counter-hierarchy ez-toc-counter ez-toc-grey ez-toc-container-direction\">\n<div class=\"ez-toc-title-container\">\n<p class=\"ez-toc-title\" style=\"cursor:inherit\">Tabla de Contenido<\/p>\n<span class=\"ez-toc-title-toggle\"><a href=\"#\" class=\"ez-toc-pull-right ez-toc-btn ez-toc-btn-xs ez-toc-btn-default ez-toc-toggle\" aria-label=\"Alternar tabla de contenidos\"><span class=\"ez-toc-js-icon-con\"><span class=\"\"><span class=\"eztoc-hide\" style=\"display:none;\">Toggle<\/span><span class=\"ez-toc-icon-toggle-span\"><svg style=\"fill: #999;color:#999\" xmlns=\"http:\/\/www.w3.org\/2000\/svg\" class=\"list-377408\" width=\"20px\" height=\"20px\" viewBox=\"0 0 24 24\" fill=\"none\"><path d=\"M6 6H4v2h2V6zm14 0H8v2h12V6zM4 11h2v2H4v-2zm16 0H8v2h12v-2zM4 16h2v2H4v-2zm16 0H8v2h12v-2z\" fill=\"currentColor\"><\/path><\/svg><svg style=\"fill: #999;color:#999\" class=\"arrow-unsorted-368013\" xmlns=\"http:\/\/www.w3.org\/2000\/svg\" width=\"10px\" height=\"10px\" viewBox=\"0 0 24 24\" version=\"1.2\" baseProfile=\"tiny\"><path d=\"M18.2 9.3l-6.2-6.3-6.2 6.3c-.2.2-.3.4-.3.7s.1.5.3.7c.2.2.4.3.7.3h11c.3 0 .5-.1.7-.3.2-.2.3-.5.3-.7s-.1-.5-.3-.7zM5.8 14.7l6.2 6.3 6.2-6.3c.2-.2.3-.5.3-.7s-.1-.5-.3-.7c-.2-.2-.4-.3-.7-.3h-11c-.3 0-.5.1-.7.3-.2.2-.3.5-.3.7s.1.5.3.7z\"\/><\/svg><\/span><\/span><\/span><\/a><\/span><\/div>\n<nav><ul class='ez-toc-list ez-toc-list-level-1 ' ><li class='ez-toc-page-1 ez-toc-heading-level-2'><a class=\"ez-toc-link ez-toc-heading-1\" href=\"https:\/\/enfoquenoticioso.com\/?p=2856\/#%C2%BFCuando_se_estrena_la_temporada_2_de_%E2%80%98El_problema_de_los_3_cuerpos\" >\u00bfCu\u00e1ndo se estrena la temporada 2 de &#8216;El problema de los 3 cuerpos&#8217;?<\/a><\/li><li class='ez-toc-page-1 ez-toc-heading-level-2'><a class=\"ez-toc-link ez-toc-heading-2\" href=\"https:\/\/enfoquenoticioso.com\/?p=2856\/#%E2%80%98El_problema_de_los_3_cuerpos_temporada_2_%E2%80%93_reparto_y_protagonistas\" >&#8216;El problema de los 3 cuerpos&#8217; temporada 2 &#8211; reparto y protagonistas<\/a><\/li><li class='ez-toc-page-1 ez-toc-heading-level-2'><a class=\"ez-toc-link ez-toc-heading-3\" href=\"https:\/\/enfoquenoticioso.com\/?p=2856\/#%E2%80%98El_problema_de_los_3_cuerpos_temporada_2_%E2%80%93_historia_titulo_y_sinopsis\" >&#8216;El problema de los 3 cuerpos&#8217; temporada 2 &#8211; historia, t\u00edtulo y sinopsis<\/a><\/li><li class='ez-toc-page-1 ez-toc-heading-level-2'><a class=\"ez-toc-link ez-toc-heading-4\" href=\"https:\/\/enfoquenoticioso.com\/?p=2856\/#%C2%BFCuantas_temporadas_va_a_tener_%E2%80%98El_problema_de_los_3_cuerpos\" >\u00bfCu\u00e1ntas temporadas va a tener &#8216;El problema de los 3 cuerpos&#8217;?<\/a><\/li><li class='ez-toc-page-1 ez-toc-heading-level-2'><a class=\"ez-toc-link ez-toc-heading-5\" href=\"https:\/\/enfoquenoticioso.com\/?p=2856\/#%E2%80%98El_problema_de_los_3_cuerpos_temporada_2_%E2%80%93_trailers_imagenes_y_cartel\" >&#8216;El problema de los 3 cuerpos&#8217; temporada 2 &#8211; tr\u00e1ilers, im\u00e1genes y cartel<\/a><\/li><\/ul><\/nav><\/div>\n<h2><span class=\"ez-toc-section\" id=\"%C2%BFCuando_se_estrena_la_temporada_2_de_%E2%80%98El_problema_de_los_3_cuerpos\"><\/span>\u00bfCu\u00e1ndo se estrena la temporada 2 de &#8216;El problema de los 3 cuerpos&#8217;?<span class=\"ez-toc-section-end\"><\/span><\/h2>\n<p>Una inc\u00f3gnita, pero lo que s\u00ed es seguro es que tardaremos mucho en verla, as\u00ed que <strong>no cont\u00e9is con ella hasta 2026 como pronto<\/strong>. Tengamos en cuenta que la primera empez\u00f3 a rodarse en noviembre de 2021 y no se lanz\u00f3 hasta marzo de 2024. Es cierto que parte de esa espera se debe a la huelga de guionistas, pero solamente la grabaci\u00f3n principal se extendi\u00f3 durante 9 meses, a lo que hay que a\u00f1adir despu\u00e9s el intenso trabajo de postproducci\u00f3n.<\/p>\n<p><!-- BREAK 3 --> <\/p>\n<div class=\"article-asset article-asset-normal article-asset-center\">\n<div class=\"desvio-container\">\n<div class=\"desvio\">\n<div class=\"desvio-figure js-desvio-figure\">\n    <a href=\"https:\/\/www.espinof.com\/series-de-ficcion\/punto-nuestra-carrera-sueno-arruinado-creadores-problema-3-cuerpos-serie-sucesora-juego-tronos-que-hbo-cancelo-puerta-atras\" target=\"_blank\" rel=\"noopener\"><br \/>\n     <img loading=\"lazy\" decoding=\"async\" alt=\"&quot;Es un punto bajo en nuestra carrera&quot;. El sue\u00f1o arruinado de los creadores de 'El problema de los 3 cuerpos' es la serie sucesora de 'Juego de Tronos' que HBO cancel\u00f3 por la puerta de atr\u00e1s\" width=\"375\" height=\"142\" src=\"https:\/\/i.blogs.es\/d20692\/tronos\/375_142.jpeg\"\/><br \/>\n    <\/a>\n   <\/div>\n<\/p><\/div>\n<\/p><\/div>\n<\/div>\n<h2><span class=\"ez-toc-section\" id=\"%E2%80%98El_problema_de_los_3_cuerpos_temporada_2_%E2%80%93_reparto_y_protagonistas\"><\/span>&#8216;El problema de los 3 cuerpos&#8217; temporada 2 &#8211; reparto y protagonistas<span class=\"ez-toc-section-end\"><\/span><\/h2>\n<div class=\"article-asset-image article-asset-large article-asset-center\">\n<div class=\"asset-content\">\n                   <img class=\"\" height=\"1080\" width=\"2048\" loading=\"lazy\" decoding=\"async\" sizes=\"auto, 100vw\" fetchpriority=\"high\" srcset=\"https:\/\/i.blogs.es\/46e3ad\/reparto-problema-cuerpos\/450_1000.jpeg 450w, https:\/\/i.blogs.es\/46e3ad\/reparto-problema-cuerpos\/650_1200.jpeg 681w,https:\/\/i.blogs.es\/46e3ad\/reparto-problema-cuerpos\/1024_2000.jpeg 1024w, https:\/\/i.blogs.es\/46e3ad\/reparto-problema-cuerpos\/1366_2000.jpeg 1366w\" src=\"https:\/\/i.blogs.es\/46e3ad\/reparto-problema-cuerpos\/450_1000.jpeg\" alt=\"Reparto Problema Cuerpos\"\/><br \/>\n   <img decoding=\"async\" alt=\"Reparto Problema Cuerpos\" class=\"\" src=\"https:\/\/i.blogs.es\/46e3ad\/reparto-problema-cuerpos\/450_1000.jpeg\"\/><\/p><\/div>\n<\/div>\n<p>Podemos dar pr\u00e1cticamente por seguros los regresos de los actores <strong>Jess Hong<\/strong> (Jin Cheng),<strong> Eiza Gonza\u0301lez<\/strong> (Auggie Salazar), <strong>Benedict Wong<\/strong> (Clarence \u201cDa\u201d Shi), <strong>Jovan Adepo<\/strong> (Saul Durand), <strong>Liam Cunningham<\/strong> (Thomas Wade), <strong>Sea Shimooka<\/strong> (Sophon), <strong>Marlo Kelly<\/strong> (Tatiana) y <strong>Saamer Usmani<\/strong> (Raj). Obviamente, todos los que murieron en la primera temporada dif\u00edcilmente van a volver, lo cual deja fuera de la temporada 2 a <strong>Alex Sharp<\/strong>, que interpretaba a Will Downing, <strong>Rosalind Chao<\/strong>, que daba vida a Ye Wenjie, <strong>Jonathan Pryce<\/strong>, que encarnaba a Mike Evans, y a <strong>John Bradley<\/strong>, el rostro detr\u00e1s de Jack Rooney.<\/p>\n<p><!-- BREAK 4 --><\/p>\n<p>Obviamente, tambi\u00e9n habr\u00e1 alg\u00fan fichaje o personajes que ganen importancia respecto a la primera temporada, pero por ahora no se ha anunciado nada al respecto.<\/p>\n<p><!-- BREAK 5 --><\/p>\n<p>Los que tambi\u00e9n volver\u00e1n ser\u00e1n <strong>Dan Weiss, David Benioff y Alexander Woo<\/strong>, creadores y showrunners de la serie, quienes <a href=\"https:\/\/www.espinof.com\/netflix\/netflix-acaba-resolver-mayor-misterio-problema-3-cuerpos-plataforma-promete-que-serie-ciencia-ficcion-tendra-epico-final-anuncia-su-renovacion\" target=\"_blank\" rel=\"noopener\">se han mostrado<\/a> entusiasmados ante la oportunidad de poder contar la historia completa:<\/p>\n<p><!-- BREAK 6 --> <\/p>\n<blockquote><p><em>Estamos encantados de poder contar esta historia hasta su \u00e9pica conclusi\u00f3n. Desde que le\u00edmos la \u00faltima p\u00e1gina de la magn\u00edfica trilog\u00eda de Cixin Liu, esper\u00e1bamos poder llevar al p\u00fablico hasta el fin del universo con nosotros. All\u00e1 vamos.<\/em><\/p><\/blockquote>\n<div class=\"article-asset article-asset-normal article-asset-center\">\n<div class=\"desvio-container\">\n<div class=\"desvio\">\n<div class=\"desvio-figure js-desvio-figure\">\n    <a href=\"https:\/\/www.espinof.com\/netflix\/20-millones-episodio-problema-3-cuerpos-cuarta-serie-cara-historia-netflix-estas-unicas-tres-que-superan\" target=\"_blank\" rel=\"noopener\"><br \/>\n     <img loading=\"lazy\" decoding=\"async\" alt=\"20 millones por episodio. 'El problema de los 3 cuerpos' es una de las series m\u00e1s caras de la historia, pero Netflix tiene otras tres que la superan en gasto\" width=\"375\" height=\"142\" src=\"https:\/\/i.blogs.es\/e28c2a\/problema-cuerpos-escena-netflix\/375_142.jpeg\"\/><br \/>\n    <\/a>\n   <\/div>\n<\/p><\/div>\n<\/p><\/div>\n<\/div>\n<h2><span class=\"ez-toc-section\" id=\"%E2%80%98El_problema_de_los_3_cuerpos_temporada_2_%E2%80%93_historia_titulo_y_sinopsis\"><\/span>&#8216;El problema de los 3 cuerpos&#8217; temporada 2 &#8211; historia, t\u00edtulo y sinopsis<span class=\"ez-toc-section-end\"><\/span><\/h2>\n<div class=\"article-asset-image article-asset-large article-asset-center\">\n<div class=\"asset-content\">\n                   <img class=\"\" height=\"900\" width=\"1242\" loading=\"lazy\" decoding=\"async\" sizes=\"auto, 100vw\" fetchpriority=\"high\" srcset=\"https:\/\/i.blogs.es\/e0d3ba\/bosque-oscuro\/450_1000.jpeg 450w, https:\/\/i.blogs.es\/e0d3ba\/bosque-oscuro\/650_1200.jpeg 681w,https:\/\/i.blogs.es\/e0d3ba\/bosque-oscuro\/1024_2000.jpeg 1024w, https:\/\/i.blogs.es\/e0d3ba\/bosque-oscuro\/1366_2000.jpeg 1366w\" src=\"https:\/\/i.blogs.es\/e0d3ba\/bosque-oscuro\/450_1000.jpeg\" alt=\"Bosque Oscuro\"\/><br \/>\n   <img decoding=\"async\" alt=\"Bosque Oscuro\" class=\"\" src=\"https:\/\/i.blogs.es\/e0d3ba\/bosque-oscuro\/450_1000.jpeg\"\/><\/p><\/div>\n<\/div>\n<p>La temporada 2 tomar\u00e1 como base <strong>&#8216;El bosque oscuro<\/strong>&#8216;, segunda entrega de la trilog\u00eda escrita por Liu Cixin. Al igual que la primera parte, su t\u00edtulo parte de una famosa teor\u00eda cient\u00edfica que se\u00f1ala que existen multitud de amenazas extraterrestres en el universo que son imposible de detectar y que la humanidad no es consciente todo el mal que est\u00e1 a su alrededor.<\/p>\n<p><!-- BREAK 7 --><\/p>\n<p>La novela explora c\u00f3mo se recupera la humanidad de esa amenaza para dentro de cuatro siglos. Por un lado, es posible acabar con los colaboradores humanos de los invasores, pero los alien\u00edgenas siguen teniendo acceso a todo el plan de defensa de la Tierra contra ellos. Ser\u00e1n las cuatro personas que forman <strong>el Proyecto Vallado<\/strong> las encargadas de desarrollar estrategias secretas. Tres de ellos son mentes brillantes, mientras que el cuarto sigue sin tener claro qu\u00e9 hace exactamente ah\u00ed. Sin embargo, los San-Ti saben que es una amenaza para ellos, la duda est\u00e1 en saber por qu\u00e9 y c\u00f3mo aprovecharlo&#8230;<\/p>\n<p><!-- BREAK 8 --><\/p>\n<p><a href=\"https:\/\/www.espinof.com\/netflix\/problema-3-cuerpos-final-explicado-serie-ciencia-ficcion-netflix-como-prepara-camino-para-temporada-2\" target=\"_blank\" rel=\"noopener\">Aqu\u00ed pod\u00e9is leer todo lo que necesit\u00e1is saber<\/a> sobre el final de la primera temporada y c\u00f3mo prepara el camino para la segunda, incluyendo declaraciones de varios de los implicados, como esto que destacaba Woo:<\/p>\n<p><!-- BREAK 9 --><\/p>\n<blockquote><p><em>Juntamos dos cosas que est\u00e1n muy separadas en los libros. La c\u00e1psula con el cerebro pasa a ir en la direcci\u00f3n err\u00f3nea en el tercer libro y el momento con las cigarras sucede al final del primero. No tienen nada que ver, pero parec\u00eda que ten\u00eda sentido tener estas dos cosas, el momento de mayor desesperaci\u00f3n unido con este momento inspiraciones sobre tener todav\u00eda esperanza.<\/em><\/p><\/blockquote>\n<h2><span class=\"ez-toc-section\" id=\"%C2%BFCuantas_temporadas_va_a_tener_%E2%80%98El_problema_de_los_3_cuerpos\"><\/span>\u00bfCu\u00e1ntas temporadas va a tener &#8216;El problema de los 3 cuerpos&#8217;?<span class=\"ez-toc-section-end\"><\/span><\/h2>\n<div class=\"article-asset-image article-asset-large article-asset-center\">\n<div class=\"asset-content\">\n                   <img class=\"\" height=\"1080\" width=\"1920\" loading=\"lazy\" decoding=\"async\" sizes=\"auto, 100vw\" fetchpriority=\"high\" srcset=\"https:\/\/i.blogs.es\/064ca8\/problema-3-cuerpos-logo\/450_1000.jpeg 450w, https:\/\/i.blogs.es\/064ca8\/problema-3-cuerpos-logo\/650_1200.jpeg 681w,https:\/\/i.blogs.es\/064ca8\/problema-3-cuerpos-logo\/1024_2000.jpeg 1024w, https:\/\/i.blogs.es\/064ca8\/problema-3-cuerpos-logo\/1366_2000.jpeg 1366w\" src=\"https:\/\/i.blogs.es\/064ca8\/problema-3-cuerpos-logo\/450_1000.jpeg\" alt=\"Problema 3 Cuerpos Logo\"\/><br \/>\n   <img decoding=\"async\" alt=\"Problema 3 Cuerpos Logo\" class=\"\" src=\"https:\/\/i.blogs.es\/064ca8\/problema-3-cuerpos-logo\/450_1000.jpeg\"\/><\/p><\/div>\n<\/div>\n<p>Los creadores de la serie <strong>dieron a entender que ellos quer\u00edan que &#8216;El problema de los 3 cuerpos&#8217; cuente con cuatro temporadas, pero ser\u00eda una sorpresa que Netflix acabe concedi\u00e9ndole tantas<\/strong>. A fin de cuentas, al mismo tiempo que anunciaba su renovaci\u00f3n por una segunda entrega, tambi\u00e9n promet\u00edan que iban a darle cierre &#8211;<strong>Bela Bajaria<\/strong>, jefa de contenidos de Netflix, anunci\u00f3 que la serie segu\u00eda adelante para llegar al p\u00fablico \u00ab<em>a trav\u00e9s de toda la saga \u00e9pica hasta su conclusi\u00f3n<\/em>\u00ab. Por ello, lo m\u00e1s probable es que acaben siendo tres temporadas y que las dos \u00faltimas se rueden de forma consecutiva para ahorrar costes.<\/p>\n<p><!-- BREAK 10 --> <\/p>\n<p>Tambi\u00e9n podr\u00eda quedarse finalmente en solo dos temporadas, pero eso ser\u00eda poco menos que una condena a un final apresurado que no satisfaga a nadie. La cuesti\u00f3n es que en Netflix todav\u00eda est\u00e1n ultimando los detalles sobre c\u00f3mo dar cierre a la serie. A eso hay que sumar que <strong>cada novela era m\u00e1s ambiciosa que la anterior, por lo que los 8 episodios de la primera temporada se pueden quedar cortos para las que vengan despu\u00e9s.<\/strong><\/p>\n<p><!-- BREAK 11 --><\/p>\n<h2><span class=\"ez-toc-section\" id=\"%E2%80%98El_problema_de_los_3_cuerpos_temporada_2_%E2%80%93_trailers_imagenes_y_cartel\"><\/span>&#8216;El problema de los 3 cuerpos&#8217; temporada 2 &#8211; tr\u00e1ilers, im\u00e1genes y cartel<span class=\"ez-toc-section-end\"><\/span><\/h2>\n<p>El rodaje todav\u00eda no ha arrancado y ni siquiera hay fecha prevista para el inicio de las grabaciones, por lo que todav\u00eda no disponemos de ning\u00fan tipo de imagen de la temporada 2 de &#8216;El problema de los 3 cuerpos&#8217;.<\/p>\n<p><!-- BREAK 12 --><\/p>\n<p>En Espinof | <a href=\"https:\/\/www.espinof.com\/listas\/mejores-peliculas-netflix-2024\" target=\"_blank\" rel=\"noopener\">Las 7 mejores pel\u00edculas en Netflix de 2024<\/a><\/p>\n<p><!-- BREAK 13 --><\/p>\n<p>En Espinof | <a href=\"https:\/\/www.espinof.com\/listas\/mejores-series-netflix-2024\" target=\"_blank\" rel=\"noopener\">Las 11 mejores series de Netflix en 2024<\/a><\/p>\n<p><!-- BREAK 14 -->\n <\/div>\n<p><a href=\"https:\/\/www.espinof.com\/fecha-de-estreno\/problema-3-cuerpos-temporada-2-trailer-fecha-estreno-reparto-todo-que-sabemos-serie-ciencia-ficcion-netflix\" class=\" target=\" title=\"El problema de los 3 cuerpos, temporada 2\" target=\"_blank\" rel=\"noopener\">Ver fuente<\/a><\/p>\n","protected":false},"excerpt":{"rendered":"<p>Netflix apost\u00f3 muy fuerte por &#8216;El problema de los 3 cuerpos&#8217;, adaptaci\u00f3n de la famosa novela de ciencia ficci\u00f3n de Liu Cixin que adem\u00e1s era la primera serie fruto de su acuerdo multimillonario con los creadores de &#8216;Juego de Tronos&#8217;. Su \u00e9xito se ha quedado algo lejos de lo deseado, pero la plataforma ha decidido [&hellip;]<\/p>\n","protected":false},"author":2,"featured_media":2857,"comment_status":"open","ping_status":"closed","sticky":false,"template":"","format":"standard","meta":{"footnotes":""},"categories":[8],"tags":[],"class_list":["post-2856","post","type-post","status-publish","format-standard","has-post-thumbnail","hentry","category-entretenimiento"],"_links":{"self":[{"href":"https:\/\/enfoquenoticioso.com\/index.php?rest_route=\/wp\/v2\/posts\/2856","targetHints":{"allow":["GET"]}}],"collection":[{"href":"https:\/\/enfoquenoticioso.com\/index.php?rest_route=\/wp\/v2\/posts"}],"about":[{"href":"https:\/\/enfoquenoticioso.com\/index.php?rest_route=\/wp\/v2\/types\/post"}],"author":[{"embeddable":true,"href":"https:\/\/enfoquenoticioso.com\/index.php?rest_route=\/wp\/v2\/users\/2"}],"replies":[{"embeddable":true,"href":"https:\/\/enfoquenoticioso.com\/index.php?rest_route=%2Fwp%2Fv2%2Fcomments&post=2856"}],"version-history":[{"count":0,"href":"https:\/\/enfoquenoticioso.com\/index.php?rest_route=\/wp\/v2\/posts\/2856\/revisions"}],"wp:featuredmedia":[{"embeddable":true,"href":"https:\/\/enfoquenoticioso.com\/index.php?rest_route=\/wp\/v2\/media\/2857"}],"wp:attachment":[{"href":"https:\/\/enfoquenoticioso.com\/index.php?rest_route=%2Fwp%2Fv2%2Fmedia&parent=2856"}],"wp:term":[{"taxonomy":"category","embeddable":true,"href":"https:\/\/enfoquenoticioso.com\/index.php?rest_route=%2Fwp%2Fv2%2Fcategories&post=2856"},{"taxonomy":"post_tag","embeddable":true,"href":"https:\/\/enfoquenoticioso.com\/index.php?rest_route=%2Fwp%2Fv2%2Ftags&post=2856"}],"curies":[{"name":"wp","href":"https:\/\/api.w.org\/{rel}","templated":true}]}}