{"id":2858,"date":"2024-05-19T11:42:11","date_gmt":"2024-05-19T11:42:11","guid":{"rendered":"https:\/\/enfoquenoticioso.com\/deporte\/edymar-brea-elogio-a-su-hermana-por-clasificar-a-los-jjoo\/"},"modified":"2024-05-19T11:42:11","modified_gmt":"2024-05-19T11:42:11","slug":"edymar-brea-elogio-a-su-hermana-por-clasificar-a-los-jjoo","status":"publish","type":"post","link":"https:\/\/enfoquenoticioso.com\/?p=2858","title":{"rendered":"Edymar Brea elogi\u00f3 a su hermana por clasificar a los JJOO"},"content":{"rendered":"<div data-td-block-uid=\"tdi_91\">\n<div class=\"tdb-block-inner td-fix-index\">\n<p>Joselyn Brea obtuvo su cupo a los Juegos Ol\u00edmpicos Par\u00eds 2024 este s\u00e1bado en el Gran Prix de Los \u00c1ngeles. La venezolana obtuvo la marca m\u00ednima para acceder a la m\u00e1xima cita deportiva mundial y rompi\u00f3 su propio r\u00e9cord nacional en 5.000 metros.<\/p>\n<p>Pero para la familia Brea, este no fue el \u00fanico triunfo del d\u00eda puesto que la hermana de Joselyn, Edymar, fue la ganadora de la Media Marat\u00f3n San Celestino, que se disput\u00f3 en Barcelona, estado Anzo\u00e1tegui, con tiempo de 01 hora, 19 minutos y 42 segundos.<\/p>\n<p>Y m\u00e1s all\u00e1 del triunfo en suelo oriental, Edymar Brea llen\u00f3 de elogios a su hermana por una nueva cita ol\u00edmpica.<\/p>\n<figure class=\"wp-block-embed is-type-rich is-provider-twitter wp-block-embed-twitter\"\/>\n<p>\u201cEstoy muy emocionada, cuando me levant\u00e9 v\u00ed la noticia y yo sab\u00eda que ella (Joselyn) lo iba a conseguir (cupo a JJOO Par\u00eds). Estoy muy feliz por todo lo que ha logrado porque se lo merece\u201d declar\u00f3 Edymar Brea luego de la carrera.<\/p>\n<p><strong>Lee tambi\u00e9n: <a href=\"https:\/\/www.liderendeportes.com\/noticias\/destacado\/joselyn-brea-logra-su-clasificacion-a-paris-2024\/\" target=\"_blank\" rel=\"noopener\">Joselyn Brea logra su clasificaci\u00f3n a Par\u00eds 2024<\/a><\/strong><\/p>\n<p>Cabe destacar que la Media Marat\u00f3n San Celestino es avalada por la Federaci\u00f3n Venezolana de Atletismo.<\/p>\n<\/div>\n<\/div>\n<p><a href=\"https:\/\/www.liderendeportes.com\/noticias\/mas-deportes\/atletismo\/edymar-brea-elogio-a-su-hermana-por-clasificar-a-los-jjoo\/\" class=\" target=\" title=\"Edymar Brea elogi\u00f3 a su hermana por clasificar a los JJOO\" target=\"_blank\" rel=\"noopener\">Ver fuente<\/a><\/p>\n","protected":false},"excerpt":{"rendered":"<p>Joselyn Brea obtuvo su cupo a los Juegos Ol\u00edmpicos Par\u00eds 2024 este s\u00e1bado en el Gran Prix de Los \u00c1ngeles. La venezolana obtuvo la marca m\u00ednima para acceder a la m\u00e1xima cita deportiva mundial y rompi\u00f3 su propio r\u00e9cord nacional en 5.000 metros. Pero para la familia Brea, este no fue el \u00fanico triunfo del [&hellip;]<\/p>\n","protected":false},"author":2,"featured_media":2859,"comment_status":"open","ping_status":"closed","sticky":false,"template":"","format":"standard","meta":{"footnotes":""},"categories":[7],"tags":[],"class_list":["post-2858","post","type-post","status-publish","format-standard","has-post-thumbnail","hentry","category-deporte"],"_links":{"self":[{"href":"https:\/\/enfoquenoticioso.com\/index.php?rest_route=\/wp\/v2\/posts\/2858","targetHints":{"allow":["GET"]}}],"collection":[{"href":"https:\/\/enfoquenoticioso.com\/index.php?rest_route=\/wp\/v2\/posts"}],"about":[{"href":"https:\/\/enfoquenoticioso.com\/index.php?rest_route=\/wp\/v2\/types\/post"}],"author":[{"embeddable":true,"href":"https:\/\/enfoquenoticioso.com\/index.php?rest_route=\/wp\/v2\/users\/2"}],"replies":[{"embeddable":true,"href":"https:\/\/enfoquenoticioso.com\/index.php?rest_route=%2Fwp%2Fv2%2Fcomments&post=2858"}],"version-history":[{"count":0,"href":"https:\/\/enfoquenoticioso.com\/index.php?rest_route=\/wp\/v2\/posts\/2858\/revisions"}],"wp:featuredmedia":[{"embeddable":true,"href":"https:\/\/enfoquenoticioso.com\/index.php?rest_route=\/wp\/v2\/media\/2859"}],"wp:attachment":[{"href":"https:\/\/enfoquenoticioso.com\/index.php?rest_route=%2Fwp%2Fv2%2Fmedia&parent=2858"}],"wp:term":[{"taxonomy":"category","embeddable":true,"href":"https:\/\/enfoquenoticioso.com\/index.php?rest_route=%2Fwp%2Fv2%2Fcategories&post=2858"},{"taxonomy":"post_tag","embeddable":true,"href":"https:\/\/enfoquenoticioso.com\/index.php?rest_route=%2Fwp%2Fv2%2Ftags&post=2858"}],"curies":[{"name":"wp","href":"https:\/\/api.w.org\/{rel}","templated":true}]}}