{"id":2863,"date":"2024-05-19T13:30:27","date_gmt":"2024-05-19T13:30:27","guid":{"rendered":"https:\/\/enfoquenoticioso.com\/entretenimiento\/un-volcan-habitado-contemplando-la-tragedia\/"},"modified":"2024-05-19T13:30:27","modified_gmt":"2024-05-19T13:30:27","slug":"un-volcan-habitado-contemplando-la-tragedia","status":"publish","type":"post","link":"https:\/\/enfoquenoticioso.com\/?p=2863","title":{"rendered":"Un volc\u00e1n habitado, contemplando la tragedia"},"content":{"rendered":"<div id=\"mvp-content-main\">\n<p>La erupci\u00f3n volc\u00e1nica vivida en la isla de La Palma en septiembre de 2021 fue un acontecimiento que marc\u00f3 profundamente a la sociedad canaria. Prueba de ello, las familias que perdieron su hogar mientras la lava se apoderaba de lo que anta\u00f1o fue suyo. Prueba de ello es, tambi\u00e9n, esta pel\u00edcula dirigida por <strong>David Pantale\u00f3n<\/strong> y <strong>Jos\u00e9 V\u00edctor Fuentes<\/strong>. <\/p>\n<p><span id=\"more-40727\"\/><\/p>\n<div id=\"ez-toc-container\" class=\"ez-toc-v2_0_81 counter-hierarchy ez-toc-counter ez-toc-grey ez-toc-container-direction\">\n<div class=\"ez-toc-title-container\">\n<p class=\"ez-toc-title\" style=\"cursor:inherit\">Tabla de Contenido<\/p>\n<span class=\"ez-toc-title-toggle\"><a href=\"#\" class=\"ez-toc-pull-right ez-toc-btn ez-toc-btn-xs ez-toc-btn-default ez-toc-toggle\" aria-label=\"Alternar tabla de contenidos\"><span class=\"ez-toc-js-icon-con\"><span class=\"\"><span class=\"eztoc-hide\" style=\"display:none;\">Toggle<\/span><span class=\"ez-toc-icon-toggle-span\"><svg style=\"fill: #999;color:#999\" xmlns=\"http:\/\/www.w3.org\/2000\/svg\" class=\"list-377408\" width=\"20px\" height=\"20px\" viewBox=\"0 0 24 24\" fill=\"none\"><path d=\"M6 6H4v2h2V6zm14 0H8v2h12V6zM4 11h2v2H4v-2zm16 0H8v2h12v-2zM4 16h2v2H4v-2zm16 0H8v2h12v-2z\" fill=\"currentColor\"><\/path><\/svg><svg style=\"fill: #999;color:#999\" class=\"arrow-unsorted-368013\" xmlns=\"http:\/\/www.w3.org\/2000\/svg\" width=\"10px\" height=\"10px\" viewBox=\"0 0 24 24\" version=\"1.2\" baseProfile=\"tiny\"><path d=\"M18.2 9.3l-6.2-6.3-6.2 6.3c-.2.2-.3.4-.3.7s.1.5.3.7c.2.2.4.3.7.3h11c.3 0 .5-.1.7-.3.2-.2.3-.5.3-.7s-.1-.5-.3-.7zM5.8 14.7l6.2 6.3 6.2-6.3c.2-.2.3-.5.3-.7s-.1-.5-.3-.7c-.2-.2-.4-.3-.7-.3h-11c-.3 0-.5.1-.7.3-.2.2-.3.5-.3.7s.1.5.3.7z\"\/><\/svg><\/span><\/span><\/span><\/a><\/span><\/div>\n<nav><ul class='ez-toc-list ez-toc-list-level-1 ' ><li class='ez-toc-page-1 ez-toc-heading-level-2'><a class=\"ez-toc-link ez-toc-heading-1\" href=\"https:\/\/enfoquenoticioso.com\/?p=2863\/#Sinopsis\" >Sinopsis<\/a><\/li><li class='ez-toc-page-1 ez-toc-heading-level-2'><a class=\"ez-toc-link ez-toc-heading-2\" href=\"https:\/\/enfoquenoticioso.com\/?p=2863\/#Critica_de_Un_volcan_habitado\" >Cr\u00edtica de Un volc\u00e1n habitado<\/a><\/li><\/ul><\/nav><\/div>\n<h2 class=\"wp-block-heading\"><span class=\"ez-toc-section\" id=\"Sinopsis\"><\/span>Sinopsis<span class=\"ez-toc-section-end\"><\/span><\/h2>\n<p>El 19 de septiembre de 2021, despu\u00e9s de 50 a\u00f1os, un nuevo volc\u00e1n emergi\u00f3 en la isla de La Palma. Durante los meses que dur\u00f3 el fen\u00f3meno, un grupo de amigos de la infancia comparti\u00f3 mensajes de audio en un chat com\u00fan; una cr\u00f3nica cotidiana del asombro y la tragedia, lejos del relato medi\u00e1tico. <strong>UN VOLC\u00c1N HABITADO<\/strong> es un retrato colectivo sobre la amistad y la fortaleza de los pobladores de una tierra, que cada cierto tiempo conviven con el poder hipn\u00f3tico y devastador de la naturaleza.<\/p>\n<h2 class=\"wp-block-heading\"><span class=\"ez-toc-section\" id=\"Critica_de_Un_volcan_habitado\"><\/span>Cr\u00edtica de Un volc\u00e1n habitado<span class=\"ez-toc-section-end\"><\/span><\/h2>\n<p>Un volc\u00e1n habitado es una experiencia arrolladora en lo visual y lo sonoro, algo que no deber\u00eda sorprender  teniendo en cuenta la magnitud del evento del que aqu\u00ed se habla. No es una pel\u00edcula con un hilo narrativo firme, sino m\u00e1s bien difuso, basado en conversaciones de los propios palmeros que presencian con una mezcla de ira y admiraci\u00f3n el vigor de la Madre Naturaleza. Esta combinaci\u00f3n entre im\u00e1genes poderosas y reacciones sobrecogedoras logra que el espectador m\u00e1s familiarizado con este suceso de nuestra historia reciente consiga conmoverse e impactarse a partes iguales.<\/p>\n<p>Desconozco si una audiencia menos familiarizada con la erupci\u00f3n del volc\u00e1n de La Palma ser\u00e1 capaz de empatizar con la pel\u00edcula, pues pese a ser una experiencia de visionado po\u00e9tica y reflexiva -y aunque dura poco m\u00e1s de una hora-, comprender\u00eda aquellas opiniones que puedan etiquetarla de mon\u00f3tona y, quiz\u00e1, algo redundante.<\/p>\n<p>A mis ojos, Un volc\u00e1n habitado no es solo un homenaje a todos los afectados por esta tragedia; sino un recordatorio de la bondad que tanto caracteriza a los canarios y de c\u00f3mo los momentos m\u00e1s cr\u00edticos nos convierten en resilientes. <\/p>\n<\/p><\/div>\n<p><a href=\"https:\/\/soydecine.com\/un-volcan-habitado-critica\/\" class=\" target=\" title=\"Un volc\u00e1n habitado, contemplando la tragedia\" target=\"_blank\" rel=\"noopener\">Ver fuente<\/a><\/p>\n","protected":false},"excerpt":{"rendered":"<p>La erupci\u00f3n volc\u00e1nica vivida en la isla de La Palma en septiembre de 2021 fue un acontecimiento que marc\u00f3 profundamente a la sociedad canaria. Prueba de ello, las familias que perdieron su hogar mientras la lava se apoderaba de lo que anta\u00f1o fue suyo. Prueba de ello es, tambi\u00e9n, esta pel\u00edcula dirigida por David Pantale\u00f3n [&hellip;]<\/p>\n","protected":false},"author":2,"featured_media":2864,"comment_status":"open","ping_status":"closed","sticky":false,"template":"","format":"standard","meta":{"footnotes":""},"categories":[8],"tags":[],"class_list":["post-2863","post","type-post","status-publish","format-standard","has-post-thumbnail","hentry","category-entretenimiento"],"_links":{"self":[{"href":"https:\/\/enfoquenoticioso.com\/index.php?rest_route=\/wp\/v2\/posts\/2863","targetHints":{"allow":["GET"]}}],"collection":[{"href":"https:\/\/enfoquenoticioso.com\/index.php?rest_route=\/wp\/v2\/posts"}],"about":[{"href":"https:\/\/enfoquenoticioso.com\/index.php?rest_route=\/wp\/v2\/types\/post"}],"author":[{"embeddable":true,"href":"https:\/\/enfoquenoticioso.com\/index.php?rest_route=\/wp\/v2\/users\/2"}],"replies":[{"embeddable":true,"href":"https:\/\/enfoquenoticioso.com\/index.php?rest_route=%2Fwp%2Fv2%2Fcomments&post=2863"}],"version-history":[{"count":0,"href":"https:\/\/enfoquenoticioso.com\/index.php?rest_route=\/wp\/v2\/posts\/2863\/revisions"}],"wp:featuredmedia":[{"embeddable":true,"href":"https:\/\/enfoquenoticioso.com\/index.php?rest_route=\/wp\/v2\/media\/2864"}],"wp:attachment":[{"href":"https:\/\/enfoquenoticioso.com\/index.php?rest_route=%2Fwp%2Fv2%2Fmedia&parent=2863"}],"wp:term":[{"taxonomy":"category","embeddable":true,"href":"https:\/\/enfoquenoticioso.com\/index.php?rest_route=%2Fwp%2Fv2%2Fcategories&post=2863"},{"taxonomy":"post_tag","embeddable":true,"href":"https:\/\/enfoquenoticioso.com\/index.php?rest_route=%2Fwp%2Fv2%2Ftags&post=2863"}],"curies":[{"name":"wp","href":"https:\/\/api.w.org\/{rel}","templated":true}]}}