{"id":2873,"date":"2024-05-19T15:09:51","date_gmt":"2024-05-19T15:09:51","guid":{"rendered":"https:\/\/enfoquenoticioso.com\/deporte\/kervin-andrade-es-un-nuevo-dilema-para-el-bocha-batista\/"},"modified":"2024-05-19T15:09:51","modified_gmt":"2024-05-19T15:09:51","slug":"kervin-andrade-es-un-nuevo-dilema-para-el-bocha-batista","status":"publish","type":"post","link":"https:\/\/enfoquenoticioso.com\/?p=2873","title":{"rendered":"Kervin Andrade es un nuevo dilema para el Bocha Batista"},"content":{"rendered":"<div>\n<p>La gestaci\u00f3n de la jugada que deriv\u00f3 en el gol Kervin Andrade en la Copa Suramericana para que Fortaleza consiguiera el mi\u00e9rcoles un empate de \u00faltimo segundo ante Boca Juniors fue tan brillante como la propia definici\u00f3n del tanto por parte del prometedor mediocampista venezolano.<\/p>\n<p>Toda la ejecuci\u00f3n es una obra maestra de contragolpe para enmarcar y repetir en las aulas de formaci\u00f3n de los nuevos aspirantes a futbolistas del pa\u00eds, dirigida y finalizada con maestr\u00eda por la genialidad del \u201cTuti\u201d. Su pase de tres dedos para iniciar el ataque fulminante con un cambio de direcci\u00f3n al costado derecho, enviado con precisi\u00f3n euclidiana al bot\u00edn de su compa\u00f1ero Mois\u00e9s Viera, la carrera a lo Usain Bolt para devorarse 70 metros del estadio La Bombera y la llegada al \u00e1rea con aliento en los pulmones y fuerza en las piernas para rematar al fondo de la red el centro del propio Viera, revela la estampa de un artillero de nueva generaci\u00f3n, de tecnolog\u00eda 3.0, que se ha venido puliendo con fineza en el club catarinense y pide pista en la Vinotinto.<\/p>\n<p>No hay en el f\u00fatbol venezolano un mediapunta que re\u00fana las caracter\u00edsticas de Andrade. No es el target man, tipo Salom\u00f3n Rond\u00f3n, que sabe jugar de espaldas al arco, para pivotear, luchar con fuerza y potencia e imponerse en el \u00e1rea por alto o por bajo para definir sus oportunidades. Tampoco tiene el perfil cabeceador de Jhonder C\u00e1diz o Kevin Kelsy. Lo de Andrade es una mezcla virtuosa de velocidad, capacidad de maniobra en pocos espacios y un potente disparo para reventar las redes con su ca\u00f1\u00f3n de pierna derecha.<\/p>\n<p>En su breve paso de tres temporada por el Deportivo La Guaira, el guayan\u00e9s ya hab\u00eda mostrado algunas pinceladas de su talento, como aquel soberbio tanto que le anot\u00f3 al Caracas en la jornada 14 del torneo 2023 sellar el empate de la naranja litoralense en el estadio Ol\u00edmpico de la UCV. Desde entonces pintaba como un futbolista distinto, lejos de la median\u00eda y su vinculaci\u00f3n con Fortaleza priv\u00f3 a los aficionados de la Liga Futve de disfrutar por m\u00e1s tiempo de sus cualidades t\u00e9cnicas.<\/p>\n<p>Tampoco la Vinotinto Sub-23 pudo contar para el preol\u00edmpico que se celebr\u00f3 a principios de este a\u00f1o en el renovado Br\u00edgido Iriarte de un delantero que pudo haber aportado m\u00e1s creatividad y poder goleador en el ataque, debido a que Fortaleza se neg\u00f3 a ceder al nuevo diamante guayan\u00e9s que adquiri\u00f3 por una \u00ednfima cantidad de 600 mil d\u00f3lares, de acuerdo a las estad\u00edsticas del portal Transfermarkt.<\/p>\n<p>Andrade ya debut\u00f3 con la Vinotinto absoluta el pasado 24 de marzo en el Shell Energy Stadium de Houston, Texas, en el partido amistoso ante Guatemala, que se sell\u00f3 con empate sin goles ante Guatemala. Ingres\u00f3 por Darwin Mach\u00eds en el minuto 84 y exhibi\u00f3 su r\u00e1pida gambeta y se asoci\u00f3 con Salom\u00f3n Rond\u00f3n al que le puso un pase en el bot\u00edn derecho que el \u201cGladiador\u201d no logr\u00f3 rematar con precisi\u00f3n.<\/p>\n<p>El t\u00e9cnico de la selecci\u00f3n Fernando \u201cBocha\u201d Batista incluy\u00f3 al \u201cTuti\u201d en la lista larga de jugadores con chance de ser convocados a la venidera Copa Am\u00e9rica. La pregunta que surge a ra\u00edz de este llamado preliminar, es si el DT tendr\u00e1 la suficiente convicci\u00f3n y atrevimiento para darle oportunidad en la Vinotinto a un chamo que reci\u00e9n despunta. De lado de Andrade figura su incontestable habilidad con el bal\u00f3n y su actualidad con el Fortaleza.<\/p>\n<p>\u00bfCu\u00e1ntos jugadores criollos pueden ufanarse de haber silenciado La Bombonera con una jugada de antolog\u00eda en la Copa Libertadores de Am\u00e9rica? El \u201cTuti\u201d lo hizo demostrando una suma de virtudes y una gran personalidad para no achicarse en su debut copero en uno de los escenarios m\u00e1s atemorizantes del planeta f\u00fatbol. Con eses contragolpe dijo estar listo para abrirse un cupo en la lista definitiva del Bocha. No hay una sola raz\u00f3n para dejarlo fuera.<\/p>\n<div id=\"ez-toc-container\" class=\"ez-toc-v2_0_81 counter-hierarchy ez-toc-counter ez-toc-grey ez-toc-container-direction\">\n<div class=\"ez-toc-title-container\">\n<p class=\"ez-toc-title\" style=\"cursor:inherit\">Tabla de Contenido<\/p>\n<span class=\"ez-toc-title-toggle\"><a href=\"#\" class=\"ez-toc-pull-right ez-toc-btn ez-toc-btn-xs ez-toc-btn-default ez-toc-toggle\" aria-label=\"Alternar tabla de contenidos\"><span class=\"ez-toc-js-icon-con\"><span class=\"\"><span class=\"eztoc-hide\" style=\"display:none;\">Toggle<\/span><span class=\"ez-toc-icon-toggle-span\"><svg style=\"fill: #999;color:#999\" xmlns=\"http:\/\/www.w3.org\/2000\/svg\" class=\"list-377408\" width=\"20px\" height=\"20px\" viewBox=\"0 0 24 24\" fill=\"none\"><path d=\"M6 6H4v2h2V6zm14 0H8v2h12V6zM4 11h2v2H4v-2zm16 0H8v2h12v-2zM4 16h2v2H4v-2zm16 0H8v2h12v-2z\" fill=\"currentColor\"><\/path><\/svg><svg style=\"fill: #999;color:#999\" class=\"arrow-unsorted-368013\" xmlns=\"http:\/\/www.w3.org\/2000\/svg\" width=\"10px\" height=\"10px\" viewBox=\"0 0 24 24\" version=\"1.2\" baseProfile=\"tiny\"><path d=\"M18.2 9.3l-6.2-6.3-6.2 6.3c-.2.2-.3.4-.3.7s.1.5.3.7c.2.2.4.3.7.3h11c.3 0 .5-.1.7-.3.2-.2.3-.5.3-.7s-.1-.5-.3-.7zM5.8 14.7l6.2 6.3 6.2-6.3c.2-.2.3-.5.3-.7s-.1-.5-.3-.7c-.2-.2-.4-.3-.7-.3h-11c-.3 0-.5.1-.7.3-.2.2-.3.5-.3.7s.1.5.3.7z\"\/><\/svg><\/span><\/span><\/span><\/a><\/span><\/div>\n<nav><ul class='ez-toc-list ez-toc-list-level-1 ' ><li class='ez-toc-page-1 ez-toc-heading-level-3'><a class=\"ez-toc-link ez-toc-heading-1\" href=\"https:\/\/enfoquenoticioso.com\/?p=2873\/#Telasco_Segovia_es_otra_alternativa_para_acompana_en_el_medio_campo\" >Telasco Segovia es otra alternativa para acompa\u00f1a en el medio campo<\/a><\/li><li class='ez-toc-page-1 ez-toc-heading-level-3'><a class=\"ez-toc-link ez-toc-heading-2\" href=\"https:\/\/enfoquenoticioso.com\/?p=2873\/#Jhonder_Cadiz_y_Alejandro_Marques_tienen_el_aval_de_sus_goles_en_Portugal\" >Jhonder C\u00e1diz y Alejandro Marqu\u00e9s tienen el aval de sus goles en Portugal<\/a><\/li><\/ul><\/nav><\/div>\n<h3 class=\"wp-block-heading\"><span class=\"ez-toc-section\" id=\"Telasco_Segovia_es_otra_alternativa_para_acompana_en_el_medio_campo\"><\/span><strong>Telasco Segovia es otra alternativa para acompa\u00f1a en el medio campo<\/strong><span class=\"ez-toc-section-end\"><\/span><\/h3>\n<p>El mediocampo es el sector del campo donde el seleccionador nacional Fernando Batista tiene m\u00e1s opciones para elegir alternativas, de acuerdo al tipo de juego que quiera plantearle a los rivales. Si quiere volantes con m\u00fasculos y pulmones para luchar por el bal\u00f3n en cada palmo del terreno cuenta con la omnipresencia de Jos\u00e9 \u201cBrujo\u201d Mart\u00ednez y Tom\u00e1s Rinc\u00f3n para cerrar l\u00edneas de pase, romper juego y recuperar el bal\u00f3n.<\/p>\n<p>Para esa primera l\u00ednea tambi\u00e9n puede disponer de la inteligencia de Junior Moreno o el buen pie de Daniel Pereira para salir jugando. Para acompa\u00f1ar en el ataque tambi\u00e9n sobran opciones. La m\u00e1s recurrida por el DT es la de utilizar a Yangel Herrera, en virtud de su buen disparo de derecha y su excelente juego a\u00e9reo para conseguir goles de cabeza.<\/p>\n<p>Pero otro nombre que habr\u00e1 que tener en cuenta es el de Telasco Segovia. Es uno de los mediocampista m\u00e1s t\u00e9cnicos del pa\u00eds que se consolid\u00f3 en el Casa Pia de Portugal. Juega a un toque, es un socio ideal para alimentar a los delantero o acompa\u00f1ar las jugadas y ha hecho m\u00e9ritos para figurar en la lista definitiva.<\/p>\n<h3 class=\"wp-block-heading\"><span class=\"ez-toc-section\" id=\"Jhonder_Cadiz_y_Alejandro_Marques_tienen_el_aval_de_sus_goles_en_Portugal\"><\/span><strong>Jhonder C\u00e1diz y Alejandro Marqu\u00e9s tienen el aval de sus goles en Portugal<\/strong><span class=\"ez-toc-section-end\"><\/span><\/h3>\n<p>La ampliaci\u00f3n de la lista definitiva de la Conmebol a 26 jugadores para la Copa Am\u00e9rica permitir\u00e1 al t\u00e9cnico llevar a tres jugadores m\u00e1s que pudiera utilizar dependiendo de las circunstancias del torno. Aunque habr\u00e1 m\u00e1s jugadores a disposici\u00f3n, solo 23 podr\u00e1n ser inscritos para cada partido, lo que es una ventaja a la hora de las rotaciones por cansancio, lesi\u00f3n o razones t\u00e1cticas.<\/p>\n<p>Lo cierto es que este mayor n\u00famero de efectivos permitir\u00eda que el \u201cBocha\u201d lleve a cuatro delantero para el torneo, en procura de seguir evaluando quien puede tomar la bandera de Salom\u00f3n Rond\u00f3n en la zona conclusiva. Jhonder C\u00e1diz es el avanzado que parte en primera l\u00ednea para entrar en la convocatoria final, en virtud de los 15 goles que marc\u00f3 en Famalic\u00e3o, en su mejor temporada desde que en 2021 arrib\u00f3 a la Liga de Portugal.<\/p>\n<p>Los nueve goles que anot\u00f3 Alejandro Marqu\u00e9s en su segundo a\u00f1o en el Estoril, tambi\u00e9n en la liga lusa, avalan la convocatoria del caraque\u00f1o, mientras que el cuarto cupo ser\u00eda otro quebradero de cabeza del t\u00e9cnico para elegir entre la potencia de Sergio C\u00f3rdova o la velocidad de Eric Ram\u00edrez.<\/p>\n<\/div>\n<p><a href=\"https:\/\/www.liderendeportes.com\/noticias\/vision-de-juego\/kervin-andrade-es-un-nuevo-dilema-para-el-bocha-batista\/\" class=\" target=\" title=\"Kervin Andrade es un nuevo dilema para el Bocha Batista\" target=\"_blank\" rel=\"noopener\">Ver fuente<\/a><\/p>\n","protected":false},"excerpt":{"rendered":"<p>La gestaci\u00f3n de la jugada que deriv\u00f3 en el gol Kervin Andrade en la Copa Suramericana para que Fortaleza consiguiera el mi\u00e9rcoles un empate de \u00faltimo segundo ante Boca Juniors fue tan brillante como la propia definici\u00f3n del tanto por parte del prometedor mediocampista venezolano. Toda la ejecuci\u00f3n es una obra maestra de contragolpe para [&hellip;]<\/p>\n","protected":false},"author":2,"featured_media":2874,"comment_status":"open","ping_status":"closed","sticky":false,"template":"","format":"standard","meta":{"footnotes":""},"categories":[7],"tags":[],"class_list":["post-2873","post","type-post","status-publish","format-standard","has-post-thumbnail","hentry","category-deporte"],"_links":{"self":[{"href":"https:\/\/enfoquenoticioso.com\/index.php?rest_route=\/wp\/v2\/posts\/2873","targetHints":{"allow":["GET"]}}],"collection":[{"href":"https:\/\/enfoquenoticioso.com\/index.php?rest_route=\/wp\/v2\/posts"}],"about":[{"href":"https:\/\/enfoquenoticioso.com\/index.php?rest_route=\/wp\/v2\/types\/post"}],"author":[{"embeddable":true,"href":"https:\/\/enfoquenoticioso.com\/index.php?rest_route=\/wp\/v2\/users\/2"}],"replies":[{"embeddable":true,"href":"https:\/\/enfoquenoticioso.com\/index.php?rest_route=%2Fwp%2Fv2%2Fcomments&post=2873"}],"version-history":[{"count":0,"href":"https:\/\/enfoquenoticioso.com\/index.php?rest_route=\/wp\/v2\/posts\/2873\/revisions"}],"wp:featuredmedia":[{"embeddable":true,"href":"https:\/\/enfoquenoticioso.com\/index.php?rest_route=\/wp\/v2\/media\/2874"}],"wp:attachment":[{"href":"https:\/\/enfoquenoticioso.com\/index.php?rest_route=%2Fwp%2Fv2%2Fmedia&parent=2873"}],"wp:term":[{"taxonomy":"category","embeddable":true,"href":"https:\/\/enfoquenoticioso.com\/index.php?rest_route=%2Fwp%2Fv2%2Fcategories&post=2873"},{"taxonomy":"post_tag","embeddable":true,"href":"https:\/\/enfoquenoticioso.com\/index.php?rest_route=%2Fwp%2Fv2%2Ftags&post=2873"}],"curies":[{"name":"wp","href":"https:\/\/api.w.org\/{rel}","templated":true}]}}