{"id":2877,"date":"2024-05-19T16:14:34","date_gmt":"2024-05-19T16:14:34","guid":{"rendered":"https:\/\/enfoquenoticioso.com\/entretenimiento\/el-superheroe-mas-oscuro-de-la-historia-regresa-con-la-version-definitiva-de-una-pelicula-mitica-el-30-aniversario-de-un-espectaculo-muy-diferente-a-marvel-y-dc-llega-con-estos-codiciados-steelbooks\/"},"modified":"2024-05-19T16:14:34","modified_gmt":"2024-05-19T16:14:34","slug":"el-superheroe-mas-oscuro-de-la-historia-regresa-con-la-version-definitiva-de-una-pelicula-mitica-el-30-aniversario-de-un-espectaculo-muy-diferente-a-marvel-y-dc-llega-con-estos-codiciados-steelbooks","status":"publish","type":"post","link":"https:\/\/enfoquenoticioso.com\/?p=2877","title":{"rendered":"El superh\u00e9roe m\u00e1s oscuro de la historia regresa con la versi\u00f3n definitiva de una pel\u00edcula m\u00edtica. El 30 aniversario de un espect\u00e1culo muy diferente a Marvel y DC llega con estos codiciados steelbooks"},"content":{"rendered":"<div>\n<p>Este 2024 ser\u00e1 el a\u00f1o del estreno de una nueva versi\u00f3n de <a href=\"https:\/\/www.espinof.com\/criticas\/el-cuervo-la-constatacion-de-una-generacion\" target=\"_blank\" rel=\"noopener\">&#8216;El Cuervo&#8217;<\/a> con <strong>Bill Skarsg\u00e5rd<\/strong> dando vida al personaje creado por <strong>James O&#8217;Barr<\/strong> y que para muchos siempre tendr\u00e1 el rostro de <strong>Brandon Lee<\/strong>. El actor falleci\u00f3 a mitad del rodaje de la m\u00edtica pel\u00edcula lanzada hace ya 30 a\u00f1os, la cual vuelve a estar de actualidad por su lanzamiento en formato f\u00edsico en nuestro pa\u00eds.<\/p>\n<p><!-- BREAK 1 --> <\/p>\n<p>Justo es decir que ya exist\u00eda una edici\u00f3n sencilla en blu-ray en nuestro pa\u00eds lanzada en 2016, pero carec\u00eda de cualquier tipo de contenido adicional y adem\u00e1s la imagen era presentada en 1080i. Ahora ha sido <strong>Paramaount<\/strong> la que ha lanzado una nueva versi\u00f3n con motivo de su 30 aniversario que incluye dos versiones en steelbook que muchos coleccionistas est\u00e1n teniendo dificultades para conseguir.<\/p>\n<p><!-- BREAK 2 --><\/p>\n<div id=\"ez-toc-container\" class=\"ez-toc-v2_0_81 counter-hierarchy ez-toc-counter ez-toc-grey ez-toc-container-direction\">\n<div class=\"ez-toc-title-container\">\n<p class=\"ez-toc-title\" style=\"cursor:inherit\">Tabla de Contenido<\/p>\n<span class=\"ez-toc-title-toggle\"><a href=\"#\" class=\"ez-toc-pull-right ez-toc-btn ez-toc-btn-xs ez-toc-btn-default ez-toc-toggle\" aria-label=\"Alternar tabla de contenidos\"><span class=\"ez-toc-js-icon-con\"><span class=\"\"><span class=\"eztoc-hide\" style=\"display:none;\">Toggle<\/span><span class=\"ez-toc-icon-toggle-span\"><svg style=\"fill: #999;color:#999\" xmlns=\"http:\/\/www.w3.org\/2000\/svg\" class=\"list-377408\" width=\"20px\" height=\"20px\" viewBox=\"0 0 24 24\" fill=\"none\"><path d=\"M6 6H4v2h2V6zm14 0H8v2h12V6zM4 11h2v2H4v-2zm16 0H8v2h12v-2zM4 16h2v2H4v-2zm16 0H8v2h12v-2z\" fill=\"currentColor\"><\/path><\/svg><svg style=\"fill: #999;color:#999\" class=\"arrow-unsorted-368013\" xmlns=\"http:\/\/www.w3.org\/2000\/svg\" width=\"10px\" height=\"10px\" viewBox=\"0 0 24 24\" version=\"1.2\" baseProfile=\"tiny\"><path d=\"M18.2 9.3l-6.2-6.3-6.2 6.3c-.2.2-.3.4-.3.7s.1.5.3.7c.2.2.4.3.7.3h11c.3 0 .5-.1.7-.3.2-.2.3-.5.3-.7s-.1-.5-.3-.7zM5.8 14.7l6.2 6.3 6.2-6.3c.2-.2.3-.5.3-.7s-.1-.5-.3-.7c-.2-.2-.4-.3-.7-.3h-11c-.3 0-.5.1-.7.3-.2.2-.3.5-.3.7s.1.5.3.7z\"\/><\/svg><\/span><\/span><\/span><\/a><\/span><\/div>\n<nav><ul class='ez-toc-list ez-toc-list-level-1 ' ><li class='ez-toc-page-1 ez-toc-heading-level-2'><a class=\"ez-toc-link ez-toc-heading-1\" href=\"https:\/\/enfoquenoticioso.com\/?p=2877\/#Otros_lanzamientos\" >Otros lanzamientos<\/a><\/li><li class='ez-toc-page-1 ez-toc-heading-level-2'><a class=\"ez-toc-link ez-toc-heading-2\" href=\"https:\/\/enfoquenoticioso.com\/?p=2877\/#%E2%80%98El_cuervo\" >&#8216;El cuervo&#8217;<\/a><\/li><li class='ez-toc-page-1 ez-toc-heading-level-2'><a class=\"ez-toc-link ez-toc-heading-3\" href=\"https:\/\/enfoquenoticioso.com\/?p=2877\/#Asi_son_los_steelbooks\" >As\u00ed son los steelbooks<\/a><\/li><li class='ez-toc-page-1 ez-toc-heading-level-2'><a class=\"ez-toc-link ez-toc-heading-4\" href=\"https:\/\/enfoquenoticioso.com\/?p=2877\/#Los_contenidos_adicionales\" >Los contenidos adicionales<\/a><\/li><li class='ez-toc-page-1 ez-toc-heading-level-2'><a class=\"ez-toc-link ez-toc-heading-5\" href=\"https:\/\/enfoquenoticioso.com\/?p=2877\/#En_resumidas_cuentas\" >En resumidas cuentas<\/a><\/li><\/ul><\/nav><\/div>\n<h2><span class=\"ez-toc-section\" id=\"Otros_lanzamientos\"><\/span>Otros lanzamientos<span class=\"ez-toc-section-end\"><\/span><\/h2>\n<div class=\"article-asset-image article-asset-large article-asset-center\">\n<div class=\"asset-content\">\n                   <img class=\"\" height=\"837\" width=\"1200\" loading=\"lazy\" decoding=\"async\" sizes=\"auto, 100vw\" fetchpriority=\"high\" srcset=\"https:\/\/i.blogs.es\/14f57e\/maximo-riesgo\/450_1000.jpeg 450w, https:\/\/i.blogs.es\/14f57e\/maximo-riesgo\/650_1200.jpeg 681w,https:\/\/i.blogs.es\/14f57e\/maximo-riesgo\/1024_2000.jpeg 1024w, https:\/\/i.blogs.es\/14f57e\/maximo-riesgo\/1366_2000.jpeg 1366w\" src=\"https:\/\/i.blogs.es\/14f57e\/maximo-riesgo\/450_1000.jpeg\" alt=\"Maximo Riesgo\"\/><br \/>\n   <img decoding=\"async\" alt=\"Maximo Riesgo\" class=\"\" src=\"https:\/\/i.blogs.es\/14f57e\/maximo-riesgo\/450_1000.jpeg\"\/><\/p><\/div>\n<\/div>\n<p>Esta nueva edici\u00f3n de &#8216;El Cuervo&#8217; es seguramente el lanzamiento m\u00e1s potente distribuido por Divisa durante este mes de mayo. En su primera remesa del d\u00eda 7 tambi\u00e9n se incluyen t\u00edtulos como <a href=\"https:\/\/www.espinof.com\/criticas\/chicas-malas-triunfa-su-desvergonzado-tributo-musical-a-pelicula-original-tiene-demasiado-miedo-a-romper-nostalgia-se-convierte-simple-banda-tributo\" target=\"_blank\" rel=\"noopener\">&#8216;Chicas malas&#8217;<\/a>, tanto <a href=\"https:\/\/www.espinof.com\/criticas\/comedias-adolescentes-miticas-ultimas-decadas-puedes-ver-amazon-prime-video-mejores-peliculas-lindsay-lohan-creo-famoso-aniversario\" target=\"_blank\" rel=\"noopener\">la versi\u00f3n original<\/a> como su reciente remake, <a href=\"https:\/\/www.espinof.com\/criticas\/el-cazador-conmovedor-relato-de-una-amistad\" target=\"_blank\" rel=\"noopener\">&#8216;El cazador&#8217;<\/a>, el aclamado largometraje de Michael Cimino, <a href=\"https:\/\/www.espinof.com\/criticas\/criticas-a-la-carta-maximo-riesgo-de-renny-harlin\" target=\"_blank\" rel=\"noopener\">&#8216;M\u00e1ximo Riesgo&#8217;<\/a>, una de las mejores pel\u00edculas de acci\u00f3n de Sylvester Stallone, o <strong>&#8216;Pepi, Luci, Bom y otras chicas del mont\u00f3n&#8217;<\/strong>, la \u00f3pera prima de Pedro Almod\u00f3var.<\/p>\n<p><!-- BREAK 3 --> <\/p>\n<div class=\"article-asset article-asset-normal article-asset-center\">\n<div class=\"desvio-container\">\n<div class=\"desvio\">\n<div class=\"desvio-figure js-desvio-figure\">\n    <a href=\"https:\/\/www.espinof.com\/listas\/mejores-peliculas-superheroes-decada-2010-2019\" target=\"_blank\" rel=\"noopener\"><br \/>\n     <img loading=\"lazy\" decoding=\"async\" alt=\"Las 29 mejores pel\u00edculas de superh\u00e9roes de la d\u00e9cada (2010-2019)\" width=\"375\" height=\"142\" src=\"https:\/\/i.blogs.es\/35294a\/mejores-peliculas-superheroes\/375_142.jpeg\"\/><br \/>\n    <\/a>\n   <\/div>\n<\/p><\/div>\n<\/p><\/div>\n<\/div>\n<p>Ya el d\u00eda 28 ser\u00e1 el turno de <a href=\"https:\/\/www.espinof.com\/criticas\/hasta-que-llego-su-hora-sergio-leone-y-la-fabula-i\" target=\"_blank\" rel=\"noopener\">&#8216;Hasta que lleg\u00f3 en su hora&#8217;<\/a>, una obra maestra del western dirigida por Sergio Leone de la que tambi\u00e9n se pone a la venta <a rel=\"nofollow, sponsored, noopener, noreferrer noopener\" target=\"_blank\" class=\"js-ecommerce\" href=\"https:\/\/www.espinof.com\/redirect?url=https%3A%2F%2Fwww.amazon.es%2Fgp%2Fproduct%2FB0D14ZW27R%2F&amp;category=estrenos&amp;ecomPostExpiration=perish&amp;postId=237191\" data-vars-affiliate-url=\"https:\/\/www.espinof.com\/redirect?url=https%3A%2F%2Fwww.amazon.es%2Fgp%2Fproduct%2FB0D14ZW27R%2F&amp;category=estrenos&amp;ecomPostExpiration=perish&amp;postId=237191\">una edici\u00f3n para coleccionistas<\/a>, <strong>&#8216;Bob Marley: One Love&#8217;,<\/strong> el reciente biopic del famoso cantante, o <a href=\"https:\/\/www.espinof.com\/criticas\/tierra-prometida-parece-seca-como-campo-cultivar-al-final-mads-mikkelsen-consigue-regalarnos-excelente-cosecha-cinematografica\" target=\"_blank\" rel=\"noopener\">&#8216;La Tierra Prometida&#8217;<\/a>, la aclamada pel\u00edcula liderada por Mads Mikkelsen. Sin embargo, ahora toca centrarnos en exclusiva en &#8216;El Cuervo&#8217;, m\u00e1s concretamente en <strong>sus dos ediciones en steelbook que se han puesto a la venta a un precio de 31,99 euros.<\/strong><\/p>\n<p><!-- BREAK 4 --><\/p>\n<h2><span class=\"ez-toc-section\" id=\"%E2%80%98El_cuervo\"><\/span>&#8216;El cuervo&#8217;<span class=\"ez-toc-section-end\"><\/span><\/h2>\n<p>Por lo que he podido comprobar, <strong>la nueva restauraci\u00f3n de &#8216;El Cuervo&#8217;<\/strong> se merece una nota muy alta, ya que la pel\u00edcula en UHD cuenta con una potencia visual indiscutible que adem\u00e1s sabe lidiar muy bien con la gran presencia de escenas oscuras, mientras que el audio tambi\u00e9n luce de maravilla, en especial la pista en versi\u00f3n original en DTS-HD Master Audio 5.1. A eso tambi\u00e9n pod\u00e9is acceder a trav\u00e9s de la <a rel=\"nofollow, sponsored, noopener, noreferrer noopener\" target=\"_blank\" class=\"js-ecommerce\" href=\"https:\/\/www.espinof.com\/redirect?url=https%3A%2F%2Fwww.amazon.es%2Fgp%2Fproduct%2FB0D14ZH62V%2F&amp;category=estrenos&amp;ecomPostExpiration=perish&amp;postId=237191\" data-vars-affiliate-url=\"https:\/\/www.espinof.com\/redirect?url=https%3A%2F%2Fwww.amazon.es%2Fgp%2Fproduct%2FB0D14ZH62V%2F&amp;category=estrenos&amp;ecomPostExpiration=perish&amp;postId=237191\">edici\u00f3n sencilla en UHD a un precio de 25,99 euros<\/a>, pero pasemos ya con los steelbooks:<\/p>\n<p><!-- BREAK 5 --><\/p>\n<h2><span class=\"ez-toc-section\" id=\"Asi_son_los_steelbooks\"><\/span>As\u00ed son los steelbooks<span class=\"ez-toc-section-end\"><\/span><\/h2>\n<div class=\"article-asset-image article-asset-large article-asset-center\">\n<div class=\"asset-content\">\n                   <img class=\"\" height=\"1906\" width=\"4000\" loading=\"lazy\" decoding=\"async\" sizes=\"auto, 100vw\" fetchpriority=\"high\" srcset=\"https:\/\/i.blogs.es\/5a78d7\/steelbook-1-abierto\/450_1000.jpeg 450w, https:\/\/i.blogs.es\/5a78d7\/steelbook-1-abierto\/650_1200.jpeg 681w,https:\/\/i.blogs.es\/5a78d7\/steelbook-1-abierto\/1024_2000.jpeg 1024w, https:\/\/i.blogs.es\/5a78d7\/steelbook-1-abierto\/1366_2000.jpeg 1366w\" src=\"https:\/\/i.blogs.es\/5a78d7\/steelbook-1-abierto\/450_1000.jpeg\" alt=\"Steelbook 1 Abierto\"\/><br \/>\n   <img decoding=\"async\" alt=\"Steelbook 1 Abierto\" class=\"\" src=\"https:\/\/i.blogs.es\/5a78d7\/steelbook-1-abierto\/450_1000.jpeg\"\/><\/p><\/div>\n<\/div>\n<p>La primera opci\u00f3n opta por potenciar la oscuridad de la pel\u00edcula, incluyendo una imagen en primer plano de Brandon Lee en la parte frontal y un logo del cuervo en la trasera. Ambas elecciones sencillas pero acertadas para dar forma a un steelbook de lo m\u00e1s elegante.<\/p>\n<p><!-- BREAK 6 --> <\/p>\n<div class=\"article-asset-image article-asset-large article-asset-center\">\n<div class=\"asset-content\">\n                   <img class=\"\" height=\"2128\" width=\"4000\" loading=\"lazy\" decoding=\"async\" sizes=\"auto, 100vw\" fetchpriority=\"high\" srcset=\"https:\/\/i.blogs.es\/94636e\/steelbook-2-abierto\/450_1000.jpeg 450w, https:\/\/i.blogs.es\/94636e\/steelbook-2-abierto\/650_1200.jpeg 681w,https:\/\/i.blogs.es\/94636e\/steelbook-2-abierto\/1024_2000.jpeg 1024w, https:\/\/i.blogs.es\/94636e\/steelbook-2-abierto\/1366_2000.jpeg 1366w\" src=\"https:\/\/i.blogs.es\/94636e\/steelbook-2-abierto\/450_1000.jpeg\" alt=\"Steelbook 2 Abierto\"\/><br \/>\n   <img decoding=\"async\" alt=\"Steelbook 2 Abierto\" class=\"\" src=\"https:\/\/i.blogs.es\/94636e\/steelbook-2-abierto\/450_1000.jpeg\"\/><\/p><\/div>\n<\/div>\n<p>La segunda versi\u00f3n potencia m\u00e1s la condici\u00f3n de \u00e1ngel vengador del personaje de Lee y tambi\u00e9n se acuerda de la enorme importancia de la lluvia en la pel\u00edcula para ofrecer un dise\u00f1o de fondo m\u00e1s vistoso sin traicionar en ning\u00fan momento lo que es &#8216;El Cuervo&#8217;.<\/p>\n<p><!-- BREAK 7 --><\/p>\n<div class=\"article-asset-image article-asset-large article-asset-center\">\n<div class=\"asset-content\">\n                   <img class=\"\" height=\"1413\" width=\"3841\" loading=\"lazy\" decoding=\"async\" sizes=\"auto, 100vw\" fetchpriority=\"high\" srcset=\"https:\/\/i.blogs.es\/9819e2\/interior\/450_1000.jpeg 450w, https:\/\/i.blogs.es\/9819e2\/interior\/650_1200.jpeg 681w,https:\/\/i.blogs.es\/9819e2\/interior\/1024_2000.jpeg 1024w, https:\/\/i.blogs.es\/9819e2\/interior\/1366_2000.jpeg 1366w\" src=\"https:\/\/i.blogs.es\/9819e2\/interior\/450_1000.jpeg\" alt=\"Interior\"\/><br \/>\n   <img decoding=\"async\" alt=\"Interior\" class=\"\" src=\"https:\/\/i.blogs.es\/9819e2\/interior\/450_1000.jpeg\"\/><\/p><\/div>\n<\/div>\n<p>En lo referente a la parte interior no hay cambios, ya que las dos versiones incluyen la misma imagen que funciona a modo de logo de la pel\u00edcula desde su estreno.<\/p>\n<p><!-- BREAK 8 --><\/p>\n<div class=\"article-asset-image article-asset-large article-asset-center\">\n<div class=\"asset-content\">\n                   <img class=\"\" height=\"2464\" width=\"5730\" loading=\"lazy\" decoding=\"async\" sizes=\"auto, 100vw\" fetchpriority=\"high\" srcset=\"https:\/\/i.blogs.es\/9f5886\/delantero\/450_1000.jpeg 450w, https:\/\/i.blogs.es\/9f5886\/delantero\/650_1200.jpeg 681w,https:\/\/i.blogs.es\/9f5886\/delantero\/1024_2000.jpeg 1024w, https:\/\/i.blogs.es\/9f5886\/delantero\/1366_2000.jpeg 1366w\" src=\"https:\/\/i.blogs.es\/9f5886\/delantero\/450_1000.jpeg\" alt=\"Delantero\"\/><br \/>\n   <img decoding=\"async\" alt=\"Delantero\" class=\"\" src=\"https:\/\/i.blogs.es\/9f5886\/delantero\/450_1000.jpeg\"\/><\/p><\/div>\n<\/div>\n<p>Frente a frente, la parte frontal del primero impresiona m\u00e1s por la fuerza de la imagen, mientras que el segundo tiene un dise\u00f1o m\u00e1s elaborado. Muy dif\u00edcil eelegir con cu\u00e1l quedarse.<\/p>\n<p><!-- BREAK 9 --><\/p>\n<div class=\"article-asset-image article-asset-large article-asset-center\">\n<div class=\"asset-content\">\n                   <img class=\"\" height=\"1200\" width=\"2801\" loading=\"lazy\" decoding=\"async\" sizes=\"auto, 100vw\" fetchpriority=\"high\" srcset=\"https:\/\/i.blogs.es\/f043c4\/trasera\/450_1000.jpeg 450w, https:\/\/i.blogs.es\/f043c4\/trasera\/650_1200.jpeg 681w,https:\/\/i.blogs.es\/f043c4\/trasera\/1024_2000.jpeg 1024w, https:\/\/i.blogs.es\/f043c4\/trasera\/1366_2000.jpeg 1366w\" src=\"https:\/\/i.blogs.es\/f043c4\/trasera\/450_1000.jpeg\" alt=\"Trasera\"\/><br \/>\n   <img decoding=\"async\" alt=\"Trasera\" class=\"\" src=\"https:\/\/i.blogs.es\/f043c4\/trasera\/450_1000.jpeg\"\/><\/p><\/div>\n<\/div>\n<p>Justo lo mismo sucede con la parte trasera, pero personalmente creo que queda algo m\u00e1s elegante el primero por mucho que juegue en su contra que al final en el interior se viene a usar una imagen similar.<\/p>\n<p><!-- BREAK 10 --> <\/p>\n<div class=\"article-asset-image article-asset-large article-asset-center\">\n<div class=\"asset-content\">\n                   <img class=\"\" height=\"1345\" width=\"4000\" loading=\"lazy\" decoding=\"async\" sizes=\"auto, 100vw\" fetchpriority=\"high\" srcset=\"https:\/\/i.blogs.es\/41a1e9\/cantos\/450_1000.jpeg 450w, https:\/\/i.blogs.es\/41a1e9\/cantos\/650_1200.jpeg 681w,https:\/\/i.blogs.es\/41a1e9\/cantos\/1024_2000.jpeg 1024w, https:\/\/i.blogs.es\/41a1e9\/cantos\/1366_2000.jpeg 1366w\" src=\"https:\/\/i.blogs.es\/41a1e9\/cantos\/450_1000.jpeg\" alt=\"Cantos\"\/><br \/>\n   <img decoding=\"async\" alt=\"Cantos\" class=\"\" src=\"https:\/\/i.blogs.es\/41a1e9\/cantos\/450_1000.jpeg\"\/><\/p><\/div>\n<\/div>\n<p>Eso s\u00ed, en el canto gana el segundo con diferencia, ya que la presencia de la lluvia y esos colores azules le dotan de una mayor personalidad. Eso es especialmente importante cuando uno recuerda que la pel\u00edcula va a ir junto a muchos otras en nuestras colecciones, donde seguro que habr\u00e1 m\u00e1s cantos negros&#8230;<\/p>\n<p><!-- BREAK 11 --><\/p>\n<div class=\"article-asset-image article-asset-large article-asset-center\">\n<div class=\"asset-content\">\n                   <img class=\"\" height=\"2509\" width=\"2884\" loading=\"lazy\" decoding=\"async\" sizes=\"auto, 100vw\" fetchpriority=\"high\" srcset=\"https:\/\/i.blogs.es\/15b2b1\/steelbooks-abiertos\/450_1000.jpeg 450w, https:\/\/i.blogs.es\/15b2b1\/steelbooks-abiertos\/650_1200.jpeg 681w,https:\/\/i.blogs.es\/15b2b1\/steelbooks-abiertos\/1024_2000.jpeg 1024w, https:\/\/i.blogs.es\/15b2b1\/steelbooks-abiertos\/1366_2000.jpeg 1366w\" src=\"https:\/\/i.blogs.es\/15b2b1\/steelbooks-abiertos\/450_1000.jpeg\" alt=\"Steelbooks Abiertos\"\/><br \/>\n   <img decoding=\"async\" alt=\"Steelbooks Abiertos\" class=\"\" src=\"https:\/\/i.blogs.es\/15b2b1\/steelbooks-abiertos\/450_1000.jpeg\"\/><\/p><\/div>\n<\/div>\n<p>Lo dicho, muy dif\u00edcil elegir, ya que creo que ambos lucen de maravilla.<\/p>\n<div class=\"article-asset-image article-asset-large article-asset-center\">\n<div class=\"asset-content\">\n                   <img class=\"\" height=\"1843\" width=\"4000\" loading=\"lazy\" decoding=\"async\" sizes=\"auto, 100vw\" fetchpriority=\"high\" srcset=\"https:\/\/i.blogs.es\/254502\/funda-delantera\/450_1000.jpeg 450w, https:\/\/i.blogs.es\/254502\/funda-delantera\/650_1200.jpeg 681w,https:\/\/i.blogs.es\/254502\/funda-delantera\/1024_2000.jpeg 1024w, https:\/\/i.blogs.es\/254502\/funda-delantera\/1366_2000.jpeg 1366w\" src=\"https:\/\/i.blogs.es\/254502\/funda-delantera\/450_1000.jpeg\" alt=\"Funda Delantera\"\/><br \/>\n   <img decoding=\"async\" alt=\"Funda Delantera\" class=\"\" src=\"https:\/\/i.blogs.es\/254502\/funda-delantera\/450_1000.jpeg\"\/><\/p><\/div>\n<\/div>\n<p>Un toque de distinci\u00f3n importante respecto a otros steelbooks es que ambas versiones incluyen tambi\u00e9n una funda de acetato con dise\u00f1os diferentes para que brillen de forma individual aprovechando el dise\u00f1o de cada steelbook.<\/p>\n<p><!-- BREAK 12 --><\/p>\n<div class=\"article-asset-image article-asset-large article-asset-center\">\n<div class=\"asset-content\">\n                   <img class=\"\" height=\"1653\" width=\"3789\" loading=\"lazy\" decoding=\"async\" sizes=\"auto, 100vw\" fetchpriority=\"high\" srcset=\"https:\/\/i.blogs.es\/aa9668\/funda-trasera\/450_1000.jpeg 450w, https:\/\/i.blogs.es\/aa9668\/funda-trasera\/650_1200.jpeg 681w,https:\/\/i.blogs.es\/aa9668\/funda-trasera\/1024_2000.jpeg 1024w, https:\/\/i.blogs.es\/aa9668\/funda-trasera\/1366_2000.jpeg 1366w\" src=\"https:\/\/i.blogs.es\/aa9668\/funda-trasera\/450_1000.jpeg\" alt=\"Funda Trasera\"\/><br \/>\n   <img decoding=\"async\" alt=\"Funda Trasera\" class=\"\" src=\"https:\/\/i.blogs.es\/aa9668\/funda-trasera\/450_1000.jpeg\"\/><\/p><\/div>\n<\/div>\n<p>En la parte trasera s\u00ed que luce algo menos la funda, que no deja de ser un protector adicional para nuestro steelbook.<\/p>\n<p><!-- BREAK 13 --><\/p>\n<div class=\"article-asset-image article-asset-large article-asset-center\">\n<div class=\"asset-content\">\n                   <img class=\"\" height=\"1447\" width=\"4000\" loading=\"lazy\" decoding=\"async\" sizes=\"auto, 100vw\" fetchpriority=\"high\" srcset=\"https:\/\/i.blogs.es\/01c8cc\/canto-funda\/450_1000.jpeg 450w, https:\/\/i.blogs.es\/01c8cc\/canto-funda\/650_1200.jpeg 681w,https:\/\/i.blogs.es\/01c8cc\/canto-funda\/1024_2000.jpeg 1024w, https:\/\/i.blogs.es\/01c8cc\/canto-funda\/1366_2000.jpeg 1366w\" src=\"https:\/\/i.blogs.es\/01c8cc\/canto-funda\/450_1000.jpeg\" alt=\"Canto Funda\"\/><br \/>\n   <img decoding=\"async\" alt=\"Canto Funda\" class=\"\" src=\"https:\/\/i.blogs.es\/01c8cc\/canto-funda\/450_1000.jpeg\"\/><\/p><\/div>\n<\/div>\n<p>Un peque\u00f1o detalle que me ha gustado mucho de la funda es que tambi\u00e9n se hace una diferenciaci\u00f3n clara en el canto, tanto en la imagen utilizada en la parte superior como en el color utilizado para el t\u00edtulo de la pel\u00edcula, negro en una de ellas y con tonos rojizos en la otra.<\/p>\n<p><!-- BREAK 14 --><\/p>\n<div class=\"article-asset article-asset-normal article-asset-center\">\n<div class=\"desvio-container\">\n<div class=\"desvio\">\n<div class=\"desvio-figure js-desvio-figure\">\n    <a href=\"https:\/\/www.espinof.com\/otros\/steelbooks-salvacion-formato-fisico-horas-bajas-moda-pasajera-asi-se-ve-situacion-dentro-mercado-espanol\" target=\"_blank\" rel=\"noopener\"><br \/>\n     <img loading=\"lazy\" decoding=\"async\" alt=\"Los steelbooks, \u00bfsalvaci\u00f3n de un formato f\u00edsico en horas bajas o una moda pasajera? As\u00ed se ve la situaci\u00f3n desde dentro del mercado espa\u00f1ol\" width=\"375\" height=\"142\" src=\"https:\/\/i.blogs.es\/d041f7\/steelbooks\/375_142.jpeg\"\/><br \/>\n    <\/a>\n   <\/div>\n<\/p><\/div>\n<\/p><\/div>\n<\/div>\n<div class=\"article-asset-image article-asset-large article-asset-center\">\n<div class=\"asset-content\">\n                   <img class=\"\" height=\"1878\" width=\"4000\" loading=\"lazy\" decoding=\"async\" sizes=\"auto, 100vw\" fetchpriority=\"high\" srcset=\"https:\/\/i.blogs.es\/382cc2\/discos\/450_1000.jpeg 450w, https:\/\/i.blogs.es\/382cc2\/discos\/650_1200.jpeg 681w,https:\/\/i.blogs.es\/382cc2\/discos\/1024_2000.jpeg 1024w, https:\/\/i.blogs.es\/382cc2\/discos\/1366_2000.jpeg 1366w\" src=\"https:\/\/i.blogs.es\/382cc2\/discos\/450_1000.jpeg\" alt=\"Discos\"\/><br \/>\n   <img decoding=\"async\" alt=\"Discos\" class=\"\" src=\"https:\/\/i.blogs.es\/382cc2\/discos\/450_1000.jpeg\"\/><\/p><\/div>\n<\/div>\n<p><strong>Donde s\u00ed ha faltado un poco de creatividad es en el dise\u00f1o de los discos<\/strong>, opt\u00e1ndose por un fondo negro para la copia en UHD y uno en blanco para la versi\u00f3n en blu-ray. Lucen poco, en especial el de 4K con tanto logo y calificaci\u00f3n por edades, pues solamente negro con el t\u00edtulo no habr\u00eda desentonado para nada con esta pel\u00edcula.<\/p>\n<p><!-- BREAK 15 --> <\/p>\n<h2><span class=\"ez-toc-section\" id=\"Los_contenidos_adicionales\"><\/span>Los contenidos adicionales<span class=\"ez-toc-section-end\"><\/span><\/h2>\n<div class=\"article-asset-image article-asset-large article-asset-center\">\n<div class=\"asset-content\">\n                   <img class=\"\" height=\"700\" width=\"1400\" loading=\"lazy\" decoding=\"async\" sizes=\"auto, 100vw\" fetchpriority=\"high\" srcset=\"https:\/\/i.blogs.es\/1fce55\/brandon-lee-el-cuervo\/450_1000.jpeg 450w, https:\/\/i.blogs.es\/1fce55\/brandon-lee-el-cuervo\/650_1200.jpeg 681w,https:\/\/i.blogs.es\/1fce55\/brandon-lee-el-cuervo\/1024_2000.jpeg 1024w, https:\/\/i.blogs.es\/1fce55\/brandon-lee-el-cuervo\/1366_2000.jpeg 1366w\" src=\"https:\/\/i.blogs.es\/1fce55\/brandon-lee-el-cuervo\/450_1000.jpeg\" alt=\"Brandon Lee El Cuervo\"\/><br \/>\n   <img decoding=\"async\" alt=\"Brandon Lee El Cuervo\" class=\"\" src=\"https:\/\/i.blogs.es\/1fce55\/brandon-lee-el-cuervo\/450_1000.jpeg\"\/><\/p><\/div>\n<\/div>\n<p>De nuevo, todos los extras est\u00e1n tambi\u00e9n disponibles en la edici\u00f3n sencilla en UHD -aqu\u00ed os aviso de que vais a perder todos los contenidos adicionales si quer\u00e9is compraros la pel\u00edcula solamente en blu-ray-. Hay una cantidad bastante ampl\u00eda de ellos, entre algunos disponibles desde hace tiempo que se han recuperado para la ocasi\u00f3n y dos que se han realizado de forma expresa para esta edici\u00f3n:<\/p>\n<p><!-- BREAK 16 --><\/p>\n<ul>\n<li><strong>Dos audiocomentarios<\/strong>. El primero con <strong>Alex Proyas<\/strong>, director de la pel\u00edcula, y el segundo con el productor <strong>Jeff Most<\/strong> y el guionista <strong>John Shirley<\/strong>. Conviene tener en cuenta que ambos se grabaron hace tiempo, por lo que no esper\u00e9is encontrar ning\u00fan tipo de menci\u00f3n hacia un remake sobre el que Proyas <a href=\"https:\/\/www.espinof.com\/directores-y-guionistas\/cuervo-no-solo-pelicula-brandon-lee-murio-deberia-seguir-siendo-su-legado-alex-proyas-dicta-sentencia-remake-su-clasico-90\" target=\"_blank\" rel=\"noopener\">ha mostrado su rechazo<\/a> en m\u00faltiples ocasiones. Y si ten\u00e9is especial inter\u00e9s en saber c\u00f3mo se manej\u00f3 la tr\u00e1gica muerte de Lee, es Most quien m\u00e1s habla al respecto, siendo adem\u00e1s quien lleva la voz cantante en ese audiocomentario en el que tambi\u00e9n se habla de las influencias que tiene la pel\u00edcula. Por su parte, Proyas se centra en el proceso de adaptaci\u00f3n, por qu\u00e9 tom\u00f3 las decisiones que aplic\u00f3 a la pel\u00edcula y c\u00f3mo influy\u00f3 en todo las limitaciones presupuestarias a las que tuvo que enfrentarse.<\/li>\n<li><strong>Sangre y dolor: Dise\u00f1ando The Crow<\/strong> (24:10) es uno de los extras nuevos. Dividido en tres segmentos (se pueden ver tambi\u00e9n por separado), en los cuales el dise\u00f1ador de producci\u00f3n <strong>Alex McDowell<\/strong> repasa diferentes aspectos de la pel\u00edcula, desde el hecho de que la m\u00fasica sirve como hilo conductor de la pel\u00edcula hasta c\u00f3mo fue trabajar con Brandon Lee -al respecto habla alrededor del minuto 20, por si ten\u00e9is especial inter\u00e9s en ello- o la importancia de la fotograf\u00eda de <strong>Dariusz Wolsk<\/strong>.<\/li>\n<\/ul>\n<div class=\"article-asset article-asset-normal article-asset-center\">\n<div class=\"desvio-container\">\n<div class=\"desvio\">\n<div class=\"desvio-figure js-desvio-figure\">\n    <a href=\"https:\/\/www.espinof.com\/listas\/publico-elige-7-mejores-peliculas-superheroes-historia-hay-4-universo-cinematografico-marvel-0-dc\" target=\"_blank\" rel=\"noopener\"><br \/>\n     <img loading=\"lazy\" decoding=\"async\" alt=\"El p\u00fablico elige las 7 mejores pel\u00edculas de superh\u00e9roes de la historia. Hay 4 del Universo Cinematogr\u00e1fico de Marvel, pero 0 de DC\" width=\"375\" height=\"142\" src=\"https:\/\/i.blogs.es\/182b33\/endgame\/375_142.jpeg\"\/><br \/>\n    <\/a>\n   <\/div>\n<\/p><\/div>\n<\/p><\/div>\n<\/div>\n<ul>\n<li><strong>Entrevista con Edward R. Pressman<\/strong> (13:24) es el otro contenido adicional nuevo. <strong>Paul Hern\u00e1ndez<\/strong> entrevista al tristemente ya fallecido productor de la pel\u00edcula. Es una charla que empieza hablando del merchandising de la pel\u00edcula pero acaba entrando en otros temas de su longeva carrera en el cine c\u00f3mo lo arriesgada que era una pel\u00edcula as\u00ed entonces o que <a href=\"https:\/\/www.espinof.com\/criticas\/40-anos-conan-barbaro-gran-epica-cafre-que-cambio-cine-fantasia-descubrio-a-arnold-schwarzenegger-no-podria-estrenarse-hoy\" target=\"_blank\" rel=\"noopener\">&#8216;Conan, el b\u00e1rbaro&#8217;<\/a> fue una pel\u00edcula clave para \u00e9l.<\/li>\n<li><strong>Detr\u00e1s de las c\u00e1maras<\/strong> (16:33) es una pieza documental de la \u00e9poca en la que destacan las declaraciones de Brandon Lee, sobre todo cuando habla de c\u00f3mo afecta la muerte al personaje. Tambi\u00e9n incluye im\u00e1genes del rodaje y entrevistas con otros implicados.<\/li>\n<li><strong>Perfil de James O&#8217;Barr<\/strong> (33:26). Una entrevista minuciosa y profunda al autor del c\u00f3mic original, en la cual, por ejemplo, no tiene problemas en hablar de c\u00f3mo una tragedia personal, la muerte de su prometida en un accidente de coche por culpa de otro conductor que iba borracho, fue la impulsora del c\u00f3mic y le fue de gran ayuda para lidiar con una experiencia tan dolorosa.<\/li>\n<li><strong>Escenas extendidas<\/strong> (11:32). Se incluyen tres, que puedes ver tanto por separado como de forma conjunta. Un buen a\u00f1adido para conocer un poco mejor qu\u00e9 cosas se quedaron fuera.<\/li>\n<li><strong>Escenas eliminadas<\/strong> (5:26). No es una selecci\u00f3n al uso de escenas eliminadas, ya que se ha optado por hacer un montaje con diferentes momentos que no se incluyeron en la pel\u00edcula, y en alg\u00fan caso hasta vemos al equipo de la pel\u00edcula. En su mayor parte se prescinden de los di\u00e1logos y acaba siendo m\u00e1s una curiosidad que algo que aporte realmente gran cosa.<\/li>\n<li><strong>Tr\u00e1iler<\/strong> (1:28).<\/li>\n<\/ul>\n<h2><span class=\"ez-toc-section\" id=\"En_resumidas_cuentas\"><\/span>En resumidas cuentas<span class=\"ez-toc-section-end\"><\/span><\/h2>\n<div class=\"article-asset-image article-asset-large article-asset-center\">\n<div class=\"asset-content\">\n                   <img class=\"\" height=\"1080\" width=\"1920\" loading=\"lazy\" decoding=\"async\" sizes=\"auto, 100vw\" fetchpriority=\"high\" srcset=\"https:\/\/i.blogs.es\/c77edc\/el-cuervo-cartel\/450_1000.jpeg 450w, https:\/\/i.blogs.es\/c77edc\/el-cuervo-cartel\/650_1200.jpeg 681w,https:\/\/i.blogs.es\/c77edc\/el-cuervo-cartel\/1024_2000.jpeg 1024w, https:\/\/i.blogs.es\/c77edc\/el-cuervo-cartel\/1366_2000.jpeg 1366w\" src=\"https:\/\/i.blogs.es\/c77edc\/el-cuervo-cartel\/450_1000.jpeg\" alt=\"El Cuervo Cartel\"\/><br \/>\n   <img decoding=\"async\" alt=\"El Cuervo Cartel\" class=\"\" src=\"https:\/\/i.blogs.es\/c77edc\/el-cuervo-cartel\/450_1000.jpeg\"\/><\/p><\/div>\n<\/div>\n<p><strong>Paramount se ha lucido con esta edici\u00f3n de &#8216;El Cuervo&#8217;<\/strong>, lanzando adem\u00e1s dos ediciones en caja met\u00e1lica que a buen seguro acabar\u00e1n estando muy cotizadas entre los coleccionistas de forma f\u00edsico. Adem\u00e1s, el contenido va en la l\u00ednea del continente, siendo b\u00e1sicamente la versi\u00f3n definitiva de una pel\u00edcula estrenada hace ya 30 a\u00f1os y que mantiene vigente toda su fuerza.<\/p>\n<p><!-- BREAK 17 --><\/p>\n<p>En Espinof | <a href=\"https:\/\/www.espinof.com\/estrenos\/mejor-pelicula-ciencia-ficcion-2024-que-fracaso-forma-injusta-cines-regresa-su-version-definitiva-asi-deseado-steelbook-ultimo-espectaculo-gareth-edwards\" target=\"_blank\" rel=\"noopener\">La mejor pel\u00edcula de ciencia ficci\u00f3n de 2023 que fracas\u00f3 de forma injusta en cines regresa con su versi\u00f3n definitiva: as\u00ed es el deseado steelbook del \u00faltimo espect\u00e1culo de Gareth Edwards<\/a><\/p>\n<p><!-- BREAK 18 --><\/p>\n<p>En Espinof | <a href=\"https:\/\/www.espinof.com\/listas\/peliculas-estreno-esperadas-2024\" target=\"_blank\" rel=\"noopener\">Las 48 pel\u00edculas m\u00e1s esperadas de 2024 y los mejores estrenos del a\u00f1o: &#8216;Gladiator 2&#8217;, &#8216;Deadpool 3&#8217;, vuelve &#8216;El se\u00f1or de los anillos&#8217;, &#8216;Dune 2&#8217; y muchas m\u00e1s<\/a><\/p>\n<p><!-- BREAK 19 --><\/p><\/div>\n<p><a href=\"https:\/\/www.espinof.com\/estrenos\/superheroe-oscuro-historia-regresa-version-definitiva-pelicula-mitica-30-aniversario-espectaculo-muy-diferente-a-marvel-dc-llega-estos-codiciados-steelbooks\" class=\" target=\" title=\"El superh\u00e9roe m\u00e1s oscuro de la historia regresa con la versi\u00f3n definitiva de una pel\u00edcula m\u00edtica. El 30 aniversario de un espect\u00e1culo muy diferente a Marvel y DC llega con estos codiciados steelbooks\" target=\"_blank\" rel=\"noopener\">Ver fuente<\/a><\/p>\n","protected":false},"excerpt":{"rendered":"<p>Este 2024 ser\u00e1 el a\u00f1o del estreno de una nueva versi\u00f3n de &#8216;El Cuervo&#8217; con Bill Skarsg\u00e5rd dando vida al personaje creado por James O&#8217;Barr y que para muchos siempre tendr\u00e1 el rostro de Brandon Lee. El actor falleci\u00f3 a mitad del rodaje de la m\u00edtica pel\u00edcula lanzada hace ya 30 a\u00f1os, la cual vuelve [&hellip;]<\/p>\n","protected":false},"author":2,"featured_media":2878,"comment_status":"open","ping_status":"closed","sticky":false,"template":"","format":"standard","meta":{"footnotes":""},"categories":[8],"tags":[],"class_list":["post-2877","post","type-post","status-publish","format-standard","has-post-thumbnail","hentry","category-entretenimiento"],"_links":{"self":[{"href":"https:\/\/enfoquenoticioso.com\/index.php?rest_route=\/wp\/v2\/posts\/2877","targetHints":{"allow":["GET"]}}],"collection":[{"href":"https:\/\/enfoquenoticioso.com\/index.php?rest_route=\/wp\/v2\/posts"}],"about":[{"href":"https:\/\/enfoquenoticioso.com\/index.php?rest_route=\/wp\/v2\/types\/post"}],"author":[{"embeddable":true,"href":"https:\/\/enfoquenoticioso.com\/index.php?rest_route=\/wp\/v2\/users\/2"}],"replies":[{"embeddable":true,"href":"https:\/\/enfoquenoticioso.com\/index.php?rest_route=%2Fwp%2Fv2%2Fcomments&post=2877"}],"version-history":[{"count":0,"href":"https:\/\/enfoquenoticioso.com\/index.php?rest_route=\/wp\/v2\/posts\/2877\/revisions"}],"wp:featuredmedia":[{"embeddable":true,"href":"https:\/\/enfoquenoticioso.com\/index.php?rest_route=\/wp\/v2\/media\/2878"}],"wp:attachment":[{"href":"https:\/\/enfoquenoticioso.com\/index.php?rest_route=%2Fwp%2Fv2%2Fmedia&parent=2877"}],"wp:term":[{"taxonomy":"category","embeddable":true,"href":"https:\/\/enfoquenoticioso.com\/index.php?rest_route=%2Fwp%2Fv2%2Fcategories&post=2877"},{"taxonomy":"post_tag","embeddable":true,"href":"https:\/\/enfoquenoticioso.com\/index.php?rest_route=%2Fwp%2Fv2%2Ftags&post=2877"}],"curies":[{"name":"wp","href":"https:\/\/api.w.org\/{rel}","templated":true}]}}