{"id":2888,"date":"2024-05-19T18:29:07","date_gmt":"2024-05-19T18:29:07","guid":{"rendered":"https:\/\/enfoquenoticioso.com\/tecnologia\/mediamarkt-cierra-el-fin-de-semana-con-grandes-ofertas-en-nuevas-smart-tvs-portatiles-dispositivos-de-apple-y-mas\/"},"modified":"2024-05-19T18:29:07","modified_gmt":"2024-05-19T18:29:07","slug":"mediamarkt-cierra-el-fin-de-semana-con-grandes-ofertas-en-nuevas-smart-tvs-portatiles-dispositivos-de-apple-y-mas","status":"publish","type":"post","link":"https:\/\/enfoquenoticioso.com\/?p=2888","title":{"rendered":"MediaMarkt cierra el fin de semana con grandes ofertas en nuevas smart TVs, port\u00e1tiles, dispositivos de Apple y m\u00e1s"},"content":{"rendered":"<div>\n<p>Para cerrar una semana m\u00e1s por todo lo alto, ahora en <strong>MediaMarkt <\/strong>puedes aprovechar las diferentes promociones y campa\u00f1as para ahorrar dinero en televisores, dispositivos de Apple o port\u00e1tiles, entre otras muchas m\u00e1s cosas. A continuaci\u00f3n, vamos a repasar <strong>cinco chollos que puedes encontrar rebajados por tiempo limitado<\/strong>.<\/p>\n<p><!-- BREAK 1 --> <\/p>\n<div id=\"ez-toc-container\" class=\"ez-toc-v2_0_81 counter-hierarchy ez-toc-counter ez-toc-grey ez-toc-container-direction\">\n<div class=\"ez-toc-title-container\">\n<p class=\"ez-toc-title\" style=\"cursor:inherit\">Tabla de Contenido<\/p>\n<span class=\"ez-toc-title-toggle\"><a href=\"#\" class=\"ez-toc-pull-right ez-toc-btn ez-toc-btn-xs ez-toc-btn-default ez-toc-toggle\" aria-label=\"Alternar tabla de contenidos\"><span class=\"ez-toc-js-icon-con\"><span class=\"\"><span class=\"eztoc-hide\" style=\"display:none;\">Toggle<\/span><span class=\"ez-toc-icon-toggle-span\"><svg style=\"fill: #999;color:#999\" xmlns=\"http:\/\/www.w3.org\/2000\/svg\" class=\"list-377408\" width=\"20px\" height=\"20px\" viewBox=\"0 0 24 24\" fill=\"none\"><path d=\"M6 6H4v2h2V6zm14 0H8v2h12V6zM4 11h2v2H4v-2zm16 0H8v2h12v-2zM4 16h2v2H4v-2zm16 0H8v2h12v-2z\" fill=\"currentColor\"><\/path><\/svg><svg style=\"fill: #999;color:#999\" class=\"arrow-unsorted-368013\" xmlns=\"http:\/\/www.w3.org\/2000\/svg\" width=\"10px\" height=\"10px\" viewBox=\"0 0 24 24\" version=\"1.2\" baseProfile=\"tiny\"><path d=\"M18.2 9.3l-6.2-6.3-6.2 6.3c-.2.2-.3.4-.3.7s.1.5.3.7c.2.2.4.3.7.3h11c.3 0 .5-.1.7-.3.2-.2.3-.5.3-.7s-.1-.5-.3-.7zM5.8 14.7l6.2 6.3 6.2-6.3c.2-.2.3-.5.3-.7s-.1-.5-.3-.7c-.2-.2-.4-.3-.7-.3h-11c-.3 0-.5.1-.7.3-.2.2-.3.5-.3.7s.1.5.3.7z\"\/><\/svg><\/span><\/span><\/span><\/a><\/span><\/div>\n<nav><ul class='ez-toc-list ez-toc-list-level-1 ' ><li class='ez-toc-page-1 ez-toc-heading-level-2'><a class=\"ez-toc-link ez-toc-heading-1\" href=\"https:\/\/enfoquenoticioso.com\/?p=2888\/#Samsung_TU43DU7175UXXC\" >Samsung TU43DU7175UXXC<\/a><\/li><li class='ez-toc-page-1 ez-toc-heading-level-2'><a class=\"ez-toc-link ez-toc-heading-2\" href=\"https:\/\/enfoquenoticioso.com\/?p=2888\/#iPhone_14_Plus\" >iPhone 14 Plus<\/a><\/li><li class='ez-toc-page-1 ez-toc-heading-level-2'><a class=\"ez-toc-link ez-toc-heading-3\" href=\"https:\/\/enfoquenoticioso.com\/?p=2888\/#Beats_Studio_Pro\" >Beats Studio Pro<\/a><\/li><li class='ez-toc-page-1 ez-toc-heading-level-2'><a class=\"ez-toc-link ez-toc-heading-4\" href=\"https:\/\/enfoquenoticioso.com\/?p=2888\/#MSI_Modern_15_B7M-039XES\" >MSI Modern 15 B7M-039XES<\/a><\/li><li class='ez-toc-page-1 ez-toc-heading-level-2'><a class=\"ez-toc-link ez-toc-heading-5\" href=\"https:\/\/enfoquenoticioso.com\/?p=2888\/#Apple_AirTag\" >Apple AirTag<\/a><\/li><\/ul><\/nav><\/div>\n<h2><span class=\"ez-toc-section\" id=\"Samsung_TU43DU7175UXXC\"><\/span>Samsung TU43DU7175UXXC<span class=\"ez-toc-section-end\"><\/span><\/h2>\n<div class=\"article-asset-image article-asset-normal article-asset-center\">\n<div class=\"asset-content\">\n                    <a rel=\"nofollow, sponsored, noopener, noreferrer noopener\" target=\"_blank\" class=\"js-ecommerce\" href=\"https:\/\/www.xataka.com\/redirect?url=https%3A%2F%2Fwww.mediamarkt.es%2Fes%2Fproduct%2F_tv-led-43-samsung-tu43du7175uxxc-uhd-4k-procesador-crystal-4k-smart-tv-dvb-t2-h265-negro-1572033.html&amp;category=seleccion&amp;ecomPostExpiration=perish&amp;postId=301598\" data-vars-affiliate-url=\"https:\/\/www.xataka.com\/redirect?url=https%3A%2F%2Fwww.mediamarkt.es%2Fes%2Fproduct%2F_tv-led-43-samsung-tu43du7175uxxc-uhd-4k-procesador-crystal-4k-smart-tv-dvb-t2-h265-negro-1572033.html&amp;category=seleccion&amp;ecomPostExpiration=perish&amp;postId=301598\"><br \/>\n         <img class=\"centro_sinmarco\" height=\"500\" width=\"1000\" loading=\"lazy\" decoding=\"async\" sizes=\"auto, 100vw\" fetchpriority=\"high\" srcset=\"https:\/\/i.blogs.es\/ff5e06\/comprar-nueva-television-samsung-mejor-precio-mediamarkt\/450_1000.jpeg 450w, https:\/\/i.blogs.es\/ff5e06\/comprar-nueva-television-samsung-mejor-precio-mediamarkt\/650_1200.jpeg 681w,https:\/\/i.blogs.es\/ff5e06\/comprar-nueva-television-samsung-mejor-precio-mediamarkt\/1024_2000.jpeg 1024w, https:\/\/i.blogs.es\/ff5e06\/comprar-nueva-television-samsung-mejor-precio-mediamarkt\/1366_2000.jpeg 1366w\" src=\"https:\/\/i.blogs.es\/ff5e06\/comprar-nueva-television-samsung-mejor-precio-mediamarkt\/450_1000.jpeg\" alt=\"comprar-nueva-televisi\u00f3n-samsung-mejor-precio-mediamarkt\"\/><br \/>\n    <img decoding=\"async\" alt=\"comprar-nueva-televisi\u00f3n-samsung-mejor-precio-mediamarkt\" class=\"centro_sinmarco\" src=\"https:\/\/i.blogs.es\/ff5e06\/comprar-nueva-television-samsung-mejor-precio-mediamarkt\/450_1000.jpeg\"\/><br \/>\n     <\/a><\/p><\/div>\n<\/div>\n<p>\u00bfEst\u00e1s pensando en cambiar tu viejo televisor por uno nuevo? Si quieres ir a la \u00faltima, ahora tienes una gran oportunidad para hacerte con esta <strong>Samsung TU43DU7175UXXC <\/strong>por unos ajustados <a rel=\"nofollow, sponsored, noopener, noreferrer noopener\" target=\"_blank\" class=\"js-ecommerce\" href=\"https:\/\/www.xataka.com\/redirect?url=https%3A%2F%2Fwww.mediamarkt.es%2Fes%2Fproduct%2F_tv-led-43-samsung-tu43du7175uxxc-uhd-4k-procesador-crystal-4k-smart-tv-dvb-t2-h265-negro-1572033.html&amp;category=seleccion&amp;ecomPostExpiration=perish&amp;postId=301598\" data-vars-affiliate-url=\"https:\/\/www.xataka.com\/redirect?url=https%3A%2F%2Fwww.mediamarkt.es%2Fes%2Fproduct%2F_tv-led-43-samsung-tu43du7175uxxc-uhd-4k-procesador-crystal-4k-smart-tv-dvb-t2-h265-negro-1572033.html&amp;category=seleccion&amp;ecomPostExpiration=perish&amp;postId=301598\">369 euros<\/a>, en lugar de su precio recomendado de 549 euros para as\u00ed <strong>ahorrar un total de 180 euros.<\/strong><\/p>\n<p><!-- BREAK 2 --><\/p>\n<p>Esta smart TV de la gama 2024 nos ofrece una <strong>pantalla LED de 43 pulgadas <\/strong>con <strong>resoluci\u00f3n 4K<\/strong>, una tasa de <strong>60 Hz <\/strong>y compatibilidad con <a href=\"https:\/\/www.xataka.com\/televisores\/biblia-hdr-que-cuales-estandares-actuales-como-no-todo-que-dicen-que-hdr-efectivamente\" target=\"_blank\" rel=\"noopener\">HDR10, HDR10+ y HLG<\/a>. Y en cuanto a su apartado de sonido, trae incorporados dos altavoces que alcanzan una <strong>potencia RMS de 20 W<\/strong>, adem\u00e1s de que se complementan con un sonido Dolby Digital Plus y OTS Lite.<strong> <\/strong>Todo ello funcionando bajo un sistema operativo <strong>Tizen<\/strong> propio de la marca.<\/p>\n<p><!-- BREAK 3 --><br \/>\n<!-- PIVOT START --><\/p>\n<div class=\"pivot-ecommerce-container m-pivot-ecommerce-redesign article-asset-normal article-asset-center\">\n<div class=\"pivot-ecommerce\">\n<div class=\"pivot-ecommerce-figure\">\n  <a rel=\"nofollow, sponsored, noopener, noreferrer noopener\" target=\"_blank\" href=\"https:\/\/www.xataka.com\/redirect?url=https%3A%2F%2Fwww.mediamarkt.es%2Fes%2Fproduct%2F_tv-led-43-samsung-tu43du7175uxxc-uhd-4k-procesador-crystal-4k-smart-tv-dvb-t2-h265-negro-1572033.html&amp;category=seleccion&amp;pivot=1&amp;ecomPostExpiration=perish&amp;postId=301598\"><br \/>\n   <img loading=\"lazy\" decoding=\"async\" alt=\"TV LED 43&quot; - Samsung TU43DU7175UXXC, UHD 4K, Procesador Crystal 4K, Smart TV, DVB-T2 (H.265), Negro\" width=\"1800\" height=\"1800\" src=\"https:\/\/i.blogs.es\/edf861\/blob\/original.jpeg\"\/><br \/>\n  <\/a>\n  <\/div>\n<div class=\"pivot-ecommerce-summary\">\n<p class=\"pivot-ecommerce-desc\">TV LED 43&#8243; &#8211; Samsung TU43DU7175UXXC, UHD 4K, Procesador Crystal 4K, Smart TV, DVB-T2 (H.265), Negro<\/p>\n<\/p><\/div>\n<\/p><\/div>\n<p>* Alg\u00fan precio puede haber cambiado desde la \u00faltima revisi\u00f3n<\/p>\n<\/p><\/div>\n<p><!-- PIVOT END --><\/p>\n<h2><span class=\"ez-toc-section\" id=\"iPhone_14_Plus\"><\/span>iPhone 14 Plus<span class=\"ez-toc-section-end\"><\/span><\/h2>\n<div class=\"article-asset-image article-asset-normal article-asset-center\">\n<div class=\"asset-content\">\n                    <a rel=\"nofollow, sponsored, noopener, noreferrer noopener\" target=\"_blank\" class=\"js-ecommerce\" href=\"https:\/\/www.xataka.com\/redirect?url=https%3A%2F%2Fwww.mediamarkt.es%2Fes%2Fproduct%2F_apple-iphone-14-plus-blanco-estrella-128gb-5g-67-pantalla-super-retina-xdr-chip-a15-bionic-ios-1540190.html&amp;category=seleccion&amp;ecomPostExpiration=perish&amp;postId=301598\" data-vars-affiliate-url=\"https:\/\/www.xataka.com\/redirect?url=https%3A%2F%2Fwww.mediamarkt.es%2Fes%2Fproduct%2F_apple-iphone-14-plus-blanco-estrella-128gb-5g-67-pantalla-super-retina-xdr-chip-a15-bionic-ios-1540190.html&amp;category=seleccion&amp;ecomPostExpiration=perish&amp;postId=301598\"><br \/>\n         <img class=\"centro_sinmarco\" height=\"500\" width=\"1000\" loading=\"lazy\" decoding=\"async\" sizes=\"auto, 100vw\" fetchpriority=\"high\" srcset=\"https:\/\/i.blogs.es\/e750cf\/comprar-iphone-al-mejor-precio-mediamarkt\/450_1000.jpeg 450w, https:\/\/i.blogs.es\/e750cf\/comprar-iphone-al-mejor-precio-mediamarkt\/650_1200.jpeg 681w,https:\/\/i.blogs.es\/e750cf\/comprar-iphone-al-mejor-precio-mediamarkt\/1024_2000.jpeg 1024w, https:\/\/i.blogs.es\/e750cf\/comprar-iphone-al-mejor-precio-mediamarkt\/1366_2000.jpeg 1366w\" src=\"https:\/\/i.blogs.es\/e750cf\/comprar-iphone-al-mejor-precio-mediamarkt\/450_1000.jpeg\" alt=\"comprar-iphone-al-mejor-precio-mediamarkt\"\/><br \/>\n    <img decoding=\"async\" alt=\"comprar-iphone-al-mejor-precio-mediamarkt\" class=\"centro_sinmarco\" src=\"https:\/\/i.blogs.es\/e750cf\/comprar-iphone-al-mejor-precio-mediamarkt\/450_1000.jpeg\"\/><br \/>\n     <\/a><\/p><\/div>\n<\/div>\n<p>Conforme pasa el tiempo, los tel\u00e9fonos de Apple siguen bajando de precio y el <a href=\"https:\/\/www.xataka.com\/analisis\/apple-iphone-14-plus-analisis-caracteristicas-precio-especificaciones\" target=\"_blank\" rel=\"noopener\">iPhone 14 Plus<\/a><strong> <\/strong>se presenta como una gran opci\u00f3n para quienes buscan un terminal m\u00e1s o menos actual y potente por <a rel=\"nofollow, sponsored, noopener, noreferrer noopener\" target=\"_blank\" class=\"js-ecommerce\" href=\"https:\/\/www.xataka.com\/redirect?url=https%3A%2F%2Fwww.mediamarkt.es%2Fes%2Fproduct%2F_apple-iphone-14-plus-blanco-estrella-128gb-5g-67-pantalla-super-retina-xdr-chip-a15-bionic-ios-1540190.html&amp;category=seleccion&amp;ecomPostExpiration=perish&amp;postId=301598\" data-vars-affiliate-url=\"https:\/\/www.xataka.com\/redirect?url=https%3A%2F%2Fwww.mediamarkt.es%2Fes%2Fproduct%2F_apple-iphone-14-plus-blanco-estrella-128gb-5g-67-pantalla-super-retina-xdr-chip-a15-bionic-ios-1540190.html&amp;category=seleccion&amp;ecomPostExpiration=perish&amp;postId=301598\">749 euros<\/a>, dejando atr\u00e1s su precio anterior de 799 euros para <strong>ahorrar unos 50 euros<\/strong> m\u00e1s con su compra.<\/p>\n<p><!-- BREAK 4 --><\/p>\n<p>Este modelo destaca a simple vista por su tama\u00f1o, pues es mayor que la versi\u00f3n m\u00e1s b\u00e1sica al contar con una <strong>pantalla OLED Retina de 6,7 pulgadas<\/strong>, la cual nos brinda una resoluci\u00f3n de <strong>2.778 x 1.284 p\u00edxeles<\/strong>, tasa de <strong>60 Hz<\/strong>, brillo de 1.200 nits y tecnolog\u00eda True Tone.<\/p>\n<p><!-- BREAK 5 --><\/p>\n<p>Por otro lado, cabe mencionar que viene impulsado por un <strong>procesador Apple A15 Bionic<\/strong> que se complementa de una memoria RAM de 6 GB y un almacenamiento de 128 GB. Sin olvidarnos de que tiene una doble <strong>c\u00e1mara trasera y frontal de 12 MP <\/strong>y funciona con el actual sistema operativo <a href=\"https:\/\/www.xataka.com\/nuevo\/ios-17-informacion\" target=\"_blank\" rel=\"noopener\">iOS 17<\/a>.<\/p>\n<p><!-- BREAK 6 --><br \/>\n<!-- PIVOT START --><\/p>\n<div class=\"pivot-ecommerce-container m-pivot-ecommerce-redesign article-asset-normal article-asset-center\">\n<div class=\"pivot-ecommerce\">\n<div class=\"pivot-ecommerce-figure\">\n  <a rel=\"nofollow, sponsored, noopener, noreferrer noopener\" target=\"_blank\" href=\"https:\/\/www.xataka.com\/redirect?url=https%3A%2F%2Fwww.mediamarkt.es%2Fes%2Fproduct%2F_apple-iphone-14-plus-blanco-estrella-128gb-5g-67-pantalla-super-retina-xdr-chip-a15-bionic-ios-1540190.html&amp;category=seleccion&amp;pivot=1&amp;ecomPostExpiration=perish&amp;postId=301598\"><br \/>\n   <img loading=\"lazy\" decoding=\"async\" alt=\"Apple iPhone 14 Plus (128 GB) - Blanco Estrella\" width=\"500\" height=\"500\" src=\"https:\/\/i.blogs.es\/3fa25c\/31xbwvkofwl._sl500_\/original.jpeg\"\/><br \/>\n  <\/a>\n  <\/div>\n<div class=\"pivot-ecommerce-summary\">\n<p class=\"pivot-ecommerce-desc\">Apple iPhone 14 Plus (128 GB) &#8211; Blanco Estrella<\/p>\n<\/p><\/div>\n<\/p><\/div>\n<p>* Alg\u00fan precio puede haber cambiado desde la \u00faltima revisi\u00f3n<\/p>\n<\/p><\/div>\n<p><!-- PIVOT END --><\/p>\n<h2><span class=\"ez-toc-section\" id=\"Beats_Studio_Pro\"><\/span>Beats Studio Pro<span class=\"ez-toc-section-end\"><\/span><\/h2>\n<div class=\"article-asset-image article-asset-normal article-asset-center\">\n<div class=\"asset-content\">\n                    <a rel=\"nofollow, sponsored, noopener, noreferrer noopener\" target=\"_blank\" class=\"js-ecommerce\" href=\"https:\/\/www.xataka.com\/redirect?url=https%3A%2F%2Fwww.mediamarkt.es%2Fes%2Fproduct%2F_auriculares-inalambricos-beats-studio-pro-cancelacion-activa-de-ruido-diadema-hasta-40h-azul-marino-1557373.html&amp;category=seleccion&amp;ecomPostExpiration=perish&amp;postId=301598\" data-vars-affiliate-url=\"https:\/\/www.xataka.com\/redirect?url=https%3A%2F%2Fwww.mediamarkt.es%2Fes%2Fproduct%2F_auriculares-inalambricos-beats-studio-pro-cancelacion-activa-de-ruido-diadema-hasta-40h-azul-marino-1557373.html&amp;category=seleccion&amp;ecomPostExpiration=perish&amp;postId=301598\"><br \/>\n         <img class=\"centro_sinmarco\" height=\"500\" width=\"1000\" loading=\"lazy\" decoding=\"async\" sizes=\"auto, 100vw\" fetchpriority=\"high\" srcset=\"https:\/\/i.blogs.es\/4c6019\/comprar-auriculares-beats-al-mejor-precio-mediamarkt\/450_1000.jpeg 450w, https:\/\/i.blogs.es\/4c6019\/comprar-auriculares-beats-al-mejor-precio-mediamarkt\/650_1200.jpeg 681w,https:\/\/i.blogs.es\/4c6019\/comprar-auriculares-beats-al-mejor-precio-mediamarkt\/1024_2000.jpeg 1024w, https:\/\/i.blogs.es\/4c6019\/comprar-auriculares-beats-al-mejor-precio-mediamarkt\/1366_2000.jpeg 1366w\" src=\"https:\/\/i.blogs.es\/4c6019\/comprar-auriculares-beats-al-mejor-precio-mediamarkt\/450_1000.jpeg\" alt=\"comprar-auriculares-beats-al-mejor-precio-mediamarkt\"\/><br \/>\n    <img decoding=\"async\" alt=\"comprar-auriculares-beats-al-mejor-precio-mediamarkt\" class=\"centro_sinmarco\" src=\"https:\/\/i.blogs.es\/4c6019\/comprar-auriculares-beats-al-mejor-precio-mediamarkt\/450_1000.jpeg\"\/><br \/>\n     <\/a><\/p><\/div>\n<\/div>\n<p>Para quienes buscan unos auriculares Bluetooth que ofrezcan una buena calidad de sonido, los <strong>Beats Studio Pro<\/strong> son sin lugar a dudas una gran opci\u00f3n por su precio actual: <a rel=\"nofollow, sponsored, noopener, noreferrer noopener\" target=\"_blank\" class=\"js-ecommerce\" href=\"https:\/\/www.xataka.com\/redirect?url=https%3A%2F%2Fwww.mediamarkt.es%2Fes%2Fproduct%2F_auriculares-inalambricos-beats-studio-pro-cancelacion-activa-de-ruido-diadema-hasta-40h-azul-marino-1557373.html&amp;category=seleccion&amp;ecomPostExpiration=perish&amp;postId=301598\" data-vars-affiliate-url=\"https:\/\/www.xataka.com\/redirect?url=https%3A%2F%2Fwww.mediamarkt.es%2Fes%2Fproduct%2F_auriculares-inalambricos-beats-studio-pro-cancelacion-activa-de-ruido-diadema-hasta-40h-azul-marino-1557373.html&amp;category=seleccion&amp;ecomPostExpiration=perish&amp;postId=301598\">255 euros<\/a>. Su PVP es de 359 euros, por lo que su descuento nos permite <strong>ahorrar unos 104 euros<\/strong>.<\/p>\n<p><!-- BREAK 7 --><\/p>\n<p>Estos auriculares de tipo diadema ofrecen un dise\u00f1o c\u00f3modo y ligeros, adem\u00e1s de que cuentan con unos transductores personalizados de 40 mm, una <strong>cancelaci\u00f3n de ruido activa<\/strong>, audio espacial para un sonido envolvente completo de 360 grados y <strong>autonom\u00eda de hasta 40 horas<\/strong>.<\/p>\n<p><!-- BREAK 8 --><!-- PIVOT START --><\/p>\n<div class=\"pivot-ecommerce-container m-pivot-ecommerce-redesign article-asset-normal article-asset-center\">\n<div class=\"pivot-ecommerce\">\n<div class=\"pivot-ecommerce-figure\">\n  <a rel=\"nofollow, sponsored, noopener, noreferrer noopener\" target=\"_blank\" href=\"https:\/\/www.xataka.com\/redirect?url=https%3A%2F%2Fwww.mediamarkt.es%2Fes%2Fproduct%2F_auriculares-inalambricos-beats-studio-pro-cancelacion-activa-de-ruido-diadema-hasta-40h-azul-marino-1557373.html&amp;category=seleccion&amp;pivot=1&amp;ecomPostExpiration=perish&amp;postId=301598\"><br \/>\n   <img loading=\"lazy\" decoding=\"async\" alt=\"Beats Studio Pro - Auriculares inal\u00e1mbricos Bluetooth con cancelaci\u00f3n de Ruido - Audio Espacial Personalizado, Sonido USB-C sin p\u00e9rdida, compatibilidad con Apple y Android - Azul Marino\" width=\"500\" height=\"500\" src=\"https:\/\/i.blogs.es\/280a41\/41em9knynul._sl500_\/original.jpeg\"\/><br \/>\n  <\/a>\n  <\/div>\n<div class=\"pivot-ecommerce-summary\">\n<p class=\"pivot-ecommerce-desc\">Beats Studio Pro &#8211; Auriculares inal\u00e1mbricos Bluetooth con cancelaci\u00f3n de Ruido &#8211; Audio Espacial Personalizado, Sonido USB-C sin p\u00e9rdida, compatibilidad con Apple y Android &#8211; Azul Marino<\/p>\n<\/p><\/div>\n<\/p><\/div>\n<p>* Alg\u00fan precio puede haber cambiado desde la \u00faltima revisi\u00f3n<\/p>\n<\/p><\/div>\n<p><!-- PIVOT END --><\/p>\n<h2><span class=\"ez-toc-section\" id=\"MSI_Modern_15_B7M-039XES\"><\/span>MSI Modern 15 B7M-039XES<span class=\"ez-toc-section-end\"><\/span><\/h2>\n<div class=\"article-asset-image article-asset-normal article-asset-center\">\n<div class=\"asset-content\">\n                    <a rel=\"nofollow, sponsored, noopener, noreferrer noopener\" target=\"_blank\" class=\"js-ecommerce\" href=\"https:\/\/www.xataka.com\/redirect?url=https%3A%2F%2Fwww.mediamarkt.es%2Fes%2Fproduct%2F_portatil-msi-modern-15-b7m-039xes-156-full-hd-amd-ryzentm-5-7530u-8gb-ram-512gb-ssd-radeontm-graphics-sin-sistema-operativo-1553115.html&amp;category=seleccion&amp;ecomPostExpiration=perish&amp;postId=301598\" data-vars-affiliate-url=\"https:\/\/www.xataka.com\/redirect?url=https%3A%2F%2Fwww.mediamarkt.es%2Fes%2Fproduct%2F_portatil-msi-modern-15-b7m-039xes-156-full-hd-amd-ryzentm-5-7530u-8gb-ram-512gb-ssd-radeontm-graphics-sin-sistema-operativo-1553115.html&amp;category=seleccion&amp;ecomPostExpiration=perish&amp;postId=301598\"><br \/>\n         <img class=\"centro_sinmarco\" height=\"500\" width=\"1000\" loading=\"lazy\" decoding=\"async\" sizes=\"auto, 100vw\" fetchpriority=\"high\" srcset=\"https:\/\/i.blogs.es\/480b64\/comprar-portatil-msi-al-mejor-precio-mediamarkt\/450_1000.jpeg 450w, https:\/\/i.blogs.es\/480b64\/comprar-portatil-msi-al-mejor-precio-mediamarkt\/650_1200.jpeg 681w,https:\/\/i.blogs.es\/480b64\/comprar-portatil-msi-al-mejor-precio-mediamarkt\/1024_2000.jpeg 1024w, https:\/\/i.blogs.es\/480b64\/comprar-portatil-msi-al-mejor-precio-mediamarkt\/1366_2000.jpeg 1366w\" src=\"https:\/\/i.blogs.es\/480b64\/comprar-portatil-msi-al-mejor-precio-mediamarkt\/450_1000.jpeg\" alt=\"comprar-port\u00e1til-msi-al-mejor-precio-mediamarkt\"\/><br \/>\n    <img decoding=\"async\" alt=\"comprar-port\u00e1til-msi-al-mejor-precio-mediamarkt\" class=\"centro_sinmarco\" src=\"https:\/\/i.blogs.es\/480b64\/comprar-portatil-msi-al-mejor-precio-mediamarkt\/450_1000.jpeg\"\/><br \/>\n     <\/a><\/p><\/div>\n<\/div>\n<p>Y si est\u00e1s buscando un port\u00e1til para trabajar en cualquier lugar, este <strong>MSI Modern 15 B7M-039XES<\/strong> se ha desplomado hasta los <a rel=\"nofollow, sponsored, noopener, noreferrer noopener\" target=\"_blank\" class=\"js-ecommerce\" href=\"https:\/\/www.xataka.com\/redirect?url=https%3A%2F%2Fwww.mediamarkt.es%2Fes%2Fproduct%2F_portatil-msi-modern-15-b7m-039xes-156-full-hd-amd-ryzentm-5-7530u-8gb-ram-512gb-ssd-radeontm-graphics-sin-sistema-operativo-1553115.html&amp;category=seleccion&amp;ecomPostExpiration=perish&amp;postId=301598\" data-vars-affiliate-url=\"https:\/\/www.xataka.com\/redirect?url=https%3A%2F%2Fwww.mediamarkt.es%2Fes%2Fproduct%2F_portatil-msi-modern-15-b7m-039xes-156-full-hd-amd-ryzentm-5-7530u-8gb-ram-512gb-ssd-radeontm-graphics-sin-sistema-operativo-1553115.html&amp;category=seleccion&amp;ecomPostExpiration=perish&amp;postId=301598\">391,78 euros<\/a>, ya que tiene un descuento total de 107 euros sobre su precio recomendado y habitual de 499.<\/p>\n<p><!-- BREAK 9 --><\/p>\n<p>Dispone de una <strong>pantalla IPS de 15,6 pulgadas<\/strong> con una <strong>resoluci\u00f3n Full HD<\/strong>, y una tasa de 60 Hz. En su interior monta un procesador AMD Ryzen 5 7530U, una memoria RAM de 8 GB, una unidad de almacenamiento SSD de 512 GB y unos gr\u00e1ficos integrados AMD Radeon. Eso s\u00ed, no trae sistema operativo preinstalado.<\/p>\n<p><!-- BREAK 10 --><br \/>\n<!-- PIVOT START --><\/p>\n<div class=\"pivot-ecommerce-container m-pivot-ecommerce-redesign article-asset-normal article-asset-center\">\n<div class=\"pivot-ecommerce\">\n<div class=\"pivot-ecommerce-figure\">\n  <a rel=\"nofollow, sponsored, noopener, noreferrer noopener\" target=\"_blank\" href=\"https:\/\/www.xataka.com\/redirect?url=https%3A%2F%2Fwww.mediamarkt.es%2Fes%2Fproduct%2F_portatil-msi-modern-15-b7m-039xes-156-full-hd-amd-ryzentm-5-7530u-8gb-ram-512gb-ssd-radeontm-graphics-sin-sistema-operativo-1553115.html&amp;category=seleccion&amp;pivot=1&amp;ecomPostExpiration=perish&amp;postId=301598\"><br \/>\n   <img loading=\"lazy\" decoding=\"async\" alt=\"MSI Modern 15 B7M-039XES - Ordenador port\u00e1til Ultraligero 15.6&quot; FHD (Ryzen 5 7530U, 8 RAM, 512GB SSD, AMD Radeon Graphics, Sin Sistema operativo) Classic Black - Teclado QWERTY espa\u00f1ol\" width=\"500\" height=\"500\" src=\"https:\/\/i.blogs.es\/445205\/31sg3fxv43l._sl500_\/original.jpeg\"\/><br \/>\n  <\/a>\n  <\/div>\n<div class=\"pivot-ecommerce-summary\">\n<p class=\"pivot-ecommerce-desc\">MSI Modern 15 B7M-039XES &#8211; Ordenador port\u00e1til Ultraligero 15.6&#8243; FHD (Ryzen 5 7530U, 8 RAM, 512GB SSD, AMD Radeon Graphics, Sin Sistema operativo) Classic Black &#8211; Teclado QWERTY espa\u00f1ol<\/p>\n<\/p><\/div>\n<\/p><\/div>\n<p>* Alg\u00fan precio puede haber cambiado desde la \u00faltima revisi\u00f3n<\/p>\n<\/p><\/div>\n<p><!-- PIVOT END --><\/p>\n<h2><span class=\"ez-toc-section\" id=\"Apple_AirTag\"><\/span>Apple AirTag<span class=\"ez-toc-section-end\"><\/span><\/h2>\n<div class=\"article-asset-image article-asset-normal article-asset-center\">\n<div class=\"asset-content\">\n                    <a rel=\"nofollow, sponsored, noopener, noreferrer noopener\" target=\"_blank\" class=\"js-ecommerce\" href=\"https:\/\/www.xataka.com\/redirect?url=https%3A%2F%2Fwww.mediamarkt.es%2Fes%2Fproduct%2F_apple-airtag-localizador-paquete-de-1-unidad-bluetooth-chip-u1-nfc-privaciad-de-serie-plata-1506416.html&amp;category=seleccion&amp;ecomPostExpiration=perish&amp;postId=301598\" data-vars-affiliate-url=\"https:\/\/www.xataka.com\/redirect?url=https%3A%2F%2Fwww.mediamarkt.es%2Fes%2Fproduct%2F_apple-airtag-localizador-paquete-de-1-unidad-bluetooth-chip-u1-nfc-privaciad-de-serie-plata-1506416.html&amp;category=seleccion&amp;ecomPostExpiration=perish&amp;postId=301598\"><br \/>\n         <img class=\"centro_sinmarco\" height=\"500\" width=\"1000\" loading=\"lazy\" decoding=\"async\" sizes=\"auto, 100vw\" fetchpriority=\"high\" srcset=\"https:\/\/i.blogs.es\/7982d5\/comprar-apple-airtag-al-mejor-precio-mediamarkt\/450_1000.jpeg 450w, https:\/\/i.blogs.es\/7982d5\/comprar-apple-airtag-al-mejor-precio-mediamarkt\/650_1200.jpeg 681w,https:\/\/i.blogs.es\/7982d5\/comprar-apple-airtag-al-mejor-precio-mediamarkt\/1024_2000.jpeg 1024w, https:\/\/i.blogs.es\/7982d5\/comprar-apple-airtag-al-mejor-precio-mediamarkt\/1366_2000.jpeg 1366w\" src=\"https:\/\/i.blogs.es\/7982d5\/comprar-apple-airtag-al-mejor-precio-mediamarkt\/450_1000.jpeg\" alt=\"comprar-apple-airtag-al-mejor-precio-mediamarkt\"\/><br \/>\n    <img decoding=\"async\" alt=\"comprar-apple-airtag-al-mejor-precio-mediamarkt\" class=\"centro_sinmarco\" src=\"https:\/\/i.blogs.es\/7982d5\/comprar-apple-airtag-al-mejor-precio-mediamarkt\/450_1000.jpeg\"\/><br \/>\n     <\/a><\/p><\/div>\n<\/div>\n<p>Otro de los chollos que puedes encontrar en estos momentos, y m\u00e1s si ya tienes dispositivos de la manzana mordida en tu poder, es el <a href=\"https:\/\/www.xataka.com\/analisis\/apple-airtag-analisis-caracteristicas-precio-especificaciones\" target=\"_blank\" rel=\"noopener\">AirTag de Apple<\/a><strong> <\/strong>por unos ajustados <a rel=\"nofollow, sponsored, noopener, noreferrer noopener\" target=\"_blank\" class=\"js-ecommerce\" href=\"https:\/\/www.xataka.com\/redirect?url=https%3A%2F%2Fwww.mediamarkt.es%2Fes%2Fproduct%2F_apple-airtag-localizador-paquete-de-1-unidad-bluetooth-chip-u1-nfc-privaciad-de-serie-plata-1506416.html&amp;category=seleccion&amp;ecomPostExpiration=perish&amp;postId=301598\" data-vars-affiliate-url=\"https:\/\/www.xataka.com\/redirect?url=https%3A%2F%2Fwww.mediamarkt.es%2Fes%2Fproduct%2F_apple-airtag-localizador-paquete-de-1-unidad-bluetooth-chip-u1-nfc-privaciad-de-serie-plata-1506416.html&amp;category=seleccion&amp;ecomPostExpiration=perish&amp;postId=301598\">29 euros<\/a>, dejando atr\u00e1s su precio oficial de 38,99 euros para que podamos<strong> ahorrar unos 10 euros<\/strong> con su compra.<\/p>\n<p><!-- BREAK 11 --><\/p>\n<p>Se trata de un <strong>dispositivo de seguimiento<\/strong> ideal para mantener nuestras pertenencias, accesorios o incluso mascotas, entre otras cosas, localizadas en todo momento. Este se caracteriza por ofrecernos un dise\u00f1o compacto, una <a href=\"https:\/\/www.xataka.com\/basics\/ip55-ip67-ip68-otras-que-significan-tipos-proteccion-telefono-dispositivo\" target=\"_blank\" rel=\"noopener\">clasificaci\u00f3n IP67<\/a> que lo hace resistente tanto al polvo como al agua y un <strong>alcance de hasta 120 metros<\/strong>. Tambi\u00e9n dispone de tecnolog\u00edas como <strong>Bluetooth LE<\/strong>,<strong> NFC <\/strong>y<strong> <\/strong>un <strong>chip Apple U1<\/strong>.<\/p>\n<p><!-- BREAK 12 --><!-- PIVOT START --><\/p>\n<div class=\"pivot-ecommerce-container m-pivot-ecommerce-redesign article-asset-normal article-asset-center\">\n<div class=\"pivot-ecommerce\">\n<div class=\"pivot-ecommerce-figure\">\n  <a rel=\"nofollow, sponsored, noopener, noreferrer noopener\" target=\"_blank\" href=\"https:\/\/www.xataka.com\/redirect?url=https%3A%2F%2Fwww.mediamarkt.es%2Fes%2Fproduct%2F_apple-airtag-localizador-paquete-de-1-unidad-bluetooth-chip-u1-nfc-privaciad-de-serie-plata-1506416.html&amp;category=seleccion&amp;pivot=1&amp;ecomPostExpiration=perish&amp;postId=301598\"><br \/>\n   <img loading=\"lazy\" decoding=\"async\" alt=\"APPLE AirTag, Localizador, Paquete de 1 unidad, Bluetooth, Chip U1, NFC, Privaciad de serie, Plata\" width=\"500\" height=\"500\" src=\"https:\/\/i.blogs.es\/485ca4\/318ulj8mohs._sl500_\/original.jpeg\"\/><br \/>\n  <\/a>\n  <\/div>\n<div class=\"pivot-ecommerce-summary\">\n<p class=\"pivot-ecommerce-desc\">APPLE AirTag, Localizador, Paquete de 1 unidad, Bluetooth, Chip U1, NFC, Privaciad de serie, Plata<\/p>\n<\/p><\/div>\n<\/p><\/div>\n<p>* Alg\u00fan precio puede haber cambiado desde la \u00faltima revisi\u00f3n<\/p>\n<\/p><\/div>\n<p><!-- PIVOT END --><\/p>\n<p><em>Algunos de los enlaces de este art\u00edculo son afiliados y pueden reportar un beneficio a Xataka. En caso de no disponibilidad, las ofertas pueden variar.<\/em><\/p>\n<p><!-- BREAK 13 --><\/p>\n<p>Im\u00e1genes | Samsung, Apple, Beats, Lenovo<\/p>\n<p>En Xataka | <a href=\"https:\/\/www.xataka.com\/seleccion\/buscando-mejor-televisor-calidad-precio-recomendaciones-compra-funcion-uso-8-smart-tv-destacados\" target=\"_blank\" rel=\"noopener\">Mejores televisores en calidad precio: cu\u00e1l comprar y 10 smart TV 4K recomendados<\/a><\/p>\n<p><!-- BREAK 14 --><\/p>\n<p>En Xataka | <a href=\"https:\/\/www.xataka.com\/analisis\/mejores-moviles-2022-analisis-videos\" target=\"_blank\" rel=\"noopener\">Los mejores m\u00f3viles (2023), los hemos probado y aqu\u00ed est\u00e1n sus an\u00e1lisis<\/a><\/p>\n<p><!-- BREAK 15 --> <\/p><\/div>\n<p><a href=\"https:\/\/www.xataka.com\/seleccion\/mediamarkt-cierra-fin-semana-grandes-ofertas-smart-tvs-portatiles-dispositivos-apple\" class=\" target=\" title=\"MediaMarkt cierra el fin de semana con grandes ofertas en nuevas smart TVs, port\u00e1tiles, dispositivos de Apple y m\u00e1s\" target=\"_blank\" rel=\"noopener\">Ver fuente<\/a><\/p>\n","protected":false},"excerpt":{"rendered":"<p>Para cerrar una semana m\u00e1s por todo lo alto, ahora en MediaMarkt puedes aprovechar las diferentes promociones y campa\u00f1as para ahorrar dinero en televisores, dispositivos de Apple o port\u00e1tiles, entre otras muchas m\u00e1s cosas. A continuaci\u00f3n, vamos a repasar cinco chollos que puedes encontrar rebajados por tiempo limitado. Samsung TU43DU7175UXXC \u00bfEst\u00e1s pensando en cambiar tu [&hellip;]<\/p>\n","protected":false},"author":2,"featured_media":2889,"comment_status":"open","ping_status":"closed","sticky":false,"template":"","format":"standard","meta":{"footnotes":""},"categories":[9],"tags":[],"class_list":["post-2888","post","type-post","status-publish","format-standard","has-post-thumbnail","hentry","category-tecnologia"],"_links":{"self":[{"href":"https:\/\/enfoquenoticioso.com\/index.php?rest_route=\/wp\/v2\/posts\/2888","targetHints":{"allow":["GET"]}}],"collection":[{"href":"https:\/\/enfoquenoticioso.com\/index.php?rest_route=\/wp\/v2\/posts"}],"about":[{"href":"https:\/\/enfoquenoticioso.com\/index.php?rest_route=\/wp\/v2\/types\/post"}],"author":[{"embeddable":true,"href":"https:\/\/enfoquenoticioso.com\/index.php?rest_route=\/wp\/v2\/users\/2"}],"replies":[{"embeddable":true,"href":"https:\/\/enfoquenoticioso.com\/index.php?rest_route=%2Fwp%2Fv2%2Fcomments&post=2888"}],"version-history":[{"count":0,"href":"https:\/\/enfoquenoticioso.com\/index.php?rest_route=\/wp\/v2\/posts\/2888\/revisions"}],"wp:featuredmedia":[{"embeddable":true,"href":"https:\/\/enfoquenoticioso.com\/index.php?rest_route=\/wp\/v2\/media\/2889"}],"wp:attachment":[{"href":"https:\/\/enfoquenoticioso.com\/index.php?rest_route=%2Fwp%2Fv2%2Fmedia&parent=2888"}],"wp:term":[{"taxonomy":"category","embeddable":true,"href":"https:\/\/enfoquenoticioso.com\/index.php?rest_route=%2Fwp%2Fv2%2Fcategories&post=2888"},{"taxonomy":"post_tag","embeddable":true,"href":"https:\/\/enfoquenoticioso.com\/index.php?rest_route=%2Fwp%2Fv2%2Ftags&post=2888"}],"curies":[{"name":"wp","href":"https:\/\/api.w.org\/{rel}","templated":true}]}}