{"id":2896,"date":"2024-05-19T19:31:24","date_gmt":"2024-05-19T19:31:24","guid":{"rendered":"https:\/\/enfoquenoticioso.com\/tecnologia\/el-iphone-17-slim-traeria-un-gran-rediseno-y-seria-bastante-caro\/"},"modified":"2024-05-19T19:31:24","modified_gmt":"2024-05-19T19:31:24","slug":"el-iphone-17-slim-traeria-un-gran-rediseno-y-seria-bastante-caro","status":"publish","type":"post","link":"https:\/\/enfoquenoticioso.com\/?p=2896","title":{"rendered":"El iPhone 17 Slim traer\u00eda un gran redise\u00f1o y ser\u00eda bastante caro"},"content":{"rendered":"<div>\n<p>Los rumores de un <strong>iPhone 17 Slim<\/strong> vuelven a ganar relevancia. Despu\u00e9s de que se conociera a comienzos de este mes que Apple supuestamente trabajaba en un nuevo m\u00f3vil <a href=\"https:\/\/hipertextual.com\/2024\/05\/apple-iphone-17-slim-mataria-version-plus\" target=\"_blank\" rel=\"noopener\">para sustituir a la variante Plus<\/a>, m\u00e1s novedades han salido a la luz de la mano de <em><a href=\"https:\/\/www.theinformation.com\/articles\/apple-plans-a-thinner-iphone-in-2025\" target=\"_blank\" rel=\"noopener\">The Information<\/a><\/em>.<\/p>\n<p>Seg\u00fan el citado medio, los de Cupertino efectivamente trabajan en <strong>un modelo ultradelgado con miras a lanzarlo en 2025<\/strong>. Pero al parecer el iPhone 17 Slim \u2014o como se llame\u2014 no se limitar\u00eda a ser una versi\u00f3n de menor grosor del iPhone Plus, sino que tambi\u00e9n introducir\u00eda cambios notorios en el dise\u00f1o. Adem\u00e1s, se posicionar\u00eda en lo m\u00e1s alto de la escala de precios del cat\u00e1logo.<\/p>\n<p>De acuerdo con el reporte, <strong>el nuevo modelo podr\u00eda tener el mismo impacto que en su momento tuvo el iPhone X<\/strong>. Recordemos que el m\u00f3vil de 2017 introdujo varias novedades muy notorias al cat\u00e1logo de m\u00f3viles de la manzana. Entre ellas, la eliminaci\u00f3n del bot\u00f3n Home para dar lugar a un dise\u00f1o con pantalla de \u00abborde a borde\u00bb, sumado al estreno de FaceID como m\u00e9todo de autenticaci\u00f3n, y la adopci\u00f3n de un panel OLED.<\/p>\n<p>Apple todav\u00eda no se habr\u00eda decidido en el dise\u00f1o definitivo del iPhone 17 Slim. La compa\u00f1\u00eda estar\u00eda experimentando con <strong>un nuevo chasis de aluminio<\/strong> y una perforaci\u00f3n m\u00e1s peque\u00f1a para la c\u00e1mara frontal. Previamente se hab\u00eda dicho que la Isla Din\u00e1mica podr\u00eda ser m\u00e1s angosta en este modelo. Aunque tal vez lo m\u00e1s curioso ser\u00eda que <strong>se analizar\u00eda mover el m\u00f3dulo de c\u00e1maras traseras<\/strong>. Los sensores podr\u00edan dejar de ubicarse en la esquina superior izquierda para aparecer a la misma altura, pero centrados.<\/p>\n<p>En cuanto al tama\u00f1o de la pantalla, no hay un dato preciso. <em>The Information<\/em> indica, no obstante, que el rumoreado iPhone 17 Slim <strong>se mantendr\u00eda dentro del rango de dimensiones que ya existe actualmente<\/strong> y que va de las 6,1 a las 6,7 pulgadas. Rumores anteriores mencionaban un panel de 6,55 pulgadas.<\/p>\n<div id=\"ez-toc-container\" class=\"ez-toc-v2_0_81 counter-hierarchy ez-toc-counter ez-toc-grey ez-toc-container-direction\">\n<div class=\"ez-toc-title-container\">\n<p class=\"ez-toc-title\" style=\"cursor:inherit\">Tabla de Contenido<\/p>\n<span class=\"ez-toc-title-toggle\"><a href=\"#\" class=\"ez-toc-pull-right ez-toc-btn ez-toc-btn-xs ez-toc-btn-default ez-toc-toggle\" aria-label=\"Alternar tabla de contenidos\"><span class=\"ez-toc-js-icon-con\"><span class=\"\"><span class=\"eztoc-hide\" style=\"display:none;\">Toggle<\/span><span class=\"ez-toc-icon-toggle-span\"><svg style=\"fill: #999;color:#999\" xmlns=\"http:\/\/www.w3.org\/2000\/svg\" class=\"list-377408\" width=\"20px\" height=\"20px\" viewBox=\"0 0 24 24\" fill=\"none\"><path d=\"M6 6H4v2h2V6zm14 0H8v2h12V6zM4 11h2v2H4v-2zm16 0H8v2h12v-2zM4 16h2v2H4v-2zm16 0H8v2h12v-2z\" fill=\"currentColor\"><\/path><\/svg><svg style=\"fill: #999;color:#999\" class=\"arrow-unsorted-368013\" xmlns=\"http:\/\/www.w3.org\/2000\/svg\" width=\"10px\" height=\"10px\" viewBox=\"0 0 24 24\" version=\"1.2\" baseProfile=\"tiny\"><path d=\"M18.2 9.3l-6.2-6.3-6.2 6.3c-.2.2-.3.4-.3.7s.1.5.3.7c.2.2.4.3.7.3h11c.3 0 .5-.1.7-.3.2-.2.3-.5.3-.7s-.1-.5-.3-.7zM5.8 14.7l6.2 6.3 6.2-6.3c.2-.2.3-.5.3-.7s-.1-.5-.3-.7c-.2-.2-.4-.3-.7-.3h-11c-.3 0-.5.1-.7.3-.2.2-.3.5-.3.7s.1.5.3.7z\"\/><\/svg><\/span><\/span><\/span><\/a><\/span><\/div>\n<nav><ul class='ez-toc-list ez-toc-list-level-1 ' ><li class='ez-toc-page-1 ez-toc-heading-level-2'><a class=\"ez-toc-link ez-toc-heading-1\" href=\"https:\/\/enfoquenoticioso.com\/?p=2896\/#Los_rumores_de_un_iPhone_17_Slim_ganan_fuerza\" >Los rumores de un iPhone 17 Slim ganan fuerza<\/a><ul class='ez-toc-list-level-4' ><li class='ez-toc-heading-level-4'><ul class='ez-toc-list-level-4' ><li class='ez-toc-heading-level-4'><a class=\"ez-toc-link ez-toc-heading-2\" href=\"https:\/\/enfoquenoticioso.com\/?p=2896\/#Tambien_en_Hipertextual\" >Tambi\u00e9n en Hipertextual:<\/a><\/li><\/ul><\/li><\/ul><\/li><\/ul><\/nav><\/div>\n<h2 class=\"wp-block-heading\" id=\"h-los-rumores-de-un-iphone-17-slim-ganan-fuerza\"><span class=\"ez-toc-section\" id=\"Los_rumores_de_un_iPhone_17_Slim_ganan_fuerza\"><\/span>Los rumores de un iPhone 17 Slim ganan fuerza<span class=\"ez-toc-section-end\"><\/span><\/h2>\n<figure class=\"wp-block-image alignwide size-large\"><img loading=\"lazy\" decoding=\"async\" width=\"780\" height=\"521\" alt=\"iPhone 15 Pro \/ Pro Max, Apple | Los rumores de un iPhone 17 Slim ganan fuerza\" class=\"wp-image-1757989 perfmatters-lazy\" data-recalc-dims=\"1\" src=\"https:\/\/i0.wp.com\/imgs.hipertextual.com\/wp-content\/uploads\/2023\/09\/DSC07076-1500x1002.jpg?resize=780%2C521&amp;quality=55&amp;strip=all&amp;ssl=1\" srcset=\"https:\/\/i0.wp.com\/imgs.hipertextual.com\/wp-content\/uploads\/2023\/09\/DSC07076-scaled.jpg?resize=1500%2C1002&amp;quality=55&amp;strip=all&amp;ssl=1 1500w, https:\/\/i0.wp.com\/imgs.hipertextual.com\/wp-content\/uploads\/2023\/09\/DSC07076-scaled.jpg?resize=800%2C534&amp;quality=55&amp;strip=all&amp;ssl=1 800w, https:\/\/i0.wp.com\/imgs.hipertextual.com\/wp-content\/uploads\/2023\/09\/DSC07076-scaled.jpg?resize=768%2C513&amp;quality=55&amp;strip=all&amp;ssl=1 768w, https:\/\/i0.wp.com\/imgs.hipertextual.com\/wp-content\/uploads\/2023\/09\/DSC07076-scaled.jpg?resize=1536%2C1026&amp;quality=55&amp;strip=all&amp;ssl=1 1536w, https:\/\/i0.wp.com\/imgs.hipertextual.com\/wp-content\/uploads\/2023\/09\/DSC07076-scaled.jpg?resize=2048%2C1368&amp;quality=55&amp;strip=all&amp;ssl=1 2048w, https:\/\/i0.wp.com\/imgs.hipertextual.com\/wp-content\/uploads\/2023\/09\/DSC07076-scaled.jpg?resize=1200%2C802&amp;quality=55&amp;strip=all&amp;ssl=1 1200w, https:\/\/i0.wp.com\/imgs.hipertextual.com\/wp-content\/uploads\/2023\/09\/DSC07076-scaled.jpg?resize=740%2C494&amp;quality=55&amp;strip=all&amp;ssl=1 740w, https:\/\/i0.wp.com\/imgs.hipertextual.com\/wp-content\/uploads\/2023\/09\/DSC07076-scaled.jpg?resize=1024%2C684&amp;quality=55&amp;strip=all&amp;ssl=1 1024w, https:\/\/i0.wp.com\/imgs.hipertextual.com\/wp-content\/uploads\/2023\/09\/DSC07076-scaled.jpg?resize=1568%2C1047&amp;quality=55&amp;strip=all&amp;ssl=1 1568w, https:\/\/i0.wp.com\/imgs.hipertextual.com\/wp-content\/uploads\/2023\/09\/DSC07076-scaled.jpg?resize=400%2C267&amp;quality=55&amp;strip=all&amp;ssl=1 400w, https:\/\/i0.wp.com\/imgs.hipertextual.com\/wp-content\/uploads\/2023\/09\/DSC07076-scaled.jpg?w=2340&amp;quality=55&amp;strip=all&amp;ssl=1 2340w, https:\/\/i0.wp.com\/imgs.hipertextual.com\/wp-content\/uploads\/2023\/09\/DSC07076-1500x1002.jpg?w=370&amp;quality=55&amp;strip=all&amp;ssl=1 370w\" data-sizes=\"(max-width: 780px) 100vw, 780px\"\/><img loading=\"lazy\" decoding=\"async\" width=\"780\" height=\"521\" src=\"https:\/\/i0.wp.com\/imgs.hipertextual.com\/wp-content\/uploads\/2023\/09\/DSC07076-1500x1002.jpg?resize=780%2C521&amp;quality=55&amp;strip=all&amp;ssl=1\" alt=\"iPhone 15 Pro \/ Pro Max, Apple | Los rumores de un iPhone 17 Slim ganan fuerza\" class=\"wp-image-1757989\" srcset=\"https:\/\/i0.wp.com\/imgs.hipertextual.com\/wp-content\/uploads\/2023\/09\/DSC07076-scaled.jpg?resize=1500%2C1002&amp;quality=55&amp;strip=all&amp;ssl=1 1500w, https:\/\/i0.wp.com\/imgs.hipertextual.com\/wp-content\/uploads\/2023\/09\/DSC07076-scaled.jpg?resize=800%2C534&amp;quality=55&amp;strip=all&amp;ssl=1 800w, https:\/\/i0.wp.com\/imgs.hipertextual.com\/wp-content\/uploads\/2023\/09\/DSC07076-scaled.jpg?resize=768%2C513&amp;quality=55&amp;strip=all&amp;ssl=1 768w, https:\/\/i0.wp.com\/imgs.hipertextual.com\/wp-content\/uploads\/2023\/09\/DSC07076-scaled.jpg?resize=1536%2C1026&amp;quality=55&amp;strip=all&amp;ssl=1 1536w, https:\/\/i0.wp.com\/imgs.hipertextual.com\/wp-content\/uploads\/2023\/09\/DSC07076-scaled.jpg?resize=2048%2C1368&amp;quality=55&amp;strip=all&amp;ssl=1 2048w, https:\/\/i0.wp.com\/imgs.hipertextual.com\/wp-content\/uploads\/2023\/09\/DSC07076-scaled.jpg?resize=1200%2C802&amp;quality=55&amp;strip=all&amp;ssl=1 1200w, https:\/\/i0.wp.com\/imgs.hipertextual.com\/wp-content\/uploads\/2023\/09\/DSC07076-scaled.jpg?resize=740%2C494&amp;quality=55&amp;strip=all&amp;ssl=1 740w, https:\/\/i0.wp.com\/imgs.hipertextual.com\/wp-content\/uploads\/2023\/09\/DSC07076-scaled.jpg?resize=1024%2C684&amp;quality=55&amp;strip=all&amp;ssl=1 1024w, https:\/\/i0.wp.com\/imgs.hipertextual.com\/wp-content\/uploads\/2023\/09\/DSC07076-scaled.jpg?resize=1568%2C1047&amp;quality=55&amp;strip=all&amp;ssl=1 1568w, https:\/\/i0.wp.com\/imgs.hipertextual.com\/wp-content\/uploads\/2023\/09\/DSC07076-scaled.jpg?resize=400%2C267&amp;quality=55&amp;strip=all&amp;ssl=1 400w, https:\/\/i0.wp.com\/imgs.hipertextual.com\/wp-content\/uploads\/2023\/09\/DSC07076-scaled.jpg?w=2340&amp;quality=55&amp;strip=all&amp;ssl=1 2340w, https:\/\/i0.wp.com\/imgs.hipertextual.com\/wp-content\/uploads\/2023\/09\/DSC07076-1500x1002.jpg?w=370&amp;quality=55&amp;strip=all&amp;ssl=1 370w\" sizes=\"auto, (max-width: 780px) 100vw, 780px\" data-recalc-dims=\"1\"\/><\/figure>\n<p>El nuevo reporte indica que el iPhone 17 ultradelgado llegar\u00eda con un chip de \u00faltima generaci\u00f3n \u2014posiblemente llamado A19\u2014 y que tambi\u00e9n introducir\u00eda una c\u00e1mara frontal mejorada. Y si bien los rumores iniciales lo colocaban como una alternativa accesible, la informaci\u00f3n divulgada ahora expone que no ser\u00eda tan as\u00ed.<\/p>\n<p>Aparentemente, <strong>el iPhone 17 Slim podr\u00eda llegar al mercado con un precio de venta al p\u00fablico m\u00e1s alto que el de un Pro Max actual<\/strong>. Esto resulta bastante llamativo, m\u00e1xime si se confirmara que su chasis ser\u00eda de aluminio y no con titanio como ocurre actualmente. Tengamos en cuenta que un iPhone 15 Pro Max hoy se consigue desde los 1.199 d\u00f3lares en Estados Unidos y 1.469 euros en Espa\u00f1a.<\/p>\n<p><em>The Information<\/em> dice que esta versi\u00f3n renovada ser\u00eda \u00absignificativamente m\u00e1s delgada\u00bb que los iPhone actuales. Algo que suena muy factible, considerando lo que se ha logrado con el <a href=\"https:\/\/hipertextual.com\/2024\/05\/apple-ipad-pro-m4-analisis\" target=\"_blank\" rel=\"noopener\">iPad Pro M4<\/a>, cuyo espesor es menor al del iPod nano. Adem\u00e1s, su introducci\u00f3n podr\u00eda marcar la salida del modelo Plus, sin tratarse de un reemplazante directo.<\/p>\n<p>Todo lo que se vincula con futuros lanzamientos de Apple se debe tomar con pinzas, y el supuesto iPhone 17 Slim <strong>no es la excepci\u00f3n<\/strong>. Ya veremos c\u00f3mo sigue esta historia, pero, considerando que a\u00fan no hemos visto los nuevos iPhone 16, tenemos todav\u00eda bastante camino por recorrer antes de conocer m\u00e1s sobre la variante ultradelgada que llegar\u00eda en 2025.<\/p>\n<section id=\"block-25\" class=\"below-content widget widget_block\">\n<div class=\"wp-block-group is-style-default hiper-newsletter-box has-background\" style=\"background:linear-gradient(180deg,rgb(0,23,188) 28%,rgb(0,15,131) 100%);padding-top:15px;padding-right:15px;padding-bottom:15px;padding-left:15px\">\n<div class=\"wp-block-group__inner-container is-layout-constrained wp-block-group-is-layout-constrained\">\n<p class=\"has-white-color has-text-color\">Recibe cada ma\u00f1ana nuestra <a rel=\"noreferrer noopener\" href=\"https:\/\/hipertextual.com\/newsletter\" target=\"_blank\">newsletter<\/a>. Una gu\u00eda para entender lo que importa en relaci\u00f3n con la tecnolog\u00eda, la ciencia y la cultura digital.<\/p>\n<div class=\"wp-block-jetpack-mailchimp\" data-blog-id=\"190110665\">\n<p>\nProcesando&#8230; <\/p>\n<p>\n\u00a1Listo! Ya est\u00e1s suscrito <\/p>\n<p>\nHubo un error, actualiza la p\u00e1gina e int\u00e9ntalo nuevamente <\/p>\n<\/div>\n<\/div>\n<\/div>\n<\/section>\n<section id=\"block-74\" class=\"below-content widget widget_block\">\n<\/section>\n<section id=\"block-71\" class=\"below-content widget widget_block\">\n<h4 class=\"wp-block-heading tambien-en-hipertextual\" id=\"h-tambien-en-hipertextual\" style=\"padding-top:0.8em;padding-right:0px;padding-bottom:0px;padding-left:0px\"><span class=\"ez-toc-section\" id=\"Tambien_en_Hipertextual\"><\/span>Tambi\u00e9n en Hipertextual:<span class=\"ez-toc-section-end\"><\/span><\/h4>\n<\/section>\n<section id=\"block-32\" class=\"below-content widget widget_block\">\n<nav class=\"jp-relatedposts-i2 jp-related-hipertextual wp-block-jetpack-related-posts has-normal-font-size\" style=\"padding-bottom:0px;padding-left:0px;padding-top:0px;padding-right:1.5em;\" data-layout=\"list\" aria-label=\"Entradas relacionadas\"\/><\/section>\n<\/p><\/div>\n<p><a href=\"https:\/\/hipertextual.com\/2024\/05\/iphone-17-slim-rediseno-mas-caro-pro-max\" class=\" target=\" title=\"El iPhone 17 Slim traer\u00eda un gran redise\u00f1o y ser\u00eda bastante caro\" target=\"_blank\" rel=\"noopener\">Ver fuente<\/a><\/p>\n","protected":false},"excerpt":{"rendered":"<p>Los rumores de un iPhone 17 Slim vuelven a ganar relevancia. Despu\u00e9s de que se conociera a comienzos de este mes que Apple supuestamente trabajaba en un nuevo m\u00f3vil para sustituir a la variante Plus, m\u00e1s novedades han salido a la luz de la mano de The Information. Seg\u00fan el citado medio, los de Cupertino [&hellip;]<\/p>\n","protected":false},"author":2,"featured_media":2897,"comment_status":"open","ping_status":"closed","sticky":false,"template":"","format":"standard","meta":{"footnotes":""},"categories":[9],"tags":[],"class_list":["post-2896","post","type-post","status-publish","format-standard","has-post-thumbnail","hentry","category-tecnologia"],"_links":{"self":[{"href":"https:\/\/enfoquenoticioso.com\/index.php?rest_route=\/wp\/v2\/posts\/2896","targetHints":{"allow":["GET"]}}],"collection":[{"href":"https:\/\/enfoquenoticioso.com\/index.php?rest_route=\/wp\/v2\/posts"}],"about":[{"href":"https:\/\/enfoquenoticioso.com\/index.php?rest_route=\/wp\/v2\/types\/post"}],"author":[{"embeddable":true,"href":"https:\/\/enfoquenoticioso.com\/index.php?rest_route=\/wp\/v2\/users\/2"}],"replies":[{"embeddable":true,"href":"https:\/\/enfoquenoticioso.com\/index.php?rest_route=%2Fwp%2Fv2%2Fcomments&post=2896"}],"version-history":[{"count":0,"href":"https:\/\/enfoquenoticioso.com\/index.php?rest_route=\/wp\/v2\/posts\/2896\/revisions"}],"wp:featuredmedia":[{"embeddable":true,"href":"https:\/\/enfoquenoticioso.com\/index.php?rest_route=\/wp\/v2\/media\/2897"}],"wp:attachment":[{"href":"https:\/\/enfoquenoticioso.com\/index.php?rest_route=%2Fwp%2Fv2%2Fmedia&parent=2896"}],"wp:term":[{"taxonomy":"category","embeddable":true,"href":"https:\/\/enfoquenoticioso.com\/index.php?rest_route=%2Fwp%2Fv2%2Fcategories&post=2896"},{"taxonomy":"post_tag","embeddable":true,"href":"https:\/\/enfoquenoticioso.com\/index.php?rest_route=%2Fwp%2Fv2%2Ftags&post=2896"}],"curies":[{"name":"wp","href":"https:\/\/api.w.org\/{rel}","templated":true}]}}