{"id":28970,"date":"2024-10-23T13:05:07","date_gmt":"2024-10-23T13:05:07","guid":{"rendered":"https:\/\/enfoquenoticioso.com\/noticias\/el-beisbol-esta-de-luto-fallecio-fernando-valenzuela\/"},"modified":"2024-10-23T13:05:07","modified_gmt":"2024-10-23T13:05:07","slug":"el-beisbol-esta-de-luto-fallecio-fernando-valenzuela","status":"publish","type":"post","link":"https:\/\/enfoquenoticioso.com\/?p=28970","title":{"rendered":"El b\u00e9isbol est\u00e1 de luto: Falleci\u00f3 Fernando Valenzuela"},"content":{"rendered":"<div>\n<p>Fernando \u2018El Toro\u2019\u00a0Valenzuela, una de las grandes leyendas del b\u00e9isbol y del deporte mexicano, falleci\u00f3 a los 63 a\u00f1os, informaron este martes los Dodgers de Los \u00c1ngeles, el equipo en el que desat\u00f3 el fen\u00f3meno conocido como la \u2018Fernandoman\u00eda\u2019.<span id=\"more-540518\"\/><\/p>\n<p>\u201cLos Dodgers lamentan el fallecimiento del legendario lanzador Fernando Valenzuela\u201d, report\u00f3 el equipo de las Grandes Ligas.<\/p>\n<p>Los Dodgers no informaron de las causas exactas del fallecimiento pero a principios de mes hab\u00edan reportado que Valenzuela deb\u00eda abandonar sus labores de comentarista radial de sus partidos por problemas de salud.<\/p>\n<p>El fallecimiento de uno de los grandes \u00eddolos de los Dodgers ocurre en la antesala del inicio el viernes de la Serie Mundial que les enfrentar\u00e1 a los Yankees de Nueva York.<\/p>\n<p>El lanzador zurdo jug\u00f3 17 temporadas en los Grandes Ligas con seis uniformes distintos, pero nunca dej\u00f3 de ser uno de los peloteros m\u00e1s queridos de los Dodgers, en particular por su papel en el equipo de 1981 que derrot\u00f3 a los Yankees en el \u00faltimo duelo por el t\u00edtulo entre estas hist\u00f3ricas franquicias.<\/p>\n<p>El lanzador de Sonora, un desconocido entonces para los aficionados, gan\u00f3 sus ocho primeros partidos en 1981 dejando a cinco de sus rivales en blanco.<\/p>\n<p>Sus actuaciones desataron un fen\u00f3meno deportivo conocido como la \u201cFernandoman\u00eda\u201d, que atrajo a miles de aficionados mexicanos y estadounidenses al Dodger Stadium y otras canchas de las Grandes Ligas.<\/p>\n<p>En ese mismo 1981 se convirti\u00f3 en el \u00fanico jugador en ganar el premio Cy Young al mejor lanzador y el de Novato del A\u00f1o en la misma temporada, liderando la Liga Nacional en ponches, blanqueadas, juegos completos, entradas lanzadas y salidas.<\/p>\n<p>El fen\u00f3meno culmin\u00f3 con el triunfo de los Dodgers en la Serie Mundial frente a los Yankees, en la que tambi\u00e9n fue clave para el necesario triunfo en el tercer partido despu\u00e9s de dos victorias iniciales de Yankees.<\/p>\n<p>Valenzuela \u201ces uno de los Dodgers m\u00e1s influyentes de la historia y pertenece al Monte Rushmore de los h\u00e9roes de la franquicia\u201d, subray\u00f3 el martes Stan Kasten, presidente de la franquicia.<\/p>\n<p>\u201cFue uno de los jugadores m\u00e1s impactantes de su generaci\u00f3n\u201d, le reconoci\u00f3 el comisionado de \u2018Las Mayores\u2019, Rob Manfred.<\/p>\n<p>\u201cSu temporada de lanzamiento de 1981 se encuentra entre las mejores de todos los tiempos\u201d, dijo Manfred, que avanz\u00f3 que el lanzador ser\u00e1 homenajeado en el arranque de la final del viernes.<\/p>\n<div id=\"ez-toc-container\" class=\"ez-toc-v2_0_81 counter-hierarchy ez-toc-counter ez-toc-grey ez-toc-container-direction\">\n<div class=\"ez-toc-title-container\">\n<p class=\"ez-toc-title\" style=\"cursor:inherit\">Tabla de Contenido<\/p>\n<span class=\"ez-toc-title-toggle\"><a href=\"#\" class=\"ez-toc-pull-right ez-toc-btn ez-toc-btn-xs ez-toc-btn-default ez-toc-toggle\" aria-label=\"Alternar tabla de contenidos\"><span class=\"ez-toc-js-icon-con\"><span class=\"\"><span class=\"eztoc-hide\" style=\"display:none;\">Toggle<\/span><span class=\"ez-toc-icon-toggle-span\"><svg style=\"fill: #999;color:#999\" xmlns=\"http:\/\/www.w3.org\/2000\/svg\" class=\"list-377408\" width=\"20px\" height=\"20px\" viewBox=\"0 0 24 24\" fill=\"none\"><path d=\"M6 6H4v2h2V6zm14 0H8v2h12V6zM4 11h2v2H4v-2zm16 0H8v2h12v-2zM4 16h2v2H4v-2zm16 0H8v2h12v-2z\" fill=\"currentColor\"><\/path><\/svg><svg style=\"fill: #999;color:#999\" class=\"arrow-unsorted-368013\" xmlns=\"http:\/\/www.w3.org\/2000\/svg\" width=\"10px\" height=\"10px\" viewBox=\"0 0 24 24\" version=\"1.2\" baseProfile=\"tiny\"><path d=\"M18.2 9.3l-6.2-6.3-6.2 6.3c-.2.2-.3.4-.3.7s.1.5.3.7c.2.2.4.3.7.3h11c.3 0 .5-.1.7-.3.2-.2.3-.5.3-.7s-.1-.5-.3-.7zM5.8 14.7l6.2 6.3 6.2-6.3c.2-.2.3-.5.3-.7s-.1-.5-.3-.7c-.2-.2-.4-.3-.7-.3h-11c-.3 0-.5.1-.7.3-.2.2-.3.5-.3.7s.1.5.3.7z\"\/><\/svg><\/span><\/span><\/span><\/a><\/span><\/div>\n<nav><ul class='ez-toc-list ez-toc-list-level-1 ' ><li class='ez-toc-page-1 ez-toc-heading-level-3'><a class=\"ez-toc-link ez-toc-heading-1\" href=\"https:\/\/enfoquenoticioso.com\/?p=28970\/#%E2%80%93_%E2%80%9CEl_sueno_de_California%E2%80%9D_%E2%80%93\" >\u2013 \u201cEl sue\u00f1o de California\u201d \u2013<\/a><\/li><\/ul><\/nav><\/div>\n<h3 class=\"wp-block-heading\"><span class=\"ez-toc-section\" id=\"%E2%80%93_%E2%80%9CEl_sueno_de_California%E2%80%9D_%E2%80%93\"><\/span>\u2013 \u201cEl sue\u00f1o de California\u201d \u2013<span class=\"ez-toc-section-end\"><\/span><\/h3>\n<p>Recordado por el lanzamiento \u2018screweball\u2019 (tirabuz\u00f3n), con el que confund\u00eda a sus rivales, Valenzuela form\u00f3 parte del equipo de comentaristas en espa\u00f1ol del equipo hasta pocas semanas atr\u00e1s.<\/p>\n<p>Reportes period\u00edsticos se\u00f1alaron entonces que el mexicano se encontraba en terapia intensiva en Los \u00c1ngeles.<\/p>\n<p>\u201cValenzuela cautiv\u00f3 a los aficionados de Los \u00c1ngeles, de California y m\u00e1s all\u00e1\u201d, se pronunci\u00f3 en un comunicado el gobernador estatal, Gavin Newsom. \u201cSiempre celebraremos su profundo impacto en el juego, su legado perdurable y su esp\u00edritu que encarnaba el sue\u00f1o de California\u201d.<\/p>\n<p>Nacido el 1 de noviembre de 1960, \u2018El Toro\u2019 fue el menor de 12 hermanos de una humilde familia de agricultores de Etchohuaquila (Sonora).<\/p>\n<p>En 1977 fue descubierto por un cazatalentos de los Dodgers, Mike Brito, que ese d\u00eda hab\u00eda acudido a observar a otro jugador, el campo corto Ali Uscanga.<\/p>\n<p>En 1981, con las lesiones azotando la rotaci\u00f3n de abridores de los Dodgers, Valenzuela fue llamado a la lomita y asombr\u00f3 con una victoria 2-0 sobre los Astros de Houston.<\/p>\n<p>El mexicano, de 20 a\u00f1os, gan\u00f3 sus primeros ocho partidos en las Grandes Ligas, cinco por blanqueada, y la \u201cFernandoman\u00eda\u201d se extendi\u00f3 por la liga agotando taquillas no s\u00f3lo del Dodger Stadium sino de muchas canchas a lo largo del pa\u00eds.<\/p>\n<p>Dos a\u00f1os despu\u00e9s gan\u00f3 su segunda Serie Mundial con los Dodgers, si bien no fue incluido en el plantel que disput\u00f3 los Playoffs.<\/p>\n<p>A su salida del equipo, \u2018El Toro\u2019 lanz\u00f3 para los Angels, los Orioles, los Filis, los Padres y los Cardenales de San Luis.<\/p>\n<p>En 1997 se retir\u00f3 de las Grandes Ligas con un registro de 173 triunfos y 153 derrotas y seis elecciones para el Juego de las Estrellas.<\/p>\n<p><iframe loading=\"lazy\" style=\"border: none; overflow: hidden;\" src=\"https:\/\/www.facebook.com\/plugins\/video.php?height=314&amp;href=https%3A%2F%2Fwww.facebook.com%2Fnmas.com.mx%2Fvideos%2F492171887152571%2F&amp;show_text=true&amp;width=560&amp;t=0\" width=\"560\" height=\"429\" frameborder=\"0\" scrolling=\"no\" allowfullscreen=\"allowfullscreen\"><\/iframe><\/p>\n<p>\u00a0<\/p>\n<\/div>\n<p><a href=\"https:\/\/noticiasaldiayalahora.co\/deportes\/el-beisbol-esta-de-luto-fallecio-fernando-valenzuela\/\" class=\" target=\" title=\"El b\u00e9isbol est\u00e1 de luto: Falleci\u00f3 Fernando Valenzuela\" target=\"_blank\" rel=\"noopener\">Ver fuente<\/a><\/p>\n","protected":false},"excerpt":{"rendered":"<p>Fernando \u2018El Toro\u2019\u00a0Valenzuela, una de las grandes leyendas del b\u00e9isbol y del deporte mexicano, falleci\u00f3 a los 63 a\u00f1os, informaron este martes los Dodgers de Los \u00c1ngeles, el equipo en el que desat\u00f3 el fen\u00f3meno conocido como la \u2018Fernandoman\u00eda\u2019. \u201cLos Dodgers lamentan el fallecimiento del legendario lanzador Fernando Valenzuela\u201d, report\u00f3 el equipo de las Grandes [&hellip;]<\/p>\n","protected":false},"author":2,"featured_media":28971,"comment_status":"open","ping_status":"closed","sticky":false,"template":"","format":"standard","meta":{"footnotes":""},"categories":[1],"tags":[],"class_list":["post-28970","post","type-post","status-publish","format-standard","has-post-thumbnail","hentry","category-noticias"],"_links":{"self":[{"href":"https:\/\/enfoquenoticioso.com\/index.php?rest_route=\/wp\/v2\/posts\/28970","targetHints":{"allow":["GET"]}}],"collection":[{"href":"https:\/\/enfoquenoticioso.com\/index.php?rest_route=\/wp\/v2\/posts"}],"about":[{"href":"https:\/\/enfoquenoticioso.com\/index.php?rest_route=\/wp\/v2\/types\/post"}],"author":[{"embeddable":true,"href":"https:\/\/enfoquenoticioso.com\/index.php?rest_route=\/wp\/v2\/users\/2"}],"replies":[{"embeddable":true,"href":"https:\/\/enfoquenoticioso.com\/index.php?rest_route=%2Fwp%2Fv2%2Fcomments&post=28970"}],"version-history":[{"count":0,"href":"https:\/\/enfoquenoticioso.com\/index.php?rest_route=\/wp\/v2\/posts\/28970\/revisions"}],"wp:featuredmedia":[{"embeddable":true,"href":"https:\/\/enfoquenoticioso.com\/index.php?rest_route=\/wp\/v2\/media\/28971"}],"wp:attachment":[{"href":"https:\/\/enfoquenoticioso.com\/index.php?rest_route=%2Fwp%2Fv2%2Fmedia&parent=28970"}],"wp:term":[{"taxonomy":"category","embeddable":true,"href":"https:\/\/enfoquenoticioso.com\/index.php?rest_route=%2Fwp%2Fv2%2Fcategories&post=28970"},{"taxonomy":"post_tag","embeddable":true,"href":"https:\/\/enfoquenoticioso.com\/index.php?rest_route=%2Fwp%2Fv2%2Ftags&post=28970"}],"curies":[{"name":"wp","href":"https:\/\/api.w.org\/{rel}","templated":true}]}}