{"id":2902,"date":"2024-05-19T20:57:28","date_gmt":"2024-05-19T20:57:28","guid":{"rendered":"https:\/\/enfoquenoticioso.com\/tecnologia\/un-meteorito-ha-cruzado-los-cielos-de-espana-y-portugal-esta-noche-iluminandola-tanto-que-parecia-de-dia\/"},"modified":"2024-05-19T20:57:28","modified_gmt":"2024-05-19T20:57:28","slug":"un-meteorito-ha-cruzado-los-cielos-de-espana-y-portugal-esta-noche-iluminandola-tanto-que-parecia-de-dia","status":"publish","type":"post","link":"https:\/\/enfoquenoticioso.com\/?p=2902","title":{"rendered":"Un &#8216;meteorito&#8217; ha cruzado los cielos de Espa\u00f1a y Portugal esta noche ilumin\u00e1ndola tanto que parec\u00eda de d\u00eda"},"content":{"rendered":"<div>\n<p>Si te gusta la astronom\u00eda y vives en la pen\u00ednsula, corren buenos tiempos para ti. Porque si hace escasos d\u00edas ve\u00edamos <a href=\"https:\/\/www.xataka.com\/espacio\/auroras-se-dejan-ver-toda-europa-incluido-sur-durante-mayor-tormenta-geomagnetica-2005\" target=\"_blank\" rel=\"noopener\">auroras boreales estampando los cielos del sur de Europa<\/a> en unas latitudes que se salen de lo habitual, en las \u00faltimas horas ha sido una bola de fuego la que ha iluminado la noche convirti\u00e9ndola en d\u00edas por unos segundos. Hay quien dice <strong>haber visto un meteorito<\/strong> y ha dejado constancia de ello en redes sociales.<\/p>\n<p><!-- BREAK 1 --> <\/p>\n<div id=\"ez-toc-container\" class=\"ez-toc-v2_0_81 counter-hierarchy ez-toc-counter ez-toc-grey ez-toc-container-direction\">\n<div class=\"ez-toc-title-container\">\n<p class=\"ez-toc-title\" style=\"cursor:inherit\">Tabla de Contenido<\/p>\n<span class=\"ez-toc-title-toggle\"><a href=\"#\" class=\"ez-toc-pull-right ez-toc-btn ez-toc-btn-xs ez-toc-btn-default ez-toc-toggle\" aria-label=\"Alternar tabla de contenidos\"><span class=\"ez-toc-js-icon-con\"><span class=\"\"><span class=\"eztoc-hide\" style=\"display:none;\">Toggle<\/span><span class=\"ez-toc-icon-toggle-span\"><svg style=\"fill: #999;color:#999\" xmlns=\"http:\/\/www.w3.org\/2000\/svg\" class=\"list-377408\" width=\"20px\" height=\"20px\" viewBox=\"0 0 24 24\" fill=\"none\"><path d=\"M6 6H4v2h2V6zm14 0H8v2h12V6zM4 11h2v2H4v-2zm16 0H8v2h12v-2zM4 16h2v2H4v-2zm16 0H8v2h12v-2z\" fill=\"currentColor\"><\/path><\/svg><svg style=\"fill: #999;color:#999\" class=\"arrow-unsorted-368013\" xmlns=\"http:\/\/www.w3.org\/2000\/svg\" width=\"10px\" height=\"10px\" viewBox=\"0 0 24 24\" version=\"1.2\" baseProfile=\"tiny\"><path d=\"M18.2 9.3l-6.2-6.3-6.2 6.3c-.2.2-.3.4-.3.7s.1.5.3.7c.2.2.4.3.7.3h11c.3 0 .5-.1.7-.3.2-.2.3-.5.3-.7s-.1-.5-.3-.7zM5.8 14.7l6.2 6.3 6.2-6.3c.2-.2.3-.5.3-.7s-.1-.5-.3-.7c-.2-.2-.4-.3-.7-.3h-11c-.3 0-.5.1-.7.3-.2.2-.3.5-.3.7s.1.5.3.7z\"\/><\/svg><\/span><\/span><\/span><\/a><\/span><\/div>\n<nav><ul class='ez-toc-list ez-toc-list-level-1 ' ><li class='ez-toc-page-1 ez-toc-heading-level-2'><a class=\"ez-toc-link ez-toc-heading-1\" href=\"https:\/\/enfoquenoticioso.com\/?p=2902\/#Lo_que_se_ha_visto_surcando_los_cielos_de_la_peninsula_esta_noche\" >Lo que se ha visto surcando los cielos de la pen\u00ednsula esta noche<\/a><\/li><\/ul><\/nav><\/div>\n<h2><span class=\"ez-toc-section\" id=\"Lo_que_se_ha_visto_surcando_los_cielos_de_la_peninsula_esta_noche\"><\/span>Lo que se ha visto surcando los cielos de la pen\u00ednsula esta noche<span class=\"ez-toc-section-end\"><\/span><\/h2>\n<p>Durante la <strong>madrugada del s\u00e1bado 18 de mayo al domingo de 19 mayo<\/strong> numerosas personas han reportado ver un meteorito surcando los cielos en diferentes localizaciones del estado, incluida una compa\u00f1era de Webedia en Galicia, como puedes ver bajo estas l\u00edneas:<\/p>\n<p><!-- BREAK 2 --><\/p>\n<p>En el material gr\u00e1fico subido a Twitter\/X se ve c\u00f3mo un objeto celeste ilumina el cielo, atraves\u00e1ndolo a gran velocidad:<\/p>\n<p><!-- BREAK 3 --> <\/p>\n<div class=\"article-asset-image article-asset-normal article-asset-center\">\n<div class=\"asset-content\">\n<div class=\"caption-img \">\n                    <a rel=\"noopener, noreferrer\" href=\"https:\/\/x.com\/88rafa88\/status\/1791983963650576854?s=46&amp;t=6Wo_Hcw2-zmLNL7qW-U7Zg\"><br \/>\n         <img class=\"centro_sinmarco\" height=\"1026\" width=\"1194\" loading=\"lazy\" decoding=\"async\" sizes=\"auto, 100vw\" fetchpriority=\"high\" srcset=\"https:\/\/i.blogs.es\/b7f168\/captura-de-pantalla-2024-05-19-a-las-9.50.00\/450_1000.jpeg 450w, https:\/\/i.blogs.es\/b7f168\/captura-de-pantalla-2024-05-19-a-las-9.50.00\/650_1200.jpeg 681w,https:\/\/i.blogs.es\/b7f168\/captura-de-pantalla-2024-05-19-a-las-9.50.00\/1024_2000.jpeg 1024w, https:\/\/i.blogs.es\/b7f168\/captura-de-pantalla-2024-05-19-a-las-9.50.00\/1366_2000.jpeg 1366w\" src=\"https:\/\/i.blogs.es\/b7f168\/captura-de-pantalla-2024-05-19-a-las-9.50.00\/450_1000.jpeg\" alt=\"Captura De Pantalla 2024 05 19 A Las 9 50 00\"\/><br \/>\n    <img decoding=\"async\" alt=\"Captura De Pantalla 2024 05 19 A Las 9 50 00\" class=\"centro_sinmarco\" src=\"https:\/\/i.blogs.es\/b7f168\/captura-de-pantalla-2024-05-19-a-las-9.50.00\/450_1000.jpeg\"\/><br \/>\n     <\/a><\/p>\n<p>        <span>Toca para ir a la publicaci\u00f3n de Twitter\/X<\/span>\n   <\/div>\n<\/p><\/div>\n<\/div>\n<p>El v\u00eddeo anterior permite ver su intensidad en un cielo completamente despejado, al tomarse en una carretera alejada del n\u00facleo urbano. Pasada la media noche, las c\u00e1maras del centro de C\u00e1diz graban su paso con bastante claridad pese a la contaminaci\u00f3n lum\u00ednica:<\/p>\n<p><!-- BREAK 4 --><\/p>\n<div class=\"article-asset-image article-asset-normal article-asset-center\">\n<div class=\"asset-content\">\n<div class=\"caption-img \">\n                    <a rel=\"noopener, noreferrer\" href=\"https:\/\/x.com\/jcarlosscb\/status\/1791980014012866810\"><br \/>\n         <img class=\"centro_sinmarco\" height=\"972\" width=\"1078\" loading=\"lazy\" decoding=\"async\" sizes=\"auto, 100vw\" fetchpriority=\"high\" srcset=\"https:\/\/i.blogs.es\/e75c70\/captura-de-pantalla-2024-05-19-a-las-9.56.36\/450_1000.jpeg 450w, https:\/\/i.blogs.es\/e75c70\/captura-de-pantalla-2024-05-19-a-las-9.56.36\/650_1200.jpeg 681w,https:\/\/i.blogs.es\/e75c70\/captura-de-pantalla-2024-05-19-a-las-9.56.36\/1024_2000.jpeg 1024w, https:\/\/i.blogs.es\/e75c70\/captura-de-pantalla-2024-05-19-a-las-9.56.36\/1366_2000.jpeg 1366w\" src=\"https:\/\/i.blogs.es\/e75c70\/captura-de-pantalla-2024-05-19-a-las-9.56.36\/450_1000.jpeg\" alt=\"Captura De Pantalla 2024 05 19 A Las 9 56 36\"\/><br \/>\n    <img decoding=\"async\" alt=\"Captura De Pantalla 2024 05 19 A Las 9 56 36\" class=\"centro_sinmarco\" src=\"https:\/\/i.blogs.es\/e75c70\/captura-de-pantalla-2024-05-19-a-las-9.56.36\/450_1000.jpeg\"\/><br \/>\n     <\/a><\/p>\n<p>        <span>Toca para ir a la publicaci\u00f3n de X\/Twitter<\/span>\n   <\/div>\n<\/p><\/div>\n<\/div>\n<p>Tampoco las farolas y otras luminarias de Murcia evitan que se vea la bola de fuego \u00a0por el cielo:<\/p>\n<p><!-- BREAK 5 --><\/p>\n<div class=\"article-asset-image article-asset-normal article-asset-center\">\n<div class=\"asset-content\">\n<div class=\"caption-img \">\n                    <a rel=\"noopener, noreferrer\" href=\"https:\/\/x.com\/le_chuck_81\/status\/1792037556411863277?s=46&amp;t=6Wo_Hcw2-zmLNL7qW-U7Zg\"><br \/>\n         <img class=\"centro_sinmarco\" height=\"1358\" width=\"1080\" loading=\"lazy\" decoding=\"async\" sizes=\"auto, 100vw\" fetchpriority=\"high\" srcset=\"https:\/\/i.blogs.es\/c94558\/captura-de-pantalla-2024-05-19-a-las-9.52.54\/450_1000.jpeg 450w, https:\/\/i.blogs.es\/c94558\/captura-de-pantalla-2024-05-19-a-las-9.52.54\/650_1200.jpeg 681w,https:\/\/i.blogs.es\/c94558\/captura-de-pantalla-2024-05-19-a-las-9.52.54\/1024_2000.jpeg 1024w, https:\/\/i.blogs.es\/c94558\/captura-de-pantalla-2024-05-19-a-las-9.52.54\/1366_2000.jpeg 1366w\" src=\"https:\/\/i.blogs.es\/c94558\/captura-de-pantalla-2024-05-19-a-las-9.52.54\/450_1000.jpeg\" alt=\"Captura De Pantalla 2024 05 19 A Las 9 52 54\"\/><br \/>\n    <img decoding=\"async\" alt=\"Captura De Pantalla 2024 05 19 A Las 9 52 54\" class=\"centro_sinmarco\" src=\"https:\/\/i.blogs.es\/c94558\/captura-de-pantalla-2024-05-19-a-las-9.52.54\/450_1000.jpeg\"\/><br \/>\n     <\/a><\/p>\n<p>        <span>Toca para ir a la publicaci\u00f3n de X\/Twitter<\/span>\n   <\/div>\n<\/p><\/div>\n<\/div>\n<p>De punta a punta de la pen\u00ednsula, este v\u00eddeo ha sido grabado durante la noche en el n\u00facleo urbano de Avaleda, en Braga (Portugal):<\/p>\n<p><!-- BREAK 6 --> <\/p>\n<div class=\"article-asset-image article-asset-normal article-asset-center\">\n<div class=\"asset-content\">\n<div class=\"caption-img \">\n                    <a rel=\"noopener, noreferrer\" href=\"https:\/\/x.com\/eupedrobranco\/status\/1791969506366984694\"><br \/>\n         <img class=\"centro_sinmarco\" height=\"1160\" width=\"1076\" loading=\"lazy\" decoding=\"async\" sizes=\"auto, 100vw\" fetchpriority=\"high\" srcset=\"https:\/\/i.blogs.es\/26b1ab\/captura-de-pantalla-2024-05-19-a-las-9.55.08\/450_1000.jpeg 450w, https:\/\/i.blogs.es\/26b1ab\/captura-de-pantalla-2024-05-19-a-las-9.55.08\/650_1200.jpeg 681w,https:\/\/i.blogs.es\/26b1ab\/captura-de-pantalla-2024-05-19-a-las-9.55.08\/1024_2000.jpeg 1024w, https:\/\/i.blogs.es\/26b1ab\/captura-de-pantalla-2024-05-19-a-las-9.55.08\/1366_2000.jpeg 1366w\" src=\"https:\/\/i.blogs.es\/26b1ab\/captura-de-pantalla-2024-05-19-a-las-9.55.08\/450_1000.jpeg\" alt=\"Captura De Pantalla 2024 05 19 A Las 9 55 08\"\/><br \/>\n    <img decoding=\"async\" alt=\"Captura De Pantalla 2024 05 19 A Las 9 55 08\" class=\"centro_sinmarco\" src=\"https:\/\/i.blogs.es\/26b1ab\/captura-de-pantalla-2024-05-19-a-las-9.55.08\/450_1000.jpeg\"\/><br \/>\n     <\/a><\/p>\n<p>        <span>Toca para ir a la publicaci\u00f3n de Twitter\/X<\/span>\n   <\/div>\n<\/p><\/div>\n<\/div>\n<p><strong>\u00bfMeteorito o b\u00f3lido? <\/strong>Aunque el desconocimiento de la terminolog\u00eda por un lado y la popularidad de la primera han hecho que la palabra elegida para designar esa bola de fuego ha sido, de forma abrumadoramente mayoritaria, &#8216;meteorito&#8217;, hay diferencias sustanciales entre ambos. Cuando un meteoroide se calienta y entra en contacto con la atm\u00f3sfera, se calienta y genera un fen\u00f3meno luminoso, llamado meteoro o estrella fugaz. Si su luminosidad es superior a -4, entonces estamos ante un b\u00f3lido. Finalmente, solo si ese cuerpo llega a pisar la superficie terrestre se denominar\u00e1 meteorito.<\/p>\n<p><!-- BREAK 7 --><\/p>\n<p>Aclarado este punto y a falta de un comunicado oficial de autoridades especializadas, algunas personas expertas en la materia como Jos\u00e9 Mar\u00eda Madiedo, doctorado en astrof\u00edsica y miembro del departamento de Astronom\u00eda y Astrof\u00edsica del Instituto de Astrof\u00edsica de Andaluc\u00eda-CSIC, ha dado algunas explicaciones <a rel=\"noopener, noreferrer\" href=\"https:\/\/x.com\/jmmadiedo\/status\/1792038685887582235\">en su perfil de X\/Twitter<\/a> sobre <strong>esta bola de fuego que ha iluminado nuestros cielos esta noche<\/strong>.<\/p>\n<p><!-- BREAK 8 --><\/p>\n<p>As\u00ed, detalla que proviene de una roca procedente de <strong>un cometa que entr\u00f3 a la atm\u00f3sfera a 161 mil km\/h<\/strong> atravesando la pen\u00ednsula a las 0:46 hora local trazando una trayectoria que se inici\u00f3 a inici\u00f3 a 122 km de altitud sobre Don Benito (Badajoz). Desde all\u00ed se desplaz\u00f3 hacia el noroeste y cruz\u00f3 Portugal, finalizando a 54 km de altura sobre el Oc\u00e9ano Atl\u00e1ntico.<\/p>\n<p><!-- BREAK 9 --><\/p>\n<div class=\"article-asset-image article-asset-normal article-asset-center\">\n<div class=\"asset-content\">\n<div class=\"caption-img \">\n                    <a rel=\"noopener, noreferrer\" href=\"https:\/\/x.com\/jmmadiedo\/status\/1792038690035748949\"><br \/>\n         <img class=\"centro_sinmarco\" height=\"1222\" width=\"894\" loading=\"lazy\" decoding=\"async\" sizes=\"auto, 100vw\" fetchpriority=\"high\" srcset=\"https:\/\/i.blogs.es\/50ec43\/captura-de-pantalla-2024-05-19-a-las-10.16.06\/450_1000.jpeg 450w, https:\/\/i.blogs.es\/50ec43\/captura-de-pantalla-2024-05-19-a-las-10.16.06\/650_1200.jpeg 681w,https:\/\/i.blogs.es\/50ec43\/captura-de-pantalla-2024-05-19-a-las-10.16.06\/1024_2000.jpeg 1024w, https:\/\/i.blogs.es\/50ec43\/captura-de-pantalla-2024-05-19-a-las-10.16.06\/1366_2000.jpeg 1366w\" src=\"https:\/\/i.blogs.es\/50ec43\/captura-de-pantalla-2024-05-19-a-las-10.16.06\/450_1000.jpeg\" alt=\"Captura De Pantalla 2024 05 19 A Las 10 16 06\"\/><br \/>\n    <img decoding=\"async\" alt=\"Captura De Pantalla 2024 05 19 A Las 10 16 06\" class=\"centro_sinmarco\" src=\"https:\/\/i.blogs.es\/50ec43\/captura-de-pantalla-2024-05-19-a-las-10.16.06\/450_1000.jpeg\"\/><br \/>\n     <\/a><\/p>\n<p>        <span>Toca para ir a la publicaci\u00f3n de X\/Twitter<\/span>\n   <\/div>\n<\/p><\/div>\n<\/div>\n<p>Si pudimos vislumbrarlo desde lugares bastante m\u00e1s lejanos de esa trayectoria fue debido a su gran luminosidad, &#8216;<em>que fue mucho mayor que la de la Luna llena, <\/em><em><strong>pudo verse desde m\u00e1s de 800 km de distancia<\/strong><\/em>.&#8217;<\/p>\n<p><!-- BREAK 10 --> <\/p>\n<p>Aunque esa es la trayectoria a nivel <em>micro<\/em> para la pen\u00ednsula, Madiedo ha publicado tambi\u00e9n <strong>cu\u00e1l era la \u00f3rbita seguida por la roca <\/strong>antes de chocar contra la atm\u00f3sfera terrestre, generando la bola de fuego:<\/p>\n<p><!-- BREAK 11 --><\/p>\n<div class=\"article-asset-image article-asset-normal article-asset-center\">\n<div class=\"asset-content\">\n<div class=\"caption-img \">\n                    <a rel=\"noopener, noreferrer\" href=\"https:\/\/x.com\/jmmadiedo\/status\/1792038698462097899\"><br \/>\n         <img class=\"centro_sinmarco\" height=\"1266\" width=\"844\" loading=\"lazy\" decoding=\"async\" sizes=\"auto, 100vw\" fetchpriority=\"high\" srcset=\"https:\/\/i.blogs.es\/47f01b\/captura-de-pantalla-2024-05-19-a-las-10.18.11\/450_1000.jpeg 450w, https:\/\/i.blogs.es\/47f01b\/captura-de-pantalla-2024-05-19-a-las-10.18.11\/650_1200.jpeg 681w,https:\/\/i.blogs.es\/47f01b\/captura-de-pantalla-2024-05-19-a-las-10.18.11\/1024_2000.jpeg 1024w, https:\/\/i.blogs.es\/47f01b\/captura-de-pantalla-2024-05-19-a-las-10.18.11\/1366_2000.jpeg 1366w\" src=\"https:\/\/i.blogs.es\/47f01b\/captura-de-pantalla-2024-05-19-a-las-10.18.11\/450_1000.jpeg\" alt=\"Captura De Pantalla 2024 05 19 A Las 10 18 11\"\/><br \/>\n    <img decoding=\"async\" alt=\"Captura De Pantalla 2024 05 19 A Las 10 18 11\" class=\"centro_sinmarco\" src=\"https:\/\/i.blogs.es\/47f01b\/captura-de-pantalla-2024-05-19-a-las-10.18.11\/450_1000.jpeg\"\/><br \/>\n     <\/a><\/p>\n<p>        <span>Toca para ir a la publicaci\u00f3n de X\/Twitter<\/span>\n   <\/div>\n<\/p><\/div>\n<\/div>\n<p>En los diferentes v\u00eddeos publicados en redes y los relatos de quienes vieron la bola de fuego, algunas versiones apuntan haber visto dos destellos. El astrof\u00edsico explica el motivo: &#8216;<em>a lo largo de su trayectoria, la bola de fuego mostr\u00f3 varias explosiones que provocaron aumentos s\u00fabitos de su luminosidad y que se debieron a diversas rupturas bruscas de la roca<\/em>&#8216;.<\/p>\n<p><!-- BREAK 12 --><\/p>\n<p>De hecho, Madiedo detalla que la roca se ha ido deshaciendo &#8216;<em><strong>todos esos fragmentos se desintegraron completamente en la atm\u00f3sfera<\/strong><\/em><strong>&#8216;<\/strong>, como consecuencia, ninguna habr\u00eda ca\u00eddo al mar. Estas afirmaciones del astrof\u00edsico confirman por tanto que estar\u00edamos ante un b\u00f3lido, contradiciendo as\u00ed informaci\u00f3n vertida <a rel=\"noopener, noreferrer\" href=\"https:\/\/x.com\/jlmnoticias\/status\/1792036013532971235?s=46&amp;t=6Wo_Hcw2-zmLNL7qW-U7Zg\">en algunos perfiles de X\/Twitter<\/a> (pero no en la web del servicio, seg\u00fan hemos podido constatar) que apunta a que la Defensa Civil de Portugal habr\u00eda confirmado que los restos de la roca habr\u00edan ca\u00eddo en la provincia de Castro Daire, en la regi\u00f3n central del pa\u00eds luso.<\/p>\n<p><!-- BREAK 13 --><\/p>\n<p>Actualizaremos cuando dispongamos de informaci\u00f3n oficial de los hechos.<\/p>\n<p>Portada | <a rel=\"noopener, noreferrer\" href=\"https:\/\/www.pexels.com\/es-es\/foto\/cumulo-de-estrellas-1341279\/\" target=\"_blank\">Foto de Kai Pilger<\/a><\/p>\n<p><!-- BREAK 14 --><\/p>\n<p>En Xataka | <a href=\"https:\/\/www.xataka.com\/espacio\/nasa-ha-analizado-riesgo-que-asteroide-nos-impacte-cree-que-mayor-que-pensabamos\" target=\"_blank\" rel=\"noopener\">La NASA ha analizado el riesgo de que un asteroide nos impacte. Y cree que es mayor de lo que pens\u00e1bamos<\/a><\/p>\n<p><!-- BREAK 15 --> <\/p><\/div>\n<p><a href=\"https:\/\/www.xataka.com\/espacio\/meteorito-ha-cruzado-cielos-espana-portugal-esta-noche-convirtiendola-dia-unos-segundos\" class=\" target=\" title=\"Un &#039;meteorito&#039; ha cruzado los cielos de Espa\u00f1a y Portugal esta noche ilumin\u00e1ndola tanto que parec\u00eda de d\u00eda\" target=\"_blank\" rel=\"noopener\">Ver fuente<\/a><\/p>\n","protected":false},"excerpt":{"rendered":"<p>Si te gusta la astronom\u00eda y vives en la pen\u00ednsula, corren buenos tiempos para ti. Porque si hace escasos d\u00edas ve\u00edamos auroras boreales estampando los cielos del sur de Europa en unas latitudes que se salen de lo habitual, en las \u00faltimas horas ha sido una bola de fuego la que ha iluminado la noche [&hellip;]<\/p>\n","protected":false},"author":2,"featured_media":2903,"comment_status":"open","ping_status":"closed","sticky":false,"template":"","format":"standard","meta":{"footnotes":""},"categories":[9],"tags":[],"class_list":["post-2902","post","type-post","status-publish","format-standard","has-post-thumbnail","hentry","category-tecnologia"],"_links":{"self":[{"href":"https:\/\/enfoquenoticioso.com\/index.php?rest_route=\/wp\/v2\/posts\/2902","targetHints":{"allow":["GET"]}}],"collection":[{"href":"https:\/\/enfoquenoticioso.com\/index.php?rest_route=\/wp\/v2\/posts"}],"about":[{"href":"https:\/\/enfoquenoticioso.com\/index.php?rest_route=\/wp\/v2\/types\/post"}],"author":[{"embeddable":true,"href":"https:\/\/enfoquenoticioso.com\/index.php?rest_route=\/wp\/v2\/users\/2"}],"replies":[{"embeddable":true,"href":"https:\/\/enfoquenoticioso.com\/index.php?rest_route=%2Fwp%2Fv2%2Fcomments&post=2902"}],"version-history":[{"count":0,"href":"https:\/\/enfoquenoticioso.com\/index.php?rest_route=\/wp\/v2\/posts\/2902\/revisions"}],"wp:featuredmedia":[{"embeddable":true,"href":"https:\/\/enfoquenoticioso.com\/index.php?rest_route=\/wp\/v2\/media\/2903"}],"wp:attachment":[{"href":"https:\/\/enfoquenoticioso.com\/index.php?rest_route=%2Fwp%2Fv2%2Fmedia&parent=2902"}],"wp:term":[{"taxonomy":"category","embeddable":true,"href":"https:\/\/enfoquenoticioso.com\/index.php?rest_route=%2Fwp%2Fv2%2Fcategories&post=2902"},{"taxonomy":"post_tag","embeddable":true,"href":"https:\/\/enfoquenoticioso.com\/index.php?rest_route=%2Fwp%2Fv2%2Ftags&post=2902"}],"curies":[{"name":"wp","href":"https:\/\/api.w.org\/{rel}","templated":true}]}}