{"id":2932,"date":"2024-05-20T05:13:52","date_gmt":"2024-05-20T05:13:52","guid":{"rendered":"https:\/\/enfoquenoticioso.com\/actualidad\/fundacion-traki-dice-presente-en-el-primer-congreso-venezolano-de-fundraising\/"},"modified":"2024-05-20T05:13:52","modified_gmt":"2024-05-20T05:13:52","slug":"fundacion-traki-dice-presente-en-el-primer-congreso-venezolano-de-fundraising","status":"publish","type":"post","link":"https:\/\/enfoquenoticioso.com\/?p=2932","title":{"rendered":"Fundaci\u00f3n Traki dice presente en el Primer Congreso Venezolano de Fundraising"},"content":{"rendered":"<div>\n<p class=\"has-text-align-center\"><em>Los d\u00edas 15 y 16 de mayo se celebr\u00f3 el Primer Congreso Venezolano de Fundraising, donde Fundaci\u00f3n Traki desempe\u00f1\u00f3 un rol activo como coorganizadora y panelista<\/em><\/p>\n<p><strong><em>DAT.-<\/em><\/strong> Las <strong>organizaciones sin fines de lucro en Venezuela enfrentan grandes desaf\u00edos<\/strong> para recaudar los fondos que les permitan continuar con su labor. En un pa\u00eds donde las circunstancias obligan a improvisar estrategias, la profesionalizaci\u00f3n de la recaudaci\u00f3n de fondos se vuelve cada vez m\u00e1s crucial.<\/p>\n<p>El <strong>Primer Congreso Venezolano de Fundraising<\/strong>, celebrado los pasados 15 y 16 de mayo en el Instituto de Estudios Superiores de Administraci\u00f3n (IESA), surge como respuesta a esta necesidad. El evento reuni\u00f3 a profesionales venezolanos e internacionales que, mediante <strong>plenarias, paneles y workshops<\/strong>, proporcionaron herramientas y conocimientos para <strong>mejorar la efectividad en la recaudaci\u00f3n de fondos del tercer sector<\/strong>.<\/p>\n<p>Este evento fue coorganizado por <strong>Fundaci\u00f3n Traki<\/strong>, el <strong>IESA<\/strong>, el <strong>Dividendo Voluntario para la Comunidad<\/strong>, <strong>Fundaci\u00f3n Venezuela Sin L\u00edmites<\/strong> y <strong>Fundaci\u00f3n Impronta<\/strong>, y cont\u00f3 con el respaldo de la <strong>Asociaci\u00f3n Venezolana de Fundraising <\/strong>y el <strong>Club de Fundraising<\/strong>.<\/p>\n<p>Durante los dos d\u00edas del congreso, se cont\u00f3 con la <strong>participaci\u00f3n de 116 organizaciones de desarrollo social<\/strong> provenientes de varios estados de Venezuela, reuniendo as\u00ed a m\u00e1s de 200 personas, tanto de manera presencial como virtual.<\/p>\n<div id=\"ez-toc-container\" class=\"ez-toc-v2_0_81 counter-hierarchy ez-toc-counter ez-toc-grey ez-toc-container-direction\">\n<div class=\"ez-toc-title-container\">\n<p class=\"ez-toc-title\" style=\"cursor:inherit\">Tabla de Contenido<\/p>\n<span class=\"ez-toc-title-toggle\"><a href=\"#\" class=\"ez-toc-pull-right ez-toc-btn ez-toc-btn-xs ez-toc-btn-default ez-toc-toggle\" aria-label=\"Alternar tabla de contenidos\"><span class=\"ez-toc-js-icon-con\"><span class=\"\"><span class=\"eztoc-hide\" style=\"display:none;\">Toggle<\/span><span class=\"ez-toc-icon-toggle-span\"><svg style=\"fill: #999;color:#999\" xmlns=\"http:\/\/www.w3.org\/2000\/svg\" class=\"list-377408\" width=\"20px\" height=\"20px\" viewBox=\"0 0 24 24\" fill=\"none\"><path d=\"M6 6H4v2h2V6zm14 0H8v2h12V6zM4 11h2v2H4v-2zm16 0H8v2h12v-2zM4 16h2v2H4v-2zm16 0H8v2h12v-2z\" fill=\"currentColor\"><\/path><\/svg><svg style=\"fill: #999;color:#999\" class=\"arrow-unsorted-368013\" xmlns=\"http:\/\/www.w3.org\/2000\/svg\" width=\"10px\" height=\"10px\" viewBox=\"0 0 24 24\" version=\"1.2\" baseProfile=\"tiny\"><path d=\"M18.2 9.3l-6.2-6.3-6.2 6.3c-.2.2-.3.4-.3.7s.1.5.3.7c.2.2.4.3.7.3h11c.3 0 .5-.1.7-.3.2-.2.3-.5.3-.7s-.1-.5-.3-.7zM5.8 14.7l6.2 6.3 6.2-6.3c.2-.2.3-.5.3-.7s-.1-.5-.3-.7c-.2-.2-.4-.3-.7-.3h-11c-.3 0-.5.1-.7.3-.2.2-.3.5-.3.7s.1.5.3.7z\"\/><\/svg><\/span><\/span><\/span><\/a><\/span><\/div>\n<nav><ul class='ez-toc-list ez-toc-list-level-1 ' ><ul class='ez-toc-list-level-5' ><li class='ez-toc-heading-level-5'><ul class='ez-toc-list-level-5' ><li class='ez-toc-heading-level-5'><ul class='ez-toc-list-level-5' ><li class='ez-toc-heading-level-5'><a class=\"ez-toc-link ez-toc-heading-1\" href=\"https:\/\/enfoquenoticioso.com\/?p=2932\/#LEA_TAMBIEN_Alexandra_Butler_de_Chambra_la_emprendedora_y_lider_detras_de_la_Fundacion_Traki\" >LEA TAMBI\u00c9N | Alexandra Butler de Chambra, la emprendedora y l\u00edder detr\u00e1s de la Fundaci\u00f3n Traki<\/a><\/li><\/ul><\/li><\/ul><\/li><\/ul><\/li><li class='ez-toc-page-1 ez-toc-heading-level-2'><a class=\"ez-toc-link ez-toc-heading-2\" href=\"https:\/\/enfoquenoticioso.com\/?p=2932\/#Temas_y_Participantes\" >Temas y Participantes<\/a><\/li><li class='ez-toc-page-1 ez-toc-heading-level-2'><a class=\"ez-toc-link ez-toc-heading-3\" href=\"https:\/\/enfoquenoticioso.com\/?p=2932\/#Fundacion_Traki_y_su_Compromiso_con_las_ONG_venezolanas\" >Fundaci\u00f3n Traki y su Compromiso con las ONG venezolanas<\/a><\/li><\/ul><\/nav><\/div>\n<h5 class=\"wp-block-heading\"><span class=\"ez-toc-section\" id=\"LEA_TAMBIEN_Alexandra_Butler_de_Chambra_la_emprendedora_y_lider_detras_de_la_Fundacion_Traki\"><\/span><span id=\"LEA_TAMBIEN_Alexandra_Butler_de_Chambra_la_emprendedora_y_lider_detras_de_la_Fundacion_Traki\">LEA TAMBI\u00c9N | <a href=\"https:\/\/dateando.com\/reportero-dateando\/alexandra-butler-de-chambra-la-emprendedora-y-lider-detras-de-la-fundacion-traki\/\" target=\"_blank\" rel=\"noopener\">Alexandra Butler de Chambra, la emprendedora y l\u00edder detr\u00e1s de la Fundaci\u00f3n Traki<\/a><\/span><span class=\"ez-toc-section-end\"><\/span><\/h5>\n<h2 class=\"wp-block-heading\"><span class=\"ez-toc-section\" id=\"Temas_y_Participantes\"><\/span><span id=\"Temas_y_Participantes\">Temas y Participantes<\/span><span class=\"ez-toc-section-end\"><\/span><\/h2>\n<p>El evento cont\u00f3 con la participaci\u00f3n de reconocidos profesionales internacionales como <strong>Marcelo I\u00f1arra<\/strong>, fundador y director del Club de Fundraising y master trainer en fundraising y movilizaci\u00f3n p\u00fablica, <strong>Valeria Gayoso<\/strong>, cofundadora de la Red de Mujeres en Fundraising de habla hispana y especialista en ciencias de las decisiones, ambos de Argentina. Desde M\u00e9xico, asisti\u00f3 <strong>Marcela Garc\u00eda<\/strong>, directora del Festival Papirolas de Guadalajara y especialista en patrocinios y sostenibilidad cultural.<\/p>\n<p>Se abordaron temas fundamentales como <strong>los principios del fundraising, casos exitosos y experiencias venezolanas, el poder del storytelling y la movilizaci\u00f3n digital<\/strong>, entre otros. Estos temas fueron discutidos tanto por conferencistas internacionales como por profesionales venezolanos.<\/p>\n<p><strong><a href=\"https:\/\/www.instagram.com\/trakifundacion\/\" data-type=\"link\" data-id=\"https:\/\/www.instagram.com\/trakifundacion\/\" target=\"_blank\" rel=\"noopener\">Fundaci\u00f3n Traki<\/a><\/strong> tuvo una participaci\u00f3n destacada en el congreso. <strong>Alexandra Butler de Chambra<\/strong>, esposa de Antonio Chambra Brouri (presidente de Traki) y fundadora\/directora ejecutiva de la fundaci\u00f3n, particip\u00f3 en el panel <strong><em>\u00ab\u00a1Cuando nos toca decir que NO! Errores comunes en la b\u00fasqueda de fondos v\u00eda RSE\u00bb<\/em><\/strong>, junto a representantes de Fundaci\u00f3n Venezuela Sin L\u00edmites y Fundaci\u00f3n Empresas Polar.<\/p>\n<div class=\"wp-block-image\">\n<figure class=\"aligncenter size-full\"><img loading=\"lazy\" decoding=\"async\" width=\"666\" height=\"429\" src=\"https:\/\/dateando.com\/wp-content\/uploads\/2024\/05\/Dateando-Fundacion-Traki-dice-presente-en-el-Primer-Congreso-Venezolano-de-Fundraising-IMG.jpg\" alt=\"\" class=\"wp-image-115213 lazyload\" srcset=\"https:\/\/dateando.com\/wp-content\/uploads\/2024\/05\/Dateando-Fundacion-Traki-dice-presente-en-el-Primer-Congreso-Venezolano-de-Fundraising-IMG.jpg 666w, https:\/\/dateando.com\/wp-content\/uploads\/2024\/05\/Dateando-Fundacion-Traki-dice-presente-en-el-Primer-Congreso-Venezolano-de-Fundraising-IMG-300x193.jpg 300w\" data-sizes=\"(max-width: 666px) 100vw, 666px\" style=\"--smush-placeholder-width: 666px; --smush-placeholder-aspect-ratio: 666\/429;\"\/><img loading=\"lazy\" decoding=\"async\" width=\"666\" height=\"429\" src=\"https:\/\/dateando.com\/wp-content\/uploads\/2024\/05\/Dateando-Fundacion-Traki-dice-presente-en-el-Primer-Congreso-Venezolano-de-Fundraising-IMG.jpg\" alt=\"\" class=\"wp-image-115213\" srcset=\"https:\/\/dateando.com\/wp-content\/uploads\/2024\/05\/Dateando-Fundacion-Traki-dice-presente-en-el-Primer-Congreso-Venezolano-de-Fundraising-IMG.jpg 666w, https:\/\/dateando.com\/wp-content\/uploads\/2024\/05\/Dateando-Fundacion-Traki-dice-presente-en-el-Primer-Congreso-Venezolano-de-Fundraising-IMG-300x193.jpg 300w\" sizes=\"auto, (max-width: 666px) 100vw, 666px\"\/><figcaption class=\"wp-element-caption\">Imagen cortes\u00eda: https:\/\/www.instagram.com\/avfundraising\/<\/figcaption><\/figure>\n<\/div>\n<h2 class=\"wp-block-heading\"><span class=\"ez-toc-section\" id=\"Fundacion_Traki_y_su_Compromiso_con_las_ONG_venezolanas\"><\/span><span id=\"Fundacion_Traki_y_su_Compromiso_con_las_ONG_venezolanas\">Fundaci\u00f3n Traki y su Compromiso con las ONG venezolanas<\/span><span class=\"ez-toc-section-end\"><\/span><\/h2>\n<p>Este evento refuerza el <strong>compromiso de Fundaci\u00f3n Traki no solo con los ni\u00f1os y la juventud venezolana, sino tambi\u00e9n con la profesionalizaci\u00f3n de las organizaciones del tercer sector en Venezuela<\/strong>. La participaci\u00f3n en el congreso es una forma m\u00e1s de seguir apostando y apoyando a estas organizaciones, ampliando su capacidad para generar un impacto positivo.<\/p>\n<p><strong>Sobre Fundaci\u00f3n Traki:<\/strong> Su misi\u00f3n es mejorar la calidad de vida de los ni\u00f1os, ni\u00f1as y adolescentes venezolanos, apoyando iniciativas y acciones de alto impacto social, mediante alianzas estrat\u00e9gicas. M\u00e1s Informaci\u00f3n: <a href=\"https:\/\/www.instagram.com\/trakienganchate\/\" data-type=\"link\" data-id=\"https:\/\/www.instagram.com\/trakienganchate\/\" target=\"_blank\" rel=\"noopener\">@Trakifundacion<\/a> | <a href=\"https:\/\/www.fundaciontraki.com\/\" data-type=\"link\" data-id=\"https:\/\/www.fundaciontraki.com\/\" target=\"_blank\" rel=\"noopener\">www.fundaciontraki.com<\/a><\/p>\n<p><strong>Sobre Un Gesto Solidario:<\/strong> \u00abUn Gesto Solidario\u00bb es un programa de recaudaci\u00f3n de fondos destinado a apoyar a diversas ONG que promueven la educaci\u00f3n, el desarrollo y la mejora de la calidad de vida de ni\u00f1os, ni\u00f1as y adolescentes. Mensualmente, se selecciona una organizaci\u00f3n que recibe los aportes realizados por clientes en las tiendas Traki a nivel nacional, permitiendo la continuidad de sus iniciativas.<\/p>\n<p><strong><em>(Con informaci\u00f3n de Fundaci\u00f3n Traki)<\/em><\/strong><\/p>\n<\/p><\/div>\n<p><script async src=\"\/\/www.instagram.com\/embed.js\"><\/script><br \/>\n<br \/><a href=\"https:\/\/dateando.com\/reportero-dateando\/fundacion-traki-presente-1er-congreso-venezolano-fundraising\/\" class=\" target=\" title=\"Fundaci\u00f3n Traki dice presente en el Primer Congreso Venezolano de Fundraising\" target=\"_blank\" rel=\"noopener\">Ver fuente<\/a><\/p>\n","protected":false},"excerpt":{"rendered":"<p>Los d\u00edas 15 y 16 de mayo se celebr\u00f3 el Primer Congreso Venezolano de Fundraising, donde Fundaci\u00f3n Traki desempe\u00f1\u00f3 un rol activo como coorganizadora y panelista DAT.- Las organizaciones sin fines de lucro en Venezuela enfrentan grandes desaf\u00edos para recaudar los fondos que les permitan continuar con su labor. En un pa\u00eds donde las circunstancias [&hellip;]<\/p>\n","protected":false},"author":2,"featured_media":2933,"comment_status":"open","ping_status":"closed","sticky":false,"template":"","format":"standard","meta":{"footnotes":""},"categories":[11],"tags":[],"class_list":["post-2932","post","type-post","status-publish","format-standard","has-post-thumbnail","hentry","category-actualidad"],"_links":{"self":[{"href":"https:\/\/enfoquenoticioso.com\/index.php?rest_route=\/wp\/v2\/posts\/2932","targetHints":{"allow":["GET"]}}],"collection":[{"href":"https:\/\/enfoquenoticioso.com\/index.php?rest_route=\/wp\/v2\/posts"}],"about":[{"href":"https:\/\/enfoquenoticioso.com\/index.php?rest_route=\/wp\/v2\/types\/post"}],"author":[{"embeddable":true,"href":"https:\/\/enfoquenoticioso.com\/index.php?rest_route=\/wp\/v2\/users\/2"}],"replies":[{"embeddable":true,"href":"https:\/\/enfoquenoticioso.com\/index.php?rest_route=%2Fwp%2Fv2%2Fcomments&post=2932"}],"version-history":[{"count":0,"href":"https:\/\/enfoquenoticioso.com\/index.php?rest_route=\/wp\/v2\/posts\/2932\/revisions"}],"wp:featuredmedia":[{"embeddable":true,"href":"https:\/\/enfoquenoticioso.com\/index.php?rest_route=\/wp\/v2\/media\/2933"}],"wp:attachment":[{"href":"https:\/\/enfoquenoticioso.com\/index.php?rest_route=%2Fwp%2Fv2%2Fmedia&parent=2932"}],"wp:term":[{"taxonomy":"category","embeddable":true,"href":"https:\/\/enfoquenoticioso.com\/index.php?rest_route=%2Fwp%2Fv2%2Fcategories&post=2932"},{"taxonomy":"post_tag","embeddable":true,"href":"https:\/\/enfoquenoticioso.com\/index.php?rest_route=%2Fwp%2Fv2%2Ftags&post=2932"}],"curies":[{"name":"wp","href":"https:\/\/api.w.org\/{rel}","templated":true}]}}