{"id":2940,"date":"2024-05-20T06:52:06","date_gmt":"2024-05-20T06:52:06","guid":{"rendered":"https:\/\/enfoquenoticioso.com\/entretenimiento\/el-legado-2023-critica-esta-interesante-adaptacion-de-una-novela-de-epoca-paso-desapercibida-en-cines\/"},"modified":"2024-05-20T06:52:06","modified_gmt":"2024-05-20T06:52:06","slug":"el-legado-2023-critica-esta-interesante-adaptacion-de-una-novela-de-epoca-paso-desapercibida-en-cines","status":"publish","type":"post","link":"https:\/\/enfoquenoticioso.com\/?p=2940","title":{"rendered":"El legado (2023) cr\u00edtica: Esta interesante adaptaci\u00f3n de una novela de \u00e9poca pas\u00f3 desapercibida en cines"},"content":{"rendered":"<div>\n<p>El streaming es un buen lugar para recuperar esas pel\u00edculas peque\u00f1as que pasan brevemente por el cine sin pena ni gloria, y que merecen una segunda oportunidad. <a href=\"https:\/\/www.espinof.com\/tag\/el-legado\" target=\"_blank\" rel=\"noopener\">&#8216;El legado&#8217;<\/a> es <strong>una interesante adaptaci\u00f3n de una novela g\u00f3tica<\/strong> <strong>que se estren\u00f3 de tapadillo<\/strong> el a\u00f1o pasado, y ya la ten\u00e9is disponible en <a rel=\"noopener, noreferrer\" href=\"https:\/\/www.movistarplus.es\/cine\/el-legado\/ficha?tipo=E&amp;id=3288898\" target=\"_blank\">Movistar Plus+<\/a>.<\/p>\n<p><!-- BREAK 1 --> <\/p>\n<div id=\"ez-toc-container\" class=\"ez-toc-v2_0_81 counter-hierarchy ez-toc-counter ez-toc-grey ez-toc-container-direction\">\n<div class=\"ez-toc-title-container\">\n<p class=\"ez-toc-title\" style=\"cursor:inherit\">Tabla de Contenido<\/p>\n<span class=\"ez-toc-title-toggle\"><a href=\"#\" class=\"ez-toc-pull-right ez-toc-btn ez-toc-btn-xs ez-toc-btn-default ez-toc-toggle\" aria-label=\"Alternar tabla de contenidos\"><span class=\"ez-toc-js-icon-con\"><span class=\"\"><span class=\"eztoc-hide\" style=\"display:none;\">Toggle<\/span><span class=\"ez-toc-icon-toggle-span\"><svg style=\"fill: #999;color:#999\" xmlns=\"http:\/\/www.w3.org\/2000\/svg\" class=\"list-377408\" width=\"20px\" height=\"20px\" viewBox=\"0 0 24 24\" fill=\"none\"><path d=\"M6 6H4v2h2V6zm14 0H8v2h12V6zM4 11h2v2H4v-2zm16 0H8v2h12v-2zM4 16h2v2H4v-2zm16 0H8v2h12v-2z\" fill=\"currentColor\"><\/path><\/svg><svg style=\"fill: #999;color:#999\" class=\"arrow-unsorted-368013\" xmlns=\"http:\/\/www.w3.org\/2000\/svg\" width=\"10px\" height=\"10px\" viewBox=\"0 0 24 24\" version=\"1.2\" baseProfile=\"tiny\"><path d=\"M18.2 9.3l-6.2-6.3-6.2 6.3c-.2.2-.3.4-.3.7s.1.5.3.7c.2.2.4.3.7.3h11c.3 0 .5-.1.7-.3.2-.2.3-.5.3-.7s-.1-.5-.3-.7zM5.8 14.7l6.2 6.3 6.2-6.3c.2-.2.3-.5.3-.7s-.1-.5-.3-.7c-.2-.2-.4-.3-.7-.3h-11c-.3 0-.5.1-.7.3-.2.2-.3.5-.3.7s.1.5.3.7z\"\/><\/svg><\/span><\/span><\/span><\/a><\/span><\/div>\n<nav><ul class='ez-toc-list ez-toc-list-level-1 ' ><li class='ez-toc-page-1 ez-toc-heading-level-2'><a class=\"ez-toc-link ez-toc-heading-1\" href=\"https:\/\/enfoquenoticioso.com\/?p=2940\/#Las_mentiras_que_contamos\" >Las mentiras que contamos<\/a><\/li><\/ul><\/nav><\/div>\n<h2><span class=\"ez-toc-section\" id=\"Las_mentiras_que_contamos\"><\/span>Las mentiras que contamos<span class=\"ez-toc-section-end\"><\/span><\/h2>\n<p>Maud es <strong>una joven heredera que acaba de quedarse hu\u00e9rfana<\/strong>. Pese a que sus allegados se lo desaconsejan, decide cumplir las \u00faltimas voluntades de su padre y dejar que su t\u00edo y su familia se instalen para gestionar su patrimonio hasta su mayor\u00eda de edad, <strong>sin saber a qui\u00e9n le est\u00e1 abriendo realmente las puertas de su casa<\/strong>&#8230;<\/p>\n<p><!-- BREAK 2 --><\/p>\n<p>&#8216;El legado&#8217; (&#8216;Lies we tell&#8217;, 2023) es una pel\u00edcula irlandesa dirigida por Lisa Mulcahy (<a href=\"https:\/\/www.espinof.com\/criticas\/years-and-years-ultima-maravilla-bbc-sorprendente-alternativa-a-black-mirror\" target=\"_blank\" rel=\"noopener\">&#8216;Years and years&#8217;<\/a>) que <strong>se basa en la novela g\u00f3tica de misterio &#8216;El t\u00edo Silas&#8217;<\/strong>, escrita en 1864 por <strong>Joseph Sheridan Le Fanu <\/strong>(conocido por la vamp\u00edrica &#8216;Carmilla&#8217;). Ha tenido varias adaptaciones anteriores a esta, como la de 1947 de Jean Simmons o la miniserie de Peter O&#8217;Toole en 1989.<\/p>\n<p><!-- BREAK 3 --> <\/p>\n<p>Pese a que su paso por nuestra cartelera fue m\u00e1s bien silencioso, esta pel\u00edcula tiene todo para que las amantes del cine de \u00e9poca puedan disfrutarla. Empezando por el dise\u00f1o de producci\u00f3n que, sin ser un derroche de medios propio de grandes producciones, consigue <strong>recrear ese ambiente l\u00fagubre de novela g\u00f3tica <\/strong>a trav\u00e9s del escenario y la caracterizaci\u00f3n de los personajes.<\/p>\n<p><!-- BREAK 4 --><\/p>\n<div class=\"article-asset article-asset-normal article-asset-center\">\n<div class=\"desvio-container\">\n<div class=\"desvio\">\n<div class=\"desvio-figure js-desvio-figure\">\n    <a href=\"https:\/\/www.espinof.com\/listas\/mejores-series-epoca-netflix-hbo-amazon-movistar\" target=\"_blank\" rel=\"noopener\"><br \/>\n     <img loading=\"lazy\" decoding=\"async\" alt=\"Las 27 mejores series de \u00e9poca en Netflix, HBO Max, Amazon, Movistar Plus+ y otras plataformas de streaming\" width=\"375\" height=\"142\" src=\"https:\/\/i.blogs.es\/2ade24\/mejores-series-epoca-netflix\/375_142.jpeg\"\/><br \/>\n    <\/a>\n   <\/div>\n<\/p><\/div>\n<\/p><\/div>\n<\/div>\n<p>Los recovecos m\u00e1s tenebrosos de la casa representan ese legado oscuro que Maud ha aceptado, sin darse cuenta de que es un regalo envenado. Poco a poco va descubriendo que, los peque\u00f1os gestos que atisbaba y decid\u00eda ignorar (los modales de su primo, la sonrisa inquietante de su prima),<strong> no son simples nubes de humo, sino que alertan del incendio <\/strong>que est\u00e1 por llegar.<\/p>\n<p><!-- BREAK 5 --><\/p>\n<p>Sin duda, <strong>el personaje de Maud es el m\u00e1s interesante<\/strong> de esta historia<strong> por sus matices<\/strong>: es una persona muy segura de s\u00ed misma y de su criterio a la hora de juzgar a las personas. Sin embargo, su juventud y el hecho de que su padre no le permitiera salir de casa <strong>le condicionan m\u00e1s de lo que est\u00e1 dispuesta admitir<\/strong>, y eso termina llev\u00e1ndola a precipitarse a la hora de otorgar su confianza.<\/p>\n<p><!-- BREAK 6 --> <\/p>\n<div class=\"article-asset-image article-asset-large article-asset-center\">\n<div class=\"asset-content\">\n                   <img class=\"\" height=\"900\" width=\"1600\" loading=\"lazy\" decoding=\"async\" sizes=\"auto, 100vw\" fetchpriority=\"high\" srcset=\"https:\/\/i.blogs.es\/3a3eb1\/legado\/450_1000.jpeg 450w, https:\/\/i.blogs.es\/3a3eb1\/legado\/650_1200.jpeg 681w,https:\/\/i.blogs.es\/3a3eb1\/legado\/1024_2000.jpeg 1024w, https:\/\/i.blogs.es\/3a3eb1\/legado\/1366_2000.jpeg 1366w\" src=\"https:\/\/i.blogs.es\/3a3eb1\/legado\/450_1000.jpeg\" alt=\"Legado\"\/><br \/>\n   <img decoding=\"async\" alt=\"Legado\" class=\"\" src=\"https:\/\/i.blogs.es\/3a3eb1\/legado\/450_1000.jpeg\"\/><\/p><\/div>\n<\/div>\n<p><strong>El de Maud es un viaje interior y solitario<\/strong>, en el que tendr\u00e1 que aprender sola de sus errores y averiguar c\u00f3mo usar su car\u00e1cter terco y su fuerza de voluntad para luchar contra la amenaza que tiene en su propia casa y no ceder pese a estar en desventaja.<\/p>\n<p><!-- BREAK 7 --><\/p>\n<p>Aunque es necesario un tiempo para entender a nuestra protagonista, la pel\u00edcula hace que empaticemos enseguida con ella y sintamos su mismo recelo ante esos gestos inquietantes que perturban su rutina. Adem\u00e1s de que es muy f\u00e1cil conectar con la desesperaci\u00f3n y la impotencia de una persona a la que<strong> le est\u00e1n haciendo \u00abluz de gas\u00bb<\/strong>.<\/p>\n<p><!-- BREAK 8 --><\/p>\n<div class=\"article-asset article-asset-normal article-asset-center\">\n<div class=\"desvio-container\">\n<div class=\"desvio\">\n<div class=\"desvio-figure js-desvio-figure\">\n    <a href=\"https:\/\/www.espinof.com\/criticas\/adaptacion-iconica-este-clasico-literatura-tienes-poco-tiempo-para-verlo-antes-que-abandone-hbo-max\" target=\"_blank\" rel=\"noopener\"><br \/>\n     <img loading=\"lazy\" decoding=\"async\" alt=\"Es la adaptaci\u00f3n m\u00e1s ic\u00f3nica de este cl\u00e1sico de la literatura y tienes poco tiempo para verla antes de que abandone HBO Max\" width=\"375\" height=\"142\" src=\"https:\/\/i.blogs.es\/9caa15\/cumbres-borrascosas\/375_142.jpeg\"\/><br \/>\n    <\/a>\n   <\/div>\n<\/p><\/div>\n<\/p><\/div>\n<\/div>\n<p><strong>Agnes O&#8217;Casey<\/strong> brilla como la protagonista absoluta de esta historia, que te atrapa durante <strong>su duraci\u00f3n ajustada de hora y media<\/strong>. Es cierto que su final peca de ser algo melodram\u00e1tico pero, afortunadamente, no estropea el buen sabor de boca que te deja todo lo dem\u00e1s.<\/p>\n<p><!-- BREAK 9 --><\/p>\n<p>&#8216;El legado&#8217; es una drama de \u00e9poca muy recomendable si os gustan las historias de <strong>caserones viejos, tazas y se\u00f1oras que traman su venganza <\/strong>en silencio. Una pel\u00edcula peque\u00f1a, sombr\u00eda y fascinante que ahora pod\u00e9is recuperar en streaming.<\/p>\n<p><!-- BREAK 10 --> <\/p>\n<p>En Espinof | <a href=\"https:\/\/www.espinof.com\/listas\/mejores-peliculas-basadas-libros\" target=\"_blank\" rel=\"noopener\">Las 18 mejores pel\u00edculas basadas en libros<\/a><\/p>\n<p><!-- BREAK 11 -->\n <\/div>\n<p><a href=\"https:\/\/www.espinof.com\/criticas\/esta-interesante-adaptacion-novela-epoca-paso-desapercibida-cines-puedes-descubrirla-streaming\" class=\" target=\" title=\"El legado (2023) cr\u00edtica: Esta interesante adaptaci\u00f3n de una novela de \u00e9poca pas\u00f3 desapercibida en cines\" target=\"_blank\" rel=\"noopener\">Ver fuente<\/a><\/p>\n","protected":false},"excerpt":{"rendered":"<p>El streaming es un buen lugar para recuperar esas pel\u00edculas peque\u00f1as que pasan brevemente por el cine sin pena ni gloria, y que merecen una segunda oportunidad. &#8216;El legado&#8217; es una interesante adaptaci\u00f3n de una novela g\u00f3tica que se estren\u00f3 de tapadillo el a\u00f1o pasado, y ya la ten\u00e9is disponible en Movistar Plus+. Las mentiras [&hellip;]<\/p>\n","protected":false},"author":2,"featured_media":2941,"comment_status":"open","ping_status":"closed","sticky":false,"template":"","format":"standard","meta":{"footnotes":""},"categories":[8],"tags":[],"class_list":["post-2940","post","type-post","status-publish","format-standard","has-post-thumbnail","hentry","category-entretenimiento"],"_links":{"self":[{"href":"https:\/\/enfoquenoticioso.com\/index.php?rest_route=\/wp\/v2\/posts\/2940","targetHints":{"allow":["GET"]}}],"collection":[{"href":"https:\/\/enfoquenoticioso.com\/index.php?rest_route=\/wp\/v2\/posts"}],"about":[{"href":"https:\/\/enfoquenoticioso.com\/index.php?rest_route=\/wp\/v2\/types\/post"}],"author":[{"embeddable":true,"href":"https:\/\/enfoquenoticioso.com\/index.php?rest_route=\/wp\/v2\/users\/2"}],"replies":[{"embeddable":true,"href":"https:\/\/enfoquenoticioso.com\/index.php?rest_route=%2Fwp%2Fv2%2Fcomments&post=2940"}],"version-history":[{"count":0,"href":"https:\/\/enfoquenoticioso.com\/index.php?rest_route=\/wp\/v2\/posts\/2940\/revisions"}],"wp:featuredmedia":[{"embeddable":true,"href":"https:\/\/enfoquenoticioso.com\/index.php?rest_route=\/wp\/v2\/media\/2941"}],"wp:attachment":[{"href":"https:\/\/enfoquenoticioso.com\/index.php?rest_route=%2Fwp%2Fv2%2Fmedia&parent=2940"}],"wp:term":[{"taxonomy":"category","embeddable":true,"href":"https:\/\/enfoquenoticioso.com\/index.php?rest_route=%2Fwp%2Fv2%2Fcategories&post=2940"},{"taxonomy":"post_tag","embeddable":true,"href":"https:\/\/enfoquenoticioso.com\/index.php?rest_route=%2Fwp%2Fv2%2Ftags&post=2940"}],"curies":[{"name":"wp","href":"https:\/\/api.w.org\/{rel}","templated":true}]}}