{"id":2972,"date":"2024-05-20T14:29:35","date_gmt":"2024-05-20T14:29:35","guid":{"rendered":"https:\/\/enfoquenoticioso.com\/entretenimiento\/antonio-de-la-rua-se-acerca-de-nuevo-a-shakira\/"},"modified":"2024-05-20T14:29:35","modified_gmt":"2024-05-20T14:29:35","slug":"antonio-de-la-rua-se-acerca-de-nuevo-a-shakira","status":"publish","type":"post","link":"https:\/\/enfoquenoticioso.com\/?p=2972","title":{"rendered":"Antonio de la R\u00faa se acerca de nuevo a Shakira"},"content":{"rendered":"<div>\n<p>El pasado 12 de mayo, durante el D\u00eda de las Madres, la cantante colombiana Shakira comparti\u00f3 una emotiva imagen de sus hijos, Milan y Sasha junto a un emotivo mensaje dedicado a todas las madres.<span id=\"more-528885\"\/><\/p>\n<p><strong>\u201cHoy quiero celebrar a todas las mujeres que dan y nutren la vida, porque todas, con o sin hijos, sabemos cuidar y luchar por los que dependen de nosotros\u201d, escribi\u00f3 la barranquillera en su red social.<\/strong><\/p>\n<p>La publicaci\u00f3n que, recibi\u00f3 varios \u201clikes\u201d, llam\u00f3 la atenci\u00f3n por uno en especial: el de Antonio de la R\u00faa, su expareja y con quien mantuvo una relaci\u00f3n por varios a\u00f1os.<\/p>\n<p><strong>El gesto que no pas\u00f3 desapercibido, se volvi\u00f3 viral en redes sociales tras varios rumores sobre una posible reconciliaci\u00f3n entre la colombiana y el argentino.<\/strong><\/p>\n<p>\u201cAntonio de la R\u00faa d\u00e1ndole \u2018like\u2019 la foto de Shakira con sus hijos. Para los que dicen que Shakira termina en malos t\u00e9rminos con los ex\u201d, \u201cde la R\u00faa s\u00ed le aplic\u00f3 a Shakira el \u2018hola perdida\u2019\u201d y \u201cElla todav\u00eda visita a su exsuegra In\u00e9s Pertin\u00e9 la mam\u00e1 de Antonio de la R\u00faa\u201d, fueron algunos de los comentarios de los internautas.<\/p>\n<p><strong>Pues dicha reacci\u00f3n se suma a otras se\u00f1ales que se han presentado durante los \u00faltimos meses y que evidenciar\u00edan un acercamiento entre ambos tras m\u00e1s de una d\u00e9cada separados.<\/strong><\/p>\n<p>Entre los m\u00e1s notorios fue un \u201clike\u201d en 2023, cuando se public\u00f3 la colaboraci\u00f3n de la barranquillera junto al productor argentino Bizarrap.<\/p>\n<p>En el mes de enero Shakira se tom\u00f3 una fotograf\u00eda con In\u00e9s Pertin\u00e9, la mam\u00e1 de su anterior novio, Antonio de la R\u00faa, durante una visita a Miami (Florida, Estados Unidos).<\/p>\n<p><strong>A trav\u00e9s de una fotograf\u00eda compartida en sus redes sociales, Shakira fue vista muy sonriente junto a la mujer y acompa\u00f1\u00f3 la imagen con una peque\u00f1a descripci\u00f3n que dec\u00eda: \u201cCon nuestra exsuegra amada\u201d.<\/strong><\/p>\n<div id=\"ez-toc-container\" class=\"ez-toc-v2_0_81 counter-hierarchy ez-toc-counter ez-toc-grey ez-toc-container-direction\">\n<div class=\"ez-toc-title-container\">\n<p class=\"ez-toc-title\" style=\"cursor:inherit\">Tabla de Contenido<\/p>\n<span class=\"ez-toc-title-toggle\"><a href=\"#\" class=\"ez-toc-pull-right ez-toc-btn ez-toc-btn-xs ez-toc-btn-default ez-toc-toggle\" aria-label=\"Alternar tabla de contenidos\"><span class=\"ez-toc-js-icon-con\"><span class=\"\"><span class=\"eztoc-hide\" style=\"display:none;\">Toggle<\/span><span class=\"ez-toc-icon-toggle-span\"><svg style=\"fill: #999;color:#999\" xmlns=\"http:\/\/www.w3.org\/2000\/svg\" class=\"list-377408\" width=\"20px\" height=\"20px\" viewBox=\"0 0 24 24\" fill=\"none\"><path d=\"M6 6H4v2h2V6zm14 0H8v2h12V6zM4 11h2v2H4v-2zm16 0H8v2h12v-2zM4 16h2v2H4v-2zm16 0H8v2h12v-2z\" fill=\"currentColor\"><\/path><\/svg><svg style=\"fill: #999;color:#999\" class=\"arrow-unsorted-368013\" xmlns=\"http:\/\/www.w3.org\/2000\/svg\" width=\"10px\" height=\"10px\" viewBox=\"0 0 24 24\" version=\"1.2\" baseProfile=\"tiny\"><path d=\"M18.2 9.3l-6.2-6.3-6.2 6.3c-.2.2-.3.4-.3.7s.1.5.3.7c.2.2.4.3.7.3h11c.3 0 .5-.1.7-.3.2-.2.3-.5.3-.7s-.1-.5-.3-.7zM5.8 14.7l6.2 6.3 6.2-6.3c.2-.2.3-.5.3-.7s-.1-.5-.3-.7c-.2-.2-.4-.3-.7-.3h-11c-.3 0-.5.1-.7.3-.2.2-.3.5-.3.7s.1.5.3.7z\"\/><\/svg><\/span><\/span><\/span><\/a><\/span><\/div>\n<nav><ul class='ez-toc-list ez-toc-list-level-1 ' ><li class='ez-toc-page-1 ez-toc-heading-level-3'><a class=\"ez-toc-link ez-toc-heading-1\" href=\"https:\/\/enfoquenoticioso.com\/?p=2972\/#Shakira_y_su_exrelacion_con_Antonio_de_la_Rua\" >Shakira y su exrelaci\u00f3n con Antonio de la R\u00faa<\/a><ul class='ez-toc-list-level-4' ><li class='ez-toc-heading-level-4'><a class=\"ez-toc-link ez-toc-heading-2\" href=\"https:\/\/enfoquenoticioso.com\/?p=2972\/#Sigue_al_canal_de_noticias_en_Whatsaap\" >Sigue al canal de noticias en Whatsaap\u00a0<\/a><\/li><\/ul><\/li><\/ul><\/nav><\/div>\n<h3><span class=\"ez-toc-section\" id=\"Shakira_y_su_exrelacion_con_Antonio_de_la_Rua\"><\/span><strong>Shakira y su exrelaci\u00f3n con Antonio de la R\u00faa<\/strong><span class=\"ez-toc-section-end\"><\/span><\/h3>\n<p>De acuerdo con rese\u00f1as de la prensa especializada en far\u00e1ndula, Shakira sostuvo una relaci\u00f3n de m\u00e1s de diez a\u00f1os con Antonio de la R\u00faa que lleg\u00f3 a su fin en 2011.<\/p>\n<p><strong>La relaci\u00f3n entre el empresario argentino y la cantante colombiana se termin\u00f3 relativamente de manera amistosa, seg\u00fan un comunicado emitido por la artista en ese entonces: \u201cNuestra amistad y la comprensi\u00f3n es inquebrantable e indestructible\u201d.<\/strong><\/p>\n<p>Sin embargo, esa buena relaci\u00f3n lleg\u00f3 a su fin en noviembre de 2012 cuando De la R\u00faa emprendi\u00f3 una batalla legal contra su expareja bajo el argumento de que hab\u00eda \u201ccontribuido a su \u00e9xito musical a nivel internacional\u201d.<\/p>\n<p><strong>Dicho proceso legal termin\u00f3 a favor de Shakira que sali\u00f3 victoriosa de los tribunales, luego de que el hombre exigiera una suma de 77 millones de euros por su contribuci\u00f3n a la carrera art\u00edstica de la \u2018currambera\u2019.<\/strong><\/p>\n<p>Pero un a\u00f1o m\u00e1s tarde del litigio, De la R\u00faa dej\u00f3 todo atr\u00e1s y afirm\u00f3: \u201cPor mi parte no queda ninguna cuenta pendiente con Shakira en lo personal. La veo feliz y eso me hace feliz\u201d.<\/p>\n<h4><span class=\"ez-toc-section\" id=\"Sigue_al_canal_de_noticias_en_Whatsaap\"><\/span><strong><a href=\"https:\/\/whatsapp.com\/channel\/0029VaDXFnLId7nFFiDdVI26?fbclid=IwAR1LnVJqcByTELJH4Ht086FYRmdx18pRnV7CrkzmTJ5JaLHYY0igukfL9Yk\" target=\"_blank\" rel=\"noopener\">Sigue al canal de noticias en Whatsaap\u00a0<\/a><\/strong><span class=\"ez-toc-section-end\"><\/span><\/h4>\n<\/div>\n<p><a href=\"https:\/\/noticiasaldiayalahora.co\/entretenimiento\/donde-hubo-fuego-antonio-de-la-rua-se-acerca-de-nuevo-a-shakira\/\" class=\" target=\" title=\"Antonio de la R\u00faa se acerca de nuevo a Shakira\" target=\"_blank\" rel=\"noopener\">Ver fuente<\/a><\/p>\n","protected":false},"excerpt":{"rendered":"<p>El pasado 12 de mayo, durante el D\u00eda de las Madres, la cantante colombiana Shakira comparti\u00f3 una emotiva imagen de sus hijos, Milan y Sasha junto a un emotivo mensaje dedicado a todas las madres. \u201cHoy quiero celebrar a todas las mujeres que dan y nutren la vida, porque todas, con o sin hijos, sabemos [&hellip;]<\/p>\n","protected":false},"author":2,"featured_media":2973,"comment_status":"open","ping_status":"closed","sticky":false,"template":"","format":"standard","meta":{"footnotes":""},"categories":[8],"tags":[],"class_list":["post-2972","post","type-post","status-publish","format-standard","has-post-thumbnail","hentry","category-entretenimiento"],"_links":{"self":[{"href":"https:\/\/enfoquenoticioso.com\/index.php?rest_route=\/wp\/v2\/posts\/2972","targetHints":{"allow":["GET"]}}],"collection":[{"href":"https:\/\/enfoquenoticioso.com\/index.php?rest_route=\/wp\/v2\/posts"}],"about":[{"href":"https:\/\/enfoquenoticioso.com\/index.php?rest_route=\/wp\/v2\/types\/post"}],"author":[{"embeddable":true,"href":"https:\/\/enfoquenoticioso.com\/index.php?rest_route=\/wp\/v2\/users\/2"}],"replies":[{"embeddable":true,"href":"https:\/\/enfoquenoticioso.com\/index.php?rest_route=%2Fwp%2Fv2%2Fcomments&post=2972"}],"version-history":[{"count":0,"href":"https:\/\/enfoquenoticioso.com\/index.php?rest_route=\/wp\/v2\/posts\/2972\/revisions"}],"wp:featuredmedia":[{"embeddable":true,"href":"https:\/\/enfoquenoticioso.com\/index.php?rest_route=\/wp\/v2\/media\/2973"}],"wp:attachment":[{"href":"https:\/\/enfoquenoticioso.com\/index.php?rest_route=%2Fwp%2Fv2%2Fmedia&parent=2972"}],"wp:term":[{"taxonomy":"category","embeddable":true,"href":"https:\/\/enfoquenoticioso.com\/index.php?rest_route=%2Fwp%2Fv2%2Fcategories&post=2972"},{"taxonomy":"post_tag","embeddable":true,"href":"https:\/\/enfoquenoticioso.com\/index.php?rest_route=%2Fwp%2Fv2%2Ftags&post=2972"}],"curies":[{"name":"wp","href":"https:\/\/api.w.org\/{rel}","templated":true}]}}