{"id":2992,"date":"2024-05-20T20:18:07","date_gmt":"2024-05-20T20:18:07","guid":{"rendered":"https:\/\/enfoquenoticioso.com\/internacionales\/iran-llora-a-su-presidente-mientras-se-abre-una-nueva-etapa-de-incertidumbre-politica\/"},"modified":"2024-05-20T20:18:07","modified_gmt":"2024-05-20T20:18:07","slug":"iran-llora-a-su-presidente-mientras-se-abre-una-nueva-etapa-de-incertidumbre-politica","status":"publish","type":"post","link":"https:\/\/enfoquenoticioso.com\/?p=2992","title":{"rendered":"Ir\u00e1n llora a su presidente mientras se abre una nueva etapa de incertidumbre pol\u00edtica"},"content":{"rendered":"<div>\n<p>Miles de personas salieron a las calles de Teher\u00e1n y otras ciudades iran\u00edes a honrar la memoria del presidente, Ebrahim Raisi, hallado muerto a primera hora del lunes tras un accidente de helic\u00f3ptero en la v\u00edspera a su retorno de Azerbaiy\u00e1n. El ayatol\u00e1 Al\u00ed Jamenei, l\u00edder supremo de la rep\u00fablica isl\u00e1mica, llam\u00f3 a cinco d\u00edas de luto nacional y nombr\u00f3 a Mohammad Mokhber como pesidente interino en medio del inicio de un nuevo episodio de incertidumbre en el Ejecutivo nacional. El martes iniciar\u00e1n los funerales.<\/p>\n<p>Teher\u00e1n despert\u00f3 este lunes con la noticia que no muchos quer\u00edan recibir: el presidente Ebrahim Raisi y su s\u00e9quito fallecieron en un accidente de helic\u00f3ptero mientras volaban de regreso a casa luego de inaugurar una presa conjunta con su aliado Azerbaiy\u00e1n.<\/p>\n<p>El ayatol\u00e1 Al\u00ed Jamenei, l\u00edder supremo, decret\u00f3 cinco d\u00edas de luto nacional y se indic\u00f3 que los funerales para honrar la memoria del mandatario iniciar\u00e1n el mates. Miles de personas salieron a las calles en homenajes improvisados a lo largo y ancho del pa\u00eds para llorar a su presidente.<\/p>\n<p>Sin embargo, el deceso de Raisi est\u00e1 trastocando los planes de los partidarios de la l\u00ednea dura que quer\u00edan que sucediera al l\u00edder supremo, el ayatol\u00e1 Al\u00ed Jamenei, y tambi\u00e9n provocar\u00e1 rivalidades entre sus partidarios sobre qui\u00e9n tendr\u00e1 el poder en los asuntos de la Rep\u00fablica Isl\u00e1mica despu\u00e9s de su partida, seg\u00fan expertos consultados por la agencia de noticias Reuters.<\/p>\n<p>Raisi, de 63 a\u00f1os, fue disc\u00edpulo de Jamenei, ascendi\u00f3 en las filas del Gobierno de Ir\u00e1n y era ampliamente visto como el principal candidato para suceder al l\u00edder supremo de 85 a\u00f1os. Pero este no era un asunto resuelto en la pol\u00edtica iran\u00ed, que est\u00e1 rodeada de ambig\u00fcedad.<\/p>\n<p>Su ascenso a la Presidencia fue parte de los esfuerzos por consolidar el poder en manos de personas de l\u00ednea dura dedicadas a apuntalar los pilares de la Rep\u00fablica Isl\u00e1mica frente a los peligros planteados por la oposici\u00f3n interna y los enemigos poderosos en una regi\u00f3n turbulenta.<\/p>\n<p>Raisi cont\u00f3 con un fuerte apoyo de Jamenei, quien fue presidente antes de convertirse en l\u00edder supremo en 1989 tras la muerte del fundador de la Rep\u00fablica Isl\u00e1mica, el ayatol\u00e1 Jomeini.<\/p>\n<p>El l\u00edder supremo iran\u00ed goza de autoridad absoluta en los asuntos del pa\u00eds. Es el Comandante Supremo de las Fuerzas Armadas y es quien decide la direcci\u00f3n de la pol\u00edtica exterior, cuyas caracter\u00edsticas est\u00e1n determinadas en gran medida por el enfrentamiento con Estados Unidos e Israel.<\/p>\n<div id=\"ez-toc-container\" class=\"ez-toc-v2_0_81 counter-hierarchy ez-toc-counter ez-toc-grey ez-toc-container-direction\">\n<div class=\"ez-toc-title-container\">\n<p class=\"ez-toc-title\" style=\"cursor:inherit\">Tabla de Contenido<\/p>\n<span class=\"ez-toc-title-toggle\"><a href=\"#\" class=\"ez-toc-pull-right ez-toc-btn ez-toc-btn-xs ez-toc-btn-default ez-toc-toggle\" aria-label=\"Alternar tabla de contenidos\"><span class=\"ez-toc-js-icon-con\"><span class=\"\"><span class=\"eztoc-hide\" style=\"display:none;\">Toggle<\/span><span class=\"ez-toc-icon-toggle-span\"><svg style=\"fill: #999;color:#999\" xmlns=\"http:\/\/www.w3.org\/2000\/svg\" class=\"list-377408\" width=\"20px\" height=\"20px\" viewBox=\"0 0 24 24\" fill=\"none\"><path d=\"M6 6H4v2h2V6zm14 0H8v2h12V6zM4 11h2v2H4v-2zm16 0H8v2h12v-2zM4 16h2v2H4v-2zm16 0H8v2h12v-2z\" fill=\"currentColor\"><\/path><\/svg><svg style=\"fill: #999;color:#999\" class=\"arrow-unsorted-368013\" xmlns=\"http:\/\/www.w3.org\/2000\/svg\" width=\"10px\" height=\"10px\" viewBox=\"0 0 24 24\" version=\"1.2\" baseProfile=\"tiny\"><path d=\"M18.2 9.3l-6.2-6.3-6.2 6.3c-.2.2-.3.4-.3.7s.1.5.3.7c.2.2.4.3.7.3h11c.3 0 .5-.1.7-.3.2-.2.3-.5.3-.7s-.1-.5-.3-.7zM5.8 14.7l6.2 6.3 6.2-6.3c.2-.2.3-.5.3-.7s-.1-.5-.3-.7c-.2-.2-.4-.3-.7-.3h-11c-.3 0-.5.1-.7.3-.2.2-.3.5-.3.7s.1.5.3.7z\"\/><\/svg><\/span><\/span><\/span><\/a><\/span><\/div>\n<nav><ul class='ez-toc-list ez-toc-list-level-1 ' ><li class='ez-toc-page-1 ez-toc-heading-level-2'><a class=\"ez-toc-link ez-toc-heading-1\" href=\"https:\/\/enfoquenoticioso.com\/?p=2992\/#%C2%BFSin_sucesor_a_Ayatola\" >\u00bfSin sucesor a Ayatol\u00e1?<\/a><\/li><li class='ez-toc-page-1 ez-toc-heading-level-2'><a class=\"ez-toc-link ez-toc-heading-2\" href=\"https:\/\/enfoquenoticioso.com\/?p=2992\/#%E2%80%98Un_golpe_al_establishment\" >\u2018Un golpe al establishment\u2019<\/a><\/li><li class='ez-toc-page-1 ez-toc-heading-level-2'><a class=\"ez-toc-link ez-toc-heading-3\" href=\"https:\/\/enfoquenoticioso.com\/?p=2992\/#Incertidumbre_en_la_sucesion\" >Incertidumbre en la sucesi\u00f3n<\/a><\/li><\/ul><\/nav><\/div>\n<h2><span class=\"ez-toc-section\" id=\"%C2%BFSin_sucesor_a_Ayatola\"><\/span>\u00bfSin sucesor a Ayatol\u00e1?<span class=\"ez-toc-section-end\"><\/span><\/h2>\n<p>Jamenei no apoy\u00f3 a un sucesor espec\u00edfico, pero los observadores de los asuntos iran\u00edes dicen que Raisi fue uno de los dos nombres que se mencionaron con frecuencia. El segundo es el segundo hijo de Jamenei, Mojtaba, de quien se cree ampliamente que tiene influencia en los pasillos y pasillos secundarios de la pol\u00edtica iran\u00ed.<\/p>\n<p>Vali Nasr, profesor de estudios de Oriente Medio y asuntos internacionales en la Escuela de Estudios Internacionales Avanzados de Johns Hopkins, dijo que Raisi, que contaba con el respaldo de un grupo que quer\u00eda que \u00e9l se convirtiera en l\u00edder supremo, claramente quer\u00eda desempe\u00f1ar ese papel.<\/p>\n<p>Y a\u00f1adi\u00f3: \u00abAhora no tienen candidato, y esto abre la puerta para que otras facciones u otras personalidades surjan como competidores serios\u00bb.<\/p>\n<p>Para Raisi, un cl\u00e9rigo chiita de rango medio, la presidencia era un medio para llegar al m\u00e1ximo liderazgo. Nasr dijo: \u00abNo hay ning\u00fan otro candidato en este momento que tenga tal base. Por esta raz\u00f3n, las elecciones presidenciales en Ir\u00e1n, cualesquiera que sean sus resultados, ser\u00e1n lo primero que decidir\u00e1 lo que traer\u00e1n los d\u00edas\u00bb.<\/p>\n<h2><span class=\"ez-toc-section\" id=\"%E2%80%98Un_golpe_al_establishment\"><\/span>\u2018Un golpe al establishment\u2019<span class=\"ez-toc-section-end\"><\/span><\/h2>\n<p>Dos conocedores del r\u00e9gimen iran\u00ed dijeron a Reuters que las opiniones de Raisi hac\u00edan eco de las opiniones de Jamenei en cada tema fundamental, y que implement\u00f3 las pol\u00edticas del l\u00edder supremo destinadas a consolidar el poder del clero, reprimir a los oponentes y adoptar un enfoque de l\u00ednea dura en cuestiones de pol\u00edtica exterior como la energ\u00eda nuclear en conversaciones con Washington.<\/p>\n<p>Los partidarios de la l\u00ednea dura mantuvieron su control en las elecciones parlamentarias celebradas en marzo, pero la participaci\u00f3n cay\u00f3 al nivel m\u00e1s bajo desde la revoluci\u00f3n.<\/p>\n<p>Los cr\u00edticos dicen que esto refleja una crisis de legitimidad de la \u00e9lite religiosa, en medio de la escalada de conflictos econ\u00f3micos y la oposici\u00f3n entre los iran\u00edes enojados por las restricciones sociales y pol\u00edticas que llevaron a meses de protestas que comenzaron despu\u00e9s de la muerte de Mahsa Amini, quien fue arrestada por la polic\u00eda moral en 2022.<\/p>\n<p>Hay dudas sobre el posible nombramiento de Mojtaba, un cl\u00e9rigo de rango medio que ense\u00f1a ciencias religiosas en un instituto religioso de la ciudad de Qom, que ocupa una posici\u00f3n destacada entre los chi\u00edtas.<\/p>\n<p>Una fuente iran\u00ed cercana a la oficina de Jamenei dijo que el l\u00edder supremo expres\u00f3 su oposici\u00f3n a la nominaci\u00f3n de su hijo porque no quer\u00eda ver ning\u00fan retorno a un sistema de gobierno hereditario en un pa\u00eds donde la revoluci\u00f3n iran\u00ed de 1979 derroc\u00f3 a la monarqu\u00eda respaldada por Estados Unidos.<\/p>\n<p>Una fuente regional bien informada en Teher\u00e1n dijo que la oposici\u00f3n de Jamenei al gobierno hereditario destruir\u00e1 las posibilidades de Mojtaba y Ali Jomeini, el nieto del fundador de la Rep\u00fablica Isl\u00e1mica que reside en Najaf, Irak.<\/p>\n<p>Un ex funcionario iran\u00ed dijo que ahora se espera que partidos influyentes, como la Guardia Revolucionaria y cl\u00e9rigos influyentes en Qom, intensifiquen sus esfuerzos para dar forma al proceso mediante el cual se elige al pr\u00f3ximo l\u00edder supremo.<\/p>\n<p>\u00abLa muerte de Raisi golpea al establishment, que ahora no tiene otro candidato\u00bb, afirm\u00f3 el funcionario. A\u00f1adi\u00f3 que Raisi cre\u00eda que lo estaban preparando para suceder a Jamenei, pero nadie sab\u00eda con certeza las intenciones del l\u00edder supremo iran\u00ed.<\/p>\n<h2><span class=\"ez-toc-section\" id=\"Incertidumbre_en_la_sucesion\"><\/span>Incertidumbre en la sucesi\u00f3n<span class=\"ez-toc-section-end\"><\/span><\/h2>\n<p>Jamenei no era el candidato m\u00e1s probable para este papel en 1989, y s\u00f3lo salt\u00f3 a la palestra despu\u00e9s de acuerdos encubiertos entre la \u00e9lite religiosa.<\/p>\n<p>Seg\u00fan la Constituci\u00f3n iran\u00ed, el l\u00edder supremo es nombrado por decisi\u00f3n de la Asamblea de Expertos, un organismo clerical de 88 miembros que supervisa al l\u00edder supremo y, en teor\u00eda, puede destituirlo.<\/p>\n<p>Los miembros del consejo se eligen mediante elecciones. Pero hay otro organismo de supervisi\u00f3n estricto que incluye cl\u00e9rigos y juristas aliados con Jamenei, que tiene el poder de vetar leyes y determinar qui\u00e9n puede postularse.<\/p>\n<p>Dos fuentes familiarizadas con el asunto dijeron que la Asamblea de Expertos elimin\u00f3 el nombre de Raisi de la lista de posibles sucesores hace unos seis meses debido a una disminuci\u00f3n de su popularidad como resultado de las dificultades econ\u00f3micas derivadas de las sanciones y la mala gesti\u00f3n de Estados Unidos.<\/p>\n<p>Una fuente dijo que los cl\u00e9rigos influyentes que apoyaban a Raisi hab\u00edan presionado mucho para restaurar su nombre.<\/p>\n<p>Ali Faez, director del Proyecto Ir\u00e1n del International Crisis Group, dijo: \u00abS\u00f3lo un n\u00famero limitado de funcionarios en la cumbre pueden conocer la veracidad de la narrativa de Raisi como sucesor\u00bb.<\/p>\n<p>Y a\u00f1adi\u00f3: \u00abPero si este (la sucesi\u00f3n de Raisi a Jamenei) es el plan, entonces la muerte de Raisi genera una gran incertidumbre sobre la sucesi\u00f3n\u00bb.<\/p>\n<p>Alex Vatanka, director del programa de Ir\u00e1n en el Instituto de Oriente Medio en Washington, dijo que muchos tomaron el papel de Jamenei en el apoyo a Raisi como una se\u00f1al de que lo quer\u00eda como su sucesor.<\/p>\n<p>A\u00f1adi\u00f3 que su muerte \u00abpuede conducir a luchas internas dentro del r\u00e9gimen como no hemos visto desde principios de los a\u00f1os 1980\u00bb. <em>Reuters<\/em><\/p>\n<p>\u00a0<\/p>\n<\/div>\n<p><a href=\"https:\/\/noticiasaldiayalahora.co\/internacionales\/iran-llora-a-su-presidente-mientras-se-abre-una-nueva-etapa-de-incertidumbre-politica\/\" class=\" target=\" title=\"Ir\u00e1n llora a su presidente mientras se abre una nueva etapa de incertidumbre pol\u00edtica\" target=\"_blank\" rel=\"noopener\">Ver fuente<\/a><\/p>\n","protected":false},"excerpt":{"rendered":"<p>Miles de personas salieron a las calles de Teher\u00e1n y otras ciudades iran\u00edes a honrar la memoria del presidente, Ebrahim Raisi, hallado muerto a primera hora del lunes tras un accidente de helic\u00f3ptero en la v\u00edspera a su retorno de Azerbaiy\u00e1n. El ayatol\u00e1 Al\u00ed Jamenei, l\u00edder supremo de la rep\u00fablica isl\u00e1mica, llam\u00f3 a cinco d\u00edas [&hellip;]<\/p>\n","protected":false},"author":2,"featured_media":2993,"comment_status":"open","ping_status":"closed","sticky":false,"template":"","format":"standard","meta":{"footnotes":""},"categories":[6],"tags":[],"class_list":["post-2992","post","type-post","status-publish","format-standard","has-post-thumbnail","hentry","category-internacionales"],"_links":{"self":[{"href":"https:\/\/enfoquenoticioso.com\/index.php?rest_route=\/wp\/v2\/posts\/2992","targetHints":{"allow":["GET"]}}],"collection":[{"href":"https:\/\/enfoquenoticioso.com\/index.php?rest_route=\/wp\/v2\/posts"}],"about":[{"href":"https:\/\/enfoquenoticioso.com\/index.php?rest_route=\/wp\/v2\/types\/post"}],"author":[{"embeddable":true,"href":"https:\/\/enfoquenoticioso.com\/index.php?rest_route=\/wp\/v2\/users\/2"}],"replies":[{"embeddable":true,"href":"https:\/\/enfoquenoticioso.com\/index.php?rest_route=%2Fwp%2Fv2%2Fcomments&post=2992"}],"version-history":[{"count":0,"href":"https:\/\/enfoquenoticioso.com\/index.php?rest_route=\/wp\/v2\/posts\/2992\/revisions"}],"wp:featuredmedia":[{"embeddable":true,"href":"https:\/\/enfoquenoticioso.com\/index.php?rest_route=\/wp\/v2\/media\/2993"}],"wp:attachment":[{"href":"https:\/\/enfoquenoticioso.com\/index.php?rest_route=%2Fwp%2Fv2%2Fmedia&parent=2992"}],"wp:term":[{"taxonomy":"category","embeddable":true,"href":"https:\/\/enfoquenoticioso.com\/index.php?rest_route=%2Fwp%2Fv2%2Fcategories&post=2992"},{"taxonomy":"post_tag","embeddable":true,"href":"https:\/\/enfoquenoticioso.com\/index.php?rest_route=%2Fwp%2Fv2%2Ftags&post=2992"}],"curies":[{"name":"wp","href":"https:\/\/api.w.org\/{rel}","templated":true}]}}