{"id":29936,"date":"2024-10-28T17:36:51","date_gmt":"2024-10-28T17:36:51","guid":{"rendered":"https:\/\/enfoquenoticioso.com\/noticias\/el-futuro-de-ancelotti-y-la-mira-puesta-en-las-estrellas\/"},"modified":"2024-10-28T17:36:51","modified_gmt":"2024-10-28T17:36:51","slug":"el-futuro-de-ancelotti-y-la-mira-puesta-en-las-estrellas","status":"publish","type":"post","link":"https:\/\/enfoquenoticioso.com\/?p=29936","title":{"rendered":"El futuro de Ancelotti y la mira puesta en las estrellas"},"content":{"rendered":"<div>\n<p>Los medios de la capital espa\u00f1ola apuntan contra el entrenador y la falta de recambio en algunos sectores del equipo<span id=\"more-540857\"\/><\/p>\n<p class=\"paragraph\" data-mrf-recirculation=\"Links inline\">La goleada del\u00a0<b>FC Barcelona\u00a0<\/b>por 4-0 al<b>\u00a0Real Madrid\u00a0<\/b>en el Santiago Bernab\u00e9u caus\u00f3 un temblor en los cimientos del club y levant\u00f3 ciertas\u00a0<b>dudas\u00a0<\/b>que hasta el momento estaban bajo tierra. As\u00ed lo revelaron los medios deportivos especializados en Espa\u00f1a, quienes tras el triunfo azulgrana informaron que el presidente,\u00a0<b>Florentino P\u00e9rez,\u00a0<\/b>se implic\u00f3 de lleno en el futuro del equipo.<\/p>\n<p class=\"paragraph\" data-mrf-recirculation=\"Links inline\">\u201cFlorentino ha dado \u00f3rdenes para que el Madrid comience a avanzar<b>\u00a0la llegada de Xabi Alonso<\/b>\u00a0para el pr\u00f3ximo curso\u201d, detall\u00f3 el peri\u00f3dico catal\u00e1n\u00a0<i>Sport<\/i>, haciendo referencia a que el ciclo del hist\u00f3rico\u00a0<b>Carlo Ancelotti\u00a0<\/b>podr\u00eda haber llegado a su fin a pesar que el titular de la Casa Blanca renov\u00f3 el contrato del DT italiano hasta 2026 tras conquistar La Liga y la Champions League en la campa\u00f1a anterior.<\/p>\n<p class=\"paragraph\" data-mrf-recirculation=\"Links inline\">Hay que mencionar que, si bien el ex volante del Merengue es el t\u00e9cnico del Bayer Leverkusen y viene de lograr una hist\u00f3rica consagraci\u00f3n para el club alem\u00e1n en la Bundesliga, tendr\u00eda una cl\u00e1usula para salir en el verano del pr\u00f3ximo a\u00f1o (2025).<\/p>\n<p class=\"paragraph\" data-mrf-recirculation=\"Links inline\">Otro de los aspectos a lo que apuntan los medios madrile\u00f1os es que la llegada de<b>\u00a0Kylian Mbapp\u00e9<\/b>\u00a0podr\u00eda haber trastocado los planes de una directiva que, a pesar de la edad del italiano (65 a\u00f1os), segu\u00eda confiando en su manejo del plantel. Desde que el ex PSG lleg\u00f3 a Madrid, el DT no logr\u00f3 ajustar las piezas, si bien siguen siendo sumamente competitivos, con individualidades sobresalientes, el equipo parece no encontrar un buen funcionamiento con estrellas como\u00a0<b>Jude Bellingham<\/b> totalmente desfiguradas con respecto a la temporada anterior.<\/p>\n<p class=\"paragraph\" data-mrf-recirculation=\"Links inline\">A su vez,\u00a0<i>Sport\u00a0<\/i>tambi\u00e9n record\u00f3 que el entrenador italiano tambi\u00e9n tuvo<b>\u00a0<\/b>conflictos en la gesti\u00f3n de algunos casos como la renovaci\u00f3n de\u00a0<b>Mendy<\/b>, el protagonismo de\u00a0<b>Arda Guller<\/b>\u00a0o el descontento de\u00a0<b>Rodrygo<\/b>. Aunque desde Espa\u00f1a consideraron que no habr\u00e1 decisiones dr\u00e1sticas tras la amplia ca\u00edda, reconocieron que<b> \u201cla confianza con Ancelotti se ha roto\u201d.<\/b><\/p>\n<p class=\"paragraph\" data-mrf-recirculation=\"Links inline\">Al mismo tiempo, el presidente Merengue ya tendr\u00eda apuntado al reemplazante de Carletto:\u00a0<b>\u201cHa elegido a Xabi Alonso para comenzar una nueva era<\/b>\u00a0(\u2026) Lo tiene decidido y se van a poner manos a la obra para que todo quede avanzado cuanto antes\u201d.<\/p>\n<div class=\" visual__image\"><picture><source srcset=\"https:\/\/www.infobae.com\/resizer\/v2\/BJ6SUZTDFZE3YFAC6TMJD6WC6U.jpg?auth=d328bfdc1bafb8f4dec94c4dcfa133ca1e9277a37135beffbcf9a99543b6f3d0&amp;smart=true&amp;width=992&amp;height=661&amp;quality=85\" media=\"(min-width: 1000px)\"\/><source srcset=\"https:\/\/www.infobae.com\/resizer\/v2\/BJ6SUZTDFZE3YFAC6TMJD6WC6U.jpg?auth=d328bfdc1bafb8f4dec94c4dcfa133ca1e9277a37135beffbcf9a99543b6f3d0&amp;smart=true&amp;width=768&amp;height=512&amp;quality=85\" media=\"(min-width: 768px)\"\/><source srcset=\"https:\/\/www.infobae.com\/resizer\/v2\/BJ6SUZTDFZE3YFAC6TMJD6WC6U.jpg?auth=d328bfdc1bafb8f4dec94c4dcfa133ca1e9277a37135beffbcf9a99543b6f3d0&amp;smart=true&amp;width=577&amp;height=385&amp;quality=85\" media=\"(min-width: 580px)\"\/><source srcset=\"https:\/\/www.infobae.com\/resizer\/v2\/BJ6SUZTDFZE3YFAC6TMJD6WC6U.jpg?auth=d328bfdc1bafb8f4dec94c4dcfa133ca1e9277a37135beffbcf9a99543b6f3d0&amp;smart=true&amp;width=420&amp;height=280&amp;quality=85\" media=\"(min-width: 350px)\"\/><source srcset=\"https:\/\/www.infobae.com\/resizer\/v2\/BJ6SUZTDFZE3YFAC6TMJD6WC6U.jpg?auth=d328bfdc1bafb8f4dec94c4dcfa133ca1e9277a37135beffbcf9a99543b6f3d0&amp;smart=true&amp;width=350&amp;height=233&amp;quality=85\" media=\"(min-width: 80px)\"\/><img loading=\"lazy\" data-recalc-dims=\"1\" decoding=\"async\" class=\"global-image\" src=\"https:\/\/i0.wp.com\/www.infobae.com\/resizer\/v2\/BJ6SUZTDFZE3YFAC6TMJD6WC6U.jpg?resize=777%2C522&amp;ssl=1\" alt=\"Xabi Alonso est\u00e1 en la mira del Real Madrid (Reuters)\" width=\"777\" height=\"522\"\/><\/picture>Xabi Alonso est\u00e1 en la mira del Real Madrid (Reuters)<\/div>\n<p class=\"paragraph\" data-mrf-recirculation=\"Links inline\">El peri\u00f3dico\u00a0<i>As\u00a0<\/i>se\u00f1al\u00f3 tras la humillante derrota que\u00a0<b>\u201cel mercado ya es una obligaci\u00f3n\u201d,\u00a0<\/b>remarcando que, pese a que el Real Madrid decidi\u00f3 no fichar jugadores en enero, tendr\u00e1 que cambiar su visi\u00f3n de cara al mercado de enero si no quiere tirar la temporada por la borda.<\/p>\n<p class=\"paragraph\" data-mrf-recirculation=\"Links inline\">Pese a que en la<i>\u00a0Casa Blanca<\/i>\u00a0son conscientes de que Lunin no da la misma seguridad que el belga\u00a0<b>Thibaut Courtois (lesionado),\u00a0<\/b>el foco no est\u00e1 puesto en el arquero croata sino en la defensa. Con lesiones de peso como la de\u00a0<b>Carvajal\u00a0<\/b>y\u00a0<b>Alaba<\/b>, el conjunto merengue solo puede apoyarse en\u00a0<b>Militao\u00a0<\/b>y\u00a0<b>Antonio Rudiger\u00a0<\/b>como \u201cindiscutibles\u201d.<\/p>\n<p class=\"paragraph\" data-mrf-recirculation=\"Links inline\">Es por eso que para reforzar la zaga central saldr\u00edan al mercado por un nombre en particular:\u00a0<b>Aymeric Laporte.<\/b>\u00a0El defensor espa\u00f1ol milita actualmente en el\u00a0<b>Al Nassr de Cristiano Ronaldo<\/b>, y si bien el hecho de jugar en el Real Madrid suena tentador, se sabe que el club capitalino\u00a0<b>no le ofrecer\u00eda un sueldo superador\u00a0<\/b>al que tiene en Arabia Saudita.<\/p>\n<p class=\"paragraph\" data-mrf-recirculation=\"Links inline\">Otro de los nombres que arroj\u00f3 el diario de la capital espa\u00f1ola fue el de\u00a0<b>Trent Alexander-Arnold<\/b>, quien terminar\u00e1 contrato con el Liverpool a final de temporada y\u00a0<b>el club ingl\u00e9s podr\u00eda aprovechar para negociarlo\u00a0<\/b>en enero, antes que dejarlo marchar libre en junio.<\/p>\n<p class=\"paragraph\" data-mrf-recirculation=\"Links inline\">Finalmente, aunque el mediocampo qued\u00f3 debilitado por la salida de\u00a0<b>Toni Kroos<\/b>, no habr\u00eda refuerzos en este sector. Sin embargo, en el seno de la dirigencia son conscientes de\u00a0<b>la baja de nivel de Jude Bellingham<\/b>, a quien Ancelotti tuvo que reubicar y darle una nueva tarea en el campo tras la llegada de Kylian Mbapp\u00e9.<\/p>\n<p class=\"paragraph\" data-mrf-recirculation=\"Links inline\">Hasta el momento,\u00a0<b>el ingl\u00e9s no se pudo amoldar a su nueva posici\u00f3n<\/b>\u00a0ni desequilibrar como supo hacerlo en la temporada anterior, una tarea que debe hacerse a contrarreloj para que el conjunto blanco pueda encontrar su mejor versi\u00f3n antes de encarar partidos claves.<\/p>\n<p data-mrf-recirculation=\"Links inline\">por <strong>INFOBAE<\/strong><\/p>\n<\/p><\/div>\n<p><a href=\"https:\/\/noticiasaldiayalahora.co\/deportes\/malestar-en-el-real-madrid-tras-la-dura-derrota-con-el-barcelona-el-futuro-de-ancelotti-y-la-mira-puesta-en-las-estrellas\/\" class=\" target=\" title=\"El futuro de Ancelotti y la mira puesta en las estrellas\" target=\"_blank\" rel=\"noopener\">Ver fuente<\/a><\/p>\n","protected":false},"excerpt":{"rendered":"<p>Los medios de la capital espa\u00f1ola apuntan contra el entrenador y la falta de recambio en algunos sectores del equipo La goleada del\u00a0FC Barcelona\u00a0por 4-0 al\u00a0Real Madrid\u00a0en el Santiago Bernab\u00e9u caus\u00f3 un temblor en los cimientos del club y levant\u00f3 ciertas\u00a0dudas\u00a0que hasta el momento estaban bajo tierra. As\u00ed lo revelaron los medios deportivos especializados en [&hellip;]<\/p>\n","protected":false},"author":2,"featured_media":29937,"comment_status":"open","ping_status":"closed","sticky":false,"template":"","format":"standard","meta":{"footnotes":""},"categories":[1],"tags":[],"class_list":["post-29936","post","type-post","status-publish","format-standard","has-post-thumbnail","hentry","category-noticias"],"_links":{"self":[{"href":"https:\/\/enfoquenoticioso.com\/index.php?rest_route=\/wp\/v2\/posts\/29936","targetHints":{"allow":["GET"]}}],"collection":[{"href":"https:\/\/enfoquenoticioso.com\/index.php?rest_route=\/wp\/v2\/posts"}],"about":[{"href":"https:\/\/enfoquenoticioso.com\/index.php?rest_route=\/wp\/v2\/types\/post"}],"author":[{"embeddable":true,"href":"https:\/\/enfoquenoticioso.com\/index.php?rest_route=\/wp\/v2\/users\/2"}],"replies":[{"embeddable":true,"href":"https:\/\/enfoquenoticioso.com\/index.php?rest_route=%2Fwp%2Fv2%2Fcomments&post=29936"}],"version-history":[{"count":0,"href":"https:\/\/enfoquenoticioso.com\/index.php?rest_route=\/wp\/v2\/posts\/29936\/revisions"}],"wp:featuredmedia":[{"embeddable":true,"href":"https:\/\/enfoquenoticioso.com\/index.php?rest_route=\/wp\/v2\/media\/29937"}],"wp:attachment":[{"href":"https:\/\/enfoquenoticioso.com\/index.php?rest_route=%2Fwp%2Fv2%2Fmedia&parent=29936"}],"wp:term":[{"taxonomy":"category","embeddable":true,"href":"https:\/\/enfoquenoticioso.com\/index.php?rest_route=%2Fwp%2Fv2%2Fcategories&post=29936"},{"taxonomy":"post_tag","embeddable":true,"href":"https:\/\/enfoquenoticioso.com\/index.php?rest_route=%2Fwp%2Fv2%2Ftags&post=29936"}],"curies":[{"name":"wp","href":"https:\/\/api.w.org\/{rel}","templated":true}]}}