{"id":2996,"date":"2024-05-20T20:51:38","date_gmt":"2024-05-20T20:51:38","guid":{"rendered":"https:\/\/enfoquenoticioso.com\/entretenimiento\/estos-cortos-de-hayao-miyazaki-y-studio-ghibli-estaran-disponibles-por-primera-vez-fuera-de-japon-pero-por-ahora-solo-para-unos-pocos-privilegiados\/"},"modified":"2024-05-20T20:51:38","modified_gmt":"2024-05-20T20:51:38","slug":"estos-cortos-de-hayao-miyazaki-y-studio-ghibli-estaran-disponibles-por-primera-vez-fuera-de-japon-pero-por-ahora-solo-para-unos-pocos-privilegiados","status":"publish","type":"post","link":"https:\/\/enfoquenoticioso.com\/?p=2996","title":{"rendered":"Estos cortos de Hayao Miyazaki y Studio Ghibli estar\u00e1n disponibles por primera vez fuera de Jap\u00f3n, pero (por ahora) solo para unos pocos privilegiados"},"content":{"rendered":"<div>\n<p>Este a\u00f1o en <strong>Studio Ghibli<\/strong> han hecho historia a lo grande con todos los premios que ha conseguido<strong> Hayao Miyazaki<\/strong> con &#8216;<a href=\"https:\/\/www.espinof.com\/criticas\/chico-garza-cafe-para-cafeteros-hayao-miyazaki-desatado-nos-arrolla-mitologia-fascinante-como-confusa\" target=\"_blank\" rel=\"noopener\">El chico y la garza<\/a>&#8216;, pero tambi\u00e9n porque el estudio de anime se ha convertido en el primer colectivo en recibir <strong>la Palma de Oro honor\u00edfica en el Festival de Cannes.<\/strong><\/p>\n<p><!-- BREAK 1 --> <\/p>\n<p>Hasta ahora, este premio siempre se otorgaba a una persona concreta, pero <a href=\"https:\/\/www.espinof.com\/festival-cannes\/hayao-miyazaki-studio-ghibli-vuelven-a-hacer-historia-chico-garza-recibiran-palma-oro-honorifica-festival-cannes\" target=\"_blank\" rel=\"noopener\">se ha roto la tradici\u00f3n<\/a> para reconocer la trayectoria del estudio japon\u00e9s. Y, ya que estamos celebrando a Ghibli, tambi\u00e9n en el festival se podr\u00e1n ver por primera vez varios cortos del estudio que hasta ahora no hab\u00edan salido de Jap\u00f3n.<\/p>\n<p><!-- BREAK 2 --><\/p>\n<div id=\"ez-toc-container\" class=\"ez-toc-v2_0_81 counter-hierarchy ez-toc-counter ez-toc-grey ez-toc-container-direction\">\n<div class=\"ez-toc-title-container\">\n<p class=\"ez-toc-title\" style=\"cursor:inherit\">Tabla de Contenido<\/p>\n<span class=\"ez-toc-title-toggle\"><a href=\"#\" class=\"ez-toc-pull-right ez-toc-btn ez-toc-btn-xs ez-toc-btn-default ez-toc-toggle\" aria-label=\"Alternar tabla de contenidos\"><span class=\"ez-toc-js-icon-con\"><span class=\"\"><span class=\"eztoc-hide\" style=\"display:none;\">Toggle<\/span><span class=\"ez-toc-icon-toggle-span\"><svg style=\"fill: #999;color:#999\" xmlns=\"http:\/\/www.w3.org\/2000\/svg\" class=\"list-377408\" width=\"20px\" height=\"20px\" viewBox=\"0 0 24 24\" fill=\"none\"><path d=\"M6 6H4v2h2V6zm14 0H8v2h12V6zM4 11h2v2H4v-2zm16 0H8v2h12v-2zM4 16h2v2H4v-2zm16 0H8v2h12v-2z\" fill=\"currentColor\"><\/path><\/svg><svg style=\"fill: #999;color:#999\" class=\"arrow-unsorted-368013\" xmlns=\"http:\/\/www.w3.org\/2000\/svg\" width=\"10px\" height=\"10px\" viewBox=\"0 0 24 24\" version=\"1.2\" baseProfile=\"tiny\"><path d=\"M18.2 9.3l-6.2-6.3-6.2 6.3c-.2.2-.3.4-.3.7s.1.5.3.7c.2.2.4.3.7.3h11c.3 0 .5-.1.7-.3.2-.2.3-.5.3-.7s-.1-.5-.3-.7zM5.8 14.7l6.2 6.3 6.2-6.3c.2-.2.3-.5.3-.7s-.1-.5-.3-.7c-.2-.2-.4-.3-.7-.3h-11c-.3 0-.5.1-.7.3-.2.2-.3.5-.3.7s.1.5.3.7z\"\/><\/svg><\/span><\/span><\/span><\/a><\/span><\/div>\n<nav><ul class='ez-toc-list ez-toc-list-level-1 ' ><li class='ez-toc-page-1 ez-toc-heading-level-2'><a class=\"ez-toc-link ez-toc-heading-1\" href=\"https:\/\/enfoquenoticioso.com\/?p=2996\/#Uno_conocido_y_tres_que_llegan_de_nuevas\" >Uno conocido, y tres que llegan de nuevas<\/a><\/li><\/ul><\/nav><\/div>\n<h2><span class=\"ez-toc-section\" id=\"Uno_conocido_y_tres_que_llegan_de_nuevas\"><\/span>Uno conocido, y tres que llegan de nuevas<span class=\"ez-toc-section-end\"><\/span><\/h2>\n<p>En el <a rel=\"noopener, noreferrer\" href=\"https:\/\/www.festival-cannes.com\/presse\/communiques\/le-studio-ghibli-palme-dor-dhonneur-du-77e-festival-de-cannes-en-presence-de-goro-miyazaki\/\" target=\"_blank\">Festival de Cannes<\/a> se podr\u00e1n ver cuatro cortos de <strong>Hayao Miyazaki<\/strong> para celebrar la trayectoria del estudio y del director, y tres de ellos hasta la fecha solo se hab\u00edan podido ver en el Museo Ghibli de Mitaka.<\/p>\n<p><!-- BREAK 3 --> <\/p>\n<div class=\"article-asset article-asset-normal article-asset-center\">\n<div class=\"desvio-container\">\n<div class=\"desvio\">\n<div class=\"desvio-figure js-desvio-figure\">\n    <a href=\"https:\/\/www.espinof.com\/anime\/cofundador-ghibli-revela-que-hayao-miyazaki-no-esta-listo-para-hacer-otra-pelicula-explica-importante-detalle-para-entender-chico-garza-mira-garza-soy-yo\" target=\"_blank\" rel=\"noopener\"><br \/>\n     <img loading=\"lazy\" decoding=\"async\" alt=\"El cofundador de Ghibli explica por qu\u00e9 Hayao Miyazaki no puede trabajar a\u00fan tras 'El chico y la garza' y un detalle clave para entender la pel\u00edcula: &quot;Mira, la garza soy yo&quot;\" width=\"375\" height=\"142\" src=\"https:\/\/i.blogs.es\/a72340\/garza-ghibli-miyazaki\/375_142.jpeg\"\/><br \/>\n    <\/a>\n   <\/div>\n<\/p><\/div>\n<\/p><\/div>\n<\/div>\n<p>Los cortos de Studio Ghibli de los que hablamos son &#8216;<strong>Mei y el Gatitobus&#8217;, &#8216;Buscando una casa&#8217;, &#8216;El Se\u00f1or Masa y la Princesa Huevo&#8217; \u00a0y &#8216;Boro, la peque\u00f1a oruga<\/strong>&#8216;. Todos ellos dirigidos por Hayao Miyazaki y con banda sonora de Joe Hisaishi.<\/p>\n<p><!-- BREAK 4 --><\/p>\n<p>Eso s\u00ed, la proyecci\u00f3n ser\u00e1 muy limitada y los cortos<strong> se podr\u00e1n ver \u00fanicamente hoy 20 de mayo a las 15:30<\/strong>. Adem\u00e1s de la proyecci\u00f3n, <strong>Goro Miyazaki,<\/strong> hijo de Hayao Miyazaki y tambi\u00e9n director creativo del Parque Ghibli recibir\u00e1 la Palma honor\u00edfica en nombre de todo el estudio, el parque tem\u00e1tico y el Museo Ghibli de Mitaka.<\/p>\n<p><!-- BREAK 5 --><\/p>\n<div class=\"article-asset-image article-asset-normal article-asset-center\">\n<div class=\"asset-content\">\n                   <img class=\"centro_sinmarco\" height=\"736\" width=\"1280\" loading=\"lazy\" decoding=\"async\" sizes=\"auto, 100vw\" fetchpriority=\"high\" srcset=\"https:\/\/i.blogs.es\/9a0967\/el-senor-masa-y-la-senora-huevo\/450_1000.jpeg 450w, https:\/\/i.blogs.es\/9a0967\/el-senor-masa-y-la-senora-huevo\/650_1200.jpeg 681w,https:\/\/i.blogs.es\/9a0967\/el-senor-masa-y-la-senora-huevo\/1024_2000.jpeg 1024w, https:\/\/i.blogs.es\/9a0967\/el-senor-masa-y-la-senora-huevo\/1366_2000.jpeg 1366w\" src=\"https:\/\/i.blogs.es\/9a0967\/el-senor-masa-y-la-senora-huevo\/450_1000.jpeg\" alt=\"El Senor Masa Y La Senora Huevo\"\/><br \/>\n   <img decoding=\"async\" alt=\"El Senor Masa Y La Senora Huevo\" class=\"centro_sinmarco\" src=\"https:\/\/i.blogs.es\/9a0967\/el-senor-masa-y-la-senora-huevo\/450_1000.jpeg\"\/><\/p><\/div>\n<\/div>\n<p>Esperemos que en alg\u00fan momento estas peque\u00f1as obras de arte de Ghibli se puedan ver fuera de Jap\u00f3n o del festival. Pero si (por lo que fuera) nos pilla en Cannes, es el momento perfecto para echar un vistazo a estos cortos de Miyazaki que por ahora siguen siendo muy, muy exclusivos.<\/p>\n<p><!-- BREAK 6 --> <\/p>\n<p>En Espinof | <a href=\"https:\/\/www.espinof.com\/listas\/mejores-series-2024\" target=\"_blank\" rel=\"noopener\">Las mejores series de 2024<\/a><\/p>\n<p><!-- BREAK 7 --><\/p>\n<p>En Espinof | <a href=\"https:\/\/www.espinof.com\/listas\/mejores-animes-ultimos-anos-donde-puedes-ver-streaming\" target=\"_blank\" rel=\"noopener\">Los 27 mejores animes de los \u00faltimos a\u00f1os y d\u00f3nde se pueden ver en streaming<\/a><\/p>\n<p><!-- BREAK 8 -->\n <\/div>\n<p><a href=\"https:\/\/www.espinof.com\/anime\/estos-cortos-hayao-miyazaki-studio-ghibli-estaran-disponibles-primera-vez-fuera-japon-ahora-solo-para-unos-pocos-privilegiados\" class=\" target=\" title=\"Estos cortos de Hayao Miyazaki y Studio Ghibli estar\u00e1n disponibles por primera vez fuera de Jap\u00f3n, pero (por ahora) solo para unos pocos privilegiados\" target=\"_blank\" rel=\"noopener\">Ver fuente<\/a><\/p>\n","protected":false},"excerpt":{"rendered":"<p>Este a\u00f1o en Studio Ghibli han hecho historia a lo grande con todos los premios que ha conseguido Hayao Miyazaki con &#8216;El chico y la garza&#8216;, pero tambi\u00e9n porque el estudio de anime se ha convertido en el primer colectivo en recibir la Palma de Oro honor\u00edfica en el Festival de Cannes. Hasta ahora, este [&hellip;]<\/p>\n","protected":false},"author":2,"featured_media":2997,"comment_status":"open","ping_status":"closed","sticky":false,"template":"","format":"standard","meta":{"footnotes":""},"categories":[8],"tags":[],"class_list":["post-2996","post","type-post","status-publish","format-standard","has-post-thumbnail","hentry","category-entretenimiento"],"_links":{"self":[{"href":"https:\/\/enfoquenoticioso.com\/index.php?rest_route=\/wp\/v2\/posts\/2996","targetHints":{"allow":["GET"]}}],"collection":[{"href":"https:\/\/enfoquenoticioso.com\/index.php?rest_route=\/wp\/v2\/posts"}],"about":[{"href":"https:\/\/enfoquenoticioso.com\/index.php?rest_route=\/wp\/v2\/types\/post"}],"author":[{"embeddable":true,"href":"https:\/\/enfoquenoticioso.com\/index.php?rest_route=\/wp\/v2\/users\/2"}],"replies":[{"embeddable":true,"href":"https:\/\/enfoquenoticioso.com\/index.php?rest_route=%2Fwp%2Fv2%2Fcomments&post=2996"}],"version-history":[{"count":0,"href":"https:\/\/enfoquenoticioso.com\/index.php?rest_route=\/wp\/v2\/posts\/2996\/revisions"}],"wp:featuredmedia":[{"embeddable":true,"href":"https:\/\/enfoquenoticioso.com\/index.php?rest_route=\/wp\/v2\/media\/2997"}],"wp:attachment":[{"href":"https:\/\/enfoquenoticioso.com\/index.php?rest_route=%2Fwp%2Fv2%2Fmedia&parent=2996"}],"wp:term":[{"taxonomy":"category","embeddable":true,"href":"https:\/\/enfoquenoticioso.com\/index.php?rest_route=%2Fwp%2Fv2%2Fcategories&post=2996"},{"taxonomy":"post_tag","embeddable":true,"href":"https:\/\/enfoquenoticioso.com\/index.php?rest_route=%2Fwp%2Fv2%2Ftags&post=2996"}],"curies":[{"name":"wp","href":"https:\/\/api.w.org\/{rel}","templated":true}]}}