{"id":3000,"date":"2024-05-20T22:22:30","date_gmt":"2024-05-20T22:22:30","guid":{"rendered":"https:\/\/enfoquenoticioso.com\/internacionales\/embajadora-de-espana-abandona-argentina-y-crece-la-tension-diplomatica\/"},"modified":"2024-05-20T22:22:30","modified_gmt":"2024-05-20T22:22:30","slug":"embajadora-de-espana-abandona-argentina-y-crece-la-tension-diplomatica","status":"publish","type":"post","link":"https:\/\/enfoquenoticioso.com\/?p=3000","title":{"rendered":"Embajadora de Espa\u00f1a abandona Argentina y crece la tensi\u00f3n diplom\u00e1tica"},"content":{"rendered":"<div>\n<p>La embajadora de Espa\u00f1a en Argentina, Mar\u00eda Jes\u00fas Alonso Jim\u00e9nez, habr\u00eda abandonado el pa\u00eds latinoamericano y arribado a Madrid tras el llamado a consultas \u2018sine die\u2019 del presidente espa\u00f1ol Pedro S\u00e1nchez, a causa de las declaraciones de su par argentino, Javier Milei.<\/p>\n<p>Medios han informado que Alonso arrib\u00f3 a la capital de Espa\u00f1a alrededor de las 2:00 de la tarde (hora local). \u2018Sine die\u2019 es una locuci\u00f3n latina que significa \u201csin plazo fijo, sin fecha\u201d, de acuerdo al Diccionario de la lengua espa\u00f1ola.<\/p>\n<p>El canal local Todo Noticias \u201cpudo confirmar\u201d que el domingo por la noche Alonso Jim\u00e9nez sali\u00f3 desde el aeropuerto de Ezeiza, en Buenos Aires.<\/p>\n<p>De manera oficial no se ha registrado ning\u00fan pronunciamiento. Se estima que la diplom\u00e1tica permanecer\u00e1 en suelo madrile\u00f1o hasta que se reconduzca la relaci\u00f3n bilateral.<\/p>\n<p>En la v\u00edspera, el ministro de Asuntos Exteriores, Uni\u00f3n Europea y Cooperaci\u00f3n, Jos\u00e9 Manuel Albares, anunci\u00f3 el llamado a consultas luego de que Milei llamara \u201ccorrupta\u201d a la esposa de S\u00e1nchez, Bego\u00f1a G\u00f3mez, durante su intervenci\u00f3n en un evento de la ultraderecha internacional.<\/p>\n<p>En el mismo tono, Albares exigi\u00f3 \u201cdisculpas p\u00fablicas\u201d al jefe de Estado argentino por su \u201cataque frontal a la democracia, a las instituciones y a Espa\u00f1a, que rompe los usos diplom\u00e1ticos\u201d y las \u201cm\u00e1s elementales reglas\u201d.<\/p>\n<p>Sin embargo, el vocero del Gobierno argentino, Manuel Adorni, ya rechaz\u00f3 esta posibilidad. \u201cEl presidente no va a pedir disculpas porque no tiene por qu\u00e9\u201d, dijo en una entrevista televisiva.<\/p>\n<p>Este es el \u00faltimo conflicto diplom\u00e1tico provocado por las palabras de Milei, quien tiene menos de un a\u00f1o en el cargo y ya ha tenido choques con los l\u00edderes de Colombia, Venezuela, Ir\u00e1n, China, Rusia, Espa\u00f1a y M\u00e9xico.<\/p>\n<div id=\"ez-toc-container\" class=\"ez-toc-v2_0_81 counter-hierarchy ez-toc-counter ez-toc-grey ez-toc-container-direction\">\n<div class=\"ez-toc-title-container\">\n<p class=\"ez-toc-title\" style=\"cursor:inherit\">Tabla de Contenido<\/p>\n<span class=\"ez-toc-title-toggle\"><a href=\"#\" class=\"ez-toc-pull-right ez-toc-btn ez-toc-btn-xs ez-toc-btn-default ez-toc-toggle\" aria-label=\"Alternar tabla de contenidos\"><span class=\"ez-toc-js-icon-con\"><span class=\"\"><span class=\"eztoc-hide\" style=\"display:none;\">Toggle<\/span><span class=\"ez-toc-icon-toggle-span\"><svg style=\"fill: #999;color:#999\" xmlns=\"http:\/\/www.w3.org\/2000\/svg\" class=\"list-377408\" width=\"20px\" height=\"20px\" viewBox=\"0 0 24 24\" fill=\"none\"><path d=\"M6 6H4v2h2V6zm14 0H8v2h12V6zM4 11h2v2H4v-2zm16 0H8v2h12v-2zM4 16h2v2H4v-2zm16 0H8v2h12v-2z\" fill=\"currentColor\"><\/path><\/svg><svg style=\"fill: #999;color:#999\" class=\"arrow-unsorted-368013\" xmlns=\"http:\/\/www.w3.org\/2000\/svg\" width=\"10px\" height=\"10px\" viewBox=\"0 0 24 24\" version=\"1.2\" baseProfile=\"tiny\"><path d=\"M18.2 9.3l-6.2-6.3-6.2 6.3c-.2.2-.3.4-.3.7s.1.5.3.7c.2.2.4.3.7.3h11c.3 0 .5-.1.7-.3.2-.2.3-.5.3-.7s-.1-.5-.3-.7zM5.8 14.7l6.2 6.3 6.2-6.3c.2-.2.3-.5.3-.7s-.1-.5-.3-.7c-.2-.2-.4-.3-.7-.3h-11c-.3 0-.5.1-.7.3-.2.2-.3.5-.3.7s.1.5.3.7z\"\/><\/svg><\/span><\/span><\/span><\/a><\/span><\/div>\n<nav><ul class='ez-toc-list ez-toc-list-level-1 ' ><li class='ez-toc-page-1 ez-toc-heading-level-2'><a class=\"ez-toc-link ez-toc-heading-1\" href=\"https:\/\/enfoquenoticioso.com\/?p=3000\/#Milei_se_jacta_de_provocar_el_conflicto_diplomatico\" >Milei se jacta de provocar el conflicto diplom\u00e1tico<\/a><\/li><\/ul><\/nav><\/div>\n<h2><span class=\"ez-toc-section\" id=\"Milei_se_jacta_de_provocar_el_conflicto_diplomatico\"><\/span>Milei se jacta de provocar el conflicto diplom\u00e1tico<span class=\"ez-toc-section-end\"><\/span><\/h2>\n<p>El presidente de Argentina, Javier Milei, regres\u00f3 a Buenos Aires despu\u00e9s de viajar a Madrid, en donde provoc\u00f3 la crisis bilateral m\u00e1s grave en la historia reciente de Espa\u00f1a y Argentina.<\/p>\n<p>\u201cHola a todos, volvi\u00f3 el le\u00f3n surfeando sobre una ola de l\u00e1grimas socialistas\u201d, escribi\u00f3 el mandatario en sus redes sociales para celebrar el ins\u00f3lito e inesperado conflicto diplom\u00e1tico.<\/p>\n<p>El domingo, al participar en la cumbre Viva Europa 2024 que organiz\u00f3 el partido ultraderechista Vox en Madrid, Milei calific\u00f3 como \u201ccorrupta\u201d a Bego\u00f1a G\u00f3mez, esposa del presidente del Gobierno espa\u00f1ol, Pedro S\u00e1nchez.<\/p>\n<p>\u00a0<\/p>\n<\/div>\n<p><a href=\"https:\/\/noticiasaldiayalahora.co\/internacionales\/embajadora-de-espana-abandona-argentina-y-crece-la-tension-diplomatica\/\" class=\" target=\" title=\"Embajadora de Espa\u00f1a abandona Argentina y crece la tensi\u00f3n diplom\u00e1tica\" target=\"_blank\" rel=\"noopener\">Ver fuente<\/a><\/p>\n","protected":false},"excerpt":{"rendered":"<p>La embajadora de Espa\u00f1a en Argentina, Mar\u00eda Jes\u00fas Alonso Jim\u00e9nez, habr\u00eda abandonado el pa\u00eds latinoamericano y arribado a Madrid tras el llamado a consultas \u2018sine die\u2019 del presidente espa\u00f1ol Pedro S\u00e1nchez, a causa de las declaraciones de su par argentino, Javier Milei. Medios han informado que Alonso arrib\u00f3 a la capital de Espa\u00f1a alrededor de [&hellip;]<\/p>\n","protected":false},"author":2,"featured_media":3001,"comment_status":"open","ping_status":"closed","sticky":false,"template":"","format":"standard","meta":{"footnotes":""},"categories":[6],"tags":[],"class_list":["post-3000","post","type-post","status-publish","format-standard","has-post-thumbnail","hentry","category-internacionales"],"_links":{"self":[{"href":"https:\/\/enfoquenoticioso.com\/index.php?rest_route=\/wp\/v2\/posts\/3000","targetHints":{"allow":["GET"]}}],"collection":[{"href":"https:\/\/enfoquenoticioso.com\/index.php?rest_route=\/wp\/v2\/posts"}],"about":[{"href":"https:\/\/enfoquenoticioso.com\/index.php?rest_route=\/wp\/v2\/types\/post"}],"author":[{"embeddable":true,"href":"https:\/\/enfoquenoticioso.com\/index.php?rest_route=\/wp\/v2\/users\/2"}],"replies":[{"embeddable":true,"href":"https:\/\/enfoquenoticioso.com\/index.php?rest_route=%2Fwp%2Fv2%2Fcomments&post=3000"}],"version-history":[{"count":0,"href":"https:\/\/enfoquenoticioso.com\/index.php?rest_route=\/wp\/v2\/posts\/3000\/revisions"}],"wp:featuredmedia":[{"embeddable":true,"href":"https:\/\/enfoquenoticioso.com\/index.php?rest_route=\/wp\/v2\/media\/3001"}],"wp:attachment":[{"href":"https:\/\/enfoquenoticioso.com\/index.php?rest_route=%2Fwp%2Fv2%2Fmedia&parent=3000"}],"wp:term":[{"taxonomy":"category","embeddable":true,"href":"https:\/\/enfoquenoticioso.com\/index.php?rest_route=%2Fwp%2Fv2%2Fcategories&post=3000"},{"taxonomy":"post_tag","embeddable":true,"href":"https:\/\/enfoquenoticioso.com\/index.php?rest_route=%2Fwp%2Fv2%2Ftags&post=3000"}],"curies":[{"name":"wp","href":"https:\/\/api.w.org\/{rel}","templated":true}]}}