{"id":3002,"date":"2024-05-20T22:24:04","date_gmt":"2024-05-20T22:24:04","guid":{"rendered":"https:\/\/enfoquenoticioso.com\/tecnologia\/el-movimiento-anti-turismo-en-cantabria-ya-moviliza-a-miles-de-personas\/"},"modified":"2024-05-20T22:24:04","modified_gmt":"2024-05-20T22:24:04","slug":"el-movimiento-anti-turismo-en-cantabria-ya-moviliza-a-miles-de-personas","status":"publish","type":"post","link":"https:\/\/enfoquenoticioso.com\/?p=3002","title":{"rendered":"el movimiento anti-turismo en Cantabria ya moviliza a miles de personas"},"content":{"rendered":"<div>\n<p>Sus impulsores la han planteado como <a href=\"https:\/\/www.xataka.com\/magnet\/turismo-levante-esta-saturado-asi-que-hay-quien-quiere-crear-nueva-ibiza-norte-espana\" target=\"_blank\" rel=\"noopener\">\u00abla Ibiza del norte\u00bb<\/a>. Y lo cierto es que el megaproyecto tur\u00edstico proyectado en <a rel=\"noopener, noreferrer\" href=\"https:\/\/www.ribamontanalmar.es\/\" target=\"_blank\">Ribamont\u00e1n al Mar<\/a> \u2014en la costa c\u00e1ntabra, a unos 30 kil\u00f3metros de Santander\u2014 ha logrado ya algo que lo asemeja a los grandes polos tur\u00edsticos de los <a rel=\"noopener, noreferrer\" href=\"https:\/\/www.diariodemallorca.es\/mallorca\/2024\/05\/10\/hay-fecha-manifestacion-masificacion-turistica-102206999.html\" target=\"_blank\">archipi\u00e9lagos balear<\/a> o <a rel=\"noopener, noreferrer\" href=\"https:\/\/www.bbc.com\/mundo\/articles\/c89zjdnwewqo\" target=\"_blank\">canario<\/a>, aunque probablemente muy a pesar de sus impulsores: contestaci\u00f3n social. El s\u00e1bado miles de personas salieron a la calle enarbolando pancartas en las que pod\u00eda leerse \u00abCantabria se defiende\u00bb o \u00abStop macrocomplejo\u00bb. La Delegaci\u00f3n del Gobierno habla de <a rel=\"noopener, noreferrer\" href=\"https:\/\/cadenaser.com\/cantabria\/2024\/05\/18\/miles-de-cantabros-protestan-en-por-la-masificacion-turistica-y-el-pelotazo-urbanistico-radio-santander\/\" target=\"_blank\">3.000 asistentes<\/a>. La organizaci\u00f3n, de <a rel=\"noopener, noreferrer\" href=\"https:\/\/cantabristas.com\/cantabria-no-quiere-ser-la-ibiza-del-norte-mas-de-8-000-personas-se-manifiestan-en-loredo-contra-la-masificacion-turistica\/\" target=\"_blank\">m\u00e1s de 8.000<\/a>. M\u00e1s all\u00e1 del esperable baile de cifras, algo s\u00ed est\u00e1 claro: no todos en Cantabria quieren convertirse en la Ibiza septentrional.<\/p>\n<p><!-- BREAK 1 --> <\/p>\n<p>Los organizadores avanzan que habr\u00e1 <a rel=\"noopener, noreferrer\" href=\"https:\/\/cadenaser.com\/cantabria\/2024\/05\/18\/miles-de-cantabros-protestan-en-por-la-masificacion-turistica-y-el-pelotazo-urbanistico-radio-santander\/\" target=\"_blank\">m\u00e1s movilizaciones<\/a>.<\/p>\n<p><!-- BREAK 2 --><\/p>\n<p><strong>\u00abStop macrocomplejo\u00bb<\/strong>. Ese es el mensaje que pudo leerse el s\u00e1bado en la pancarta que abr\u00eda la manifestaci\u00f3n organizada por el partido <a rel=\"noopener, noreferrer\" href=\"https:\/\/cantabristas.com\/\" target=\"_blank\">Cantabristas<\/a>, una marcha que transcurri\u00f3 entre las localidades de Loredo y Langre, el entorno en el que se plantea levantar un complejo residencial con campo de golf. Los impulsores de la movilizaci\u00f3n hablan de \u00ab\u00e9xito\u00bb, \u00abun seguimiento masivo\u00bb con <a rel=\"noopener, noreferrer\" href=\"https:\/\/cantabristas.com\/cantabria-no-quiere-ser-la-ibiza-del-norte-mas-de-8-000-personas-se-manifiestan-en-loredo-contra-la-masificacion-turistica\/\" target=\"_blank\">m\u00e1s de 8.000 personas<\/a> que se acercaron a las zonas afectadas por el macrocomplejo tur\u00edstico. La Delegaci\u00f3n del Gobierno rebaja la cifra hasta situarla en <a rel=\"noopener, noreferrer\" href=\"https:\/\/www.eldiariomontanes.es\/region\/trasmiera\/3000-personas-marchan-loredo-proteger-costa-especulacion-20240518134923-nt.html\" target=\"_blank\">alrededor de 3.000<\/a>.<\/p>\n<p><!-- BREAK 3 --> <\/p>\n<div class=\"article-asset-image article-asset-normal article-asset-center\">\n<div class=\"asset-content\">\n<div class=\"caption-img \">\n                    <a rel=\"noopener, noreferrer\" href=\"https:\/\/x.com\/cantabristas_\/status\/1791831577997066391\"><br \/>\n         <img class=\"centro_sinmarco\" height=\"792\" width=\"591\" loading=\"lazy\" decoding=\"async\" sizes=\"auto, 100vw\" fetchpriority=\"high\" srcset=\"https:\/\/i.blogs.es\/31eb6d\/captura-de-pantalla-2024-05-20-115137\/450_1000.jpeg 450w, https:\/\/i.blogs.es\/31eb6d\/captura-de-pantalla-2024-05-20-115137\/650_1200.jpeg 681w,https:\/\/i.blogs.es\/31eb6d\/captura-de-pantalla-2024-05-20-115137\/1024_2000.jpeg 1024w, https:\/\/i.blogs.es\/31eb6d\/captura-de-pantalla-2024-05-20-115137\/1366_2000.jpeg 1366w\" src=\"https:\/\/i.blogs.es\/31eb6d\/captura-de-pantalla-2024-05-20-115137\/450_1000.jpeg\" alt=\"Captura De Pantalla 2024 05 20 115137\"\/><br \/>\n    <img decoding=\"async\" alt=\"Captura De Pantalla 2024 05 20 115137\" class=\"centro_sinmarco\" src=\"https:\/\/i.blogs.es\/31eb6d\/captura-de-pantalla-2024-05-20-115137\/450_1000.jpeg\"\/><br \/>\n     <\/a><\/p>\n<p>        <span>Click en la imagen para ir al tweet.<\/span>\n   <\/div>\n<\/p><\/div>\n<\/div>\n<p><strong>Contra \u00abla Ibiza del norte\u00bb<\/strong>. Para los organizadores la lectura es clara: \u00abLa sociedad c\u00e1ntabra ha tomado partido en el debate p\u00fablico sobre la masificaci\u00f3n tur\u00edstica posicion\u00e1ndose en contra de convertir Cantabria en <a href=\"https:\/\/www.xataka.com\/magnet\/turismo-levante-esta-saturado-asi-que-hay-quien-quiere-crear-nueva-ibiza-norte-espana\" target=\"_blank\" rel=\"noopener\">&#8216;la Ibiza del norte&#8217;<\/a>\u00ab. La referencia no es gratuita. Esa ha sido el eslogan usado por una compa\u00f1\u00eda balear que ya ha mostrado su inter\u00e9s en unos terrenos situados en Ribamont\u00e1n al Mar, entre Loredo y Langre, para levantar un polo residencial con un campo de golf.<\/p>\n<p><!-- BREAK 4 --><\/p>\n<p><a rel=\"noopener, noreferrer\" href=\"https:\/\/cantabristas.com\/cantabria-no-quiere-ser-la-ibiza-del-norte-mas-de-8-000-personas-se-manifiestan-en-loredo-contra-la-masificacion-turistica\/\" target=\"_blank\">Para Cantabristas<\/a>, las miles de personas que el s\u00e1bado salieron a la calle, entre pancartas y m\u00fasica, demuestra que la comunidad ha dado \u00abun paso al frente para defenderse de quienes quieren destruir\u00bb el territorio para \u00abllenarse los bolsillos\u00bb. Al terminar la marcha, el responsable la formaci\u00f3n, Paulu Lobete, ley\u00f3 un manifiesto en el que subray\u00f3 que las movilizaciones \u00abno han hecho m\u00e1s que comenzar\u00bb.<\/p>\n<p><!-- BREAK 5 --><\/p>\n<p>El discurso fue particularmente duro con lo que considera un modelo tur\u00edstico \u00abdepredador\u00bb. \u00ab\u00bfDe qu\u00e9 nos sirve la especulaci\u00f3n urban\u00edstica y la masificaci\u00f3n tur\u00edstica si los c\u00e1ntabros tenemos problemas para acceder a la vivienda, sufrimos las consecuencias de esta masificaci\u00f3n, si el turismo solo ofrece empleo precario?\u00bb La de este s\u00e1bado fue, <a rel=\"noopener, noreferrer\" href=\"https:\/\/cadenaser.com\/cantabria\/2024\/05\/18\/miles-de-cantabros-protestan-en-por-la-masificacion-turistica-y-el-pelotazo-urbanistico-radio-santander\/\" target=\"_blank\">reivindic\u00f3 Lobete<\/a>, una marcha \u00abhist\u00f3rica\u00bb, la primera movilizaci\u00f3n que se organiza en la regi\u00f3n contra la \u00abmasificaci\u00f3n tur\u00edstica\u00bb.<\/p>\n<p><!-- BREAK 6 --> <\/p>\n<div class=\"article-asset article-asset-normal article-asset-center\">\n<div class=\"desvio-container\">\n<div class=\"desvio\">\n<div class=\"desvio-figure js-desvio-figure\">\n    <a href=\"https:\/\/www.xataka.com\/magnet\/saturacion-turistica-canarias-esta-impulsando-nuevo-tipo-alquiler-vacacional-autocaravanas\" target=\"_blank\" rel=\"noopener\"><br \/>\n     <img loading=\"lazy\" decoding=\"async\" alt=\"La presi\u00f3n tur\u00edstica ha obligado a trabajadores de Canarias a vivir en autocaravanas. Ahora ya ni ellas se escapan del alquiler vacacional\" width=\"375\" height=\"142\" src=\"https:\/\/i.blogs.es\/8d91dd\/8538974511_06792128a5_k\/375_142.jpeg\"\/><br \/>\n    <\/a>\n   <\/div>\n<\/p><\/div>\n<\/p><\/div>\n<\/div>\n<p><strong>Un caramelo en el norte<\/strong>. La formaci\u00f3n, que <a rel=\"noopener, noreferrer\" href=\"https:\/\/cantabristas.com\/cantabria-no-quiere-ser-la-ibiza-del-norte-mas-de-8-000-personas-se-manifiestan-en-loredo-contra-la-masificacion-turistica\/\" target=\"_blank\">reivindica<\/a> que se ha creado para \u00abdefender Cantabria y su gente\u00bb y obtuvo <a rel=\"noopener, noreferrer\" href=\"https:\/\/elpais.com\/espana\/elecciones\/autonomicas\/06\/\" target=\"_blank\">5.500 votos<\/a> en las selecciones regionales de 2023, insuficientes para lograr un esca\u00f1o, advierte que toda Cantabria tiene \u00abun problema con la especulaci\u00f3n urban\u00edstica\u00bb; pero la movilizaci\u00f3n del s\u00e1bado pone el foco en un proyecto muy espec\u00edfico: el desarrollo de unos terrenos que salen a subasta como parte de la extinci\u00f3n de la constructora Emilio Bolada.<\/p>\n<p><!-- BREAK 7 --><\/p>\n<p>Hace semanas <em>El Diario Monta\u00f1\u00e9s<\/em> revelaba que el Consistorio de Ribamont\u00e1n al Mar ten\u00eda constancia de al menos cuatro compradores interesados. En la lista se inclu\u00edan una sociedad y un empresario con experiencia en el sector inmobiliario.<\/p>\n<p><!-- BREAK 8 --><\/p>\n<p><strong>Residencia, turismo y golf<\/strong>. Los terrenos subastados suman unos <a rel=\"noopener, noreferrer\" href=\"https:\/\/govern.cat\/salapremsa\/notes-premsa\/607862\/govern-destina-13m-deuros-fomentar-lautoocupacio-joves\" target=\"_blank\">745.000 metros cuadrados<\/a>, una vasta superficie con diferentes catalogaciones y en la que se completan usos hotelero y residencial. El Plan General precisa que la construcci\u00f3n de viviendas en el entorno est\u00e1 sujeta al desarrollo de un campo de golf. El solar y su ubicaci\u00f3n son lo suficientemente atractivos como para que en su d\u00eda, hace a\u00f1os, ya se planteara el desarrollo de <a rel=\"noopener, noreferrer\" href=\"https:\/\/www.europapress.es\/cantabria\/noticia-emilio-bolado-subasta-ultimos-bienes-campo-golf-loredo-valorado-millones-20240311135726.html\" target=\"_blank\">un complejo<\/a> residencial y hotelero, con un campo de golf de 18 hoyos y 350 viviendas. Ahora hay quien lo ve la \u00abIbiza del norte\u00bb.<\/p>\n<p><!-- BREAK 9 --><\/p>\n<p><strong>De masificaciones y protestas<\/strong>. La marcha del s\u00e1bado se convoc\u00f3 en un contexto muy espec\u00edfico y su mensaje se centra tambi\u00e9n en la situaci\u00f3n concreta de Cantabria, pero coincide con otras protestas recientes desplegadas en otras partes del pa\u00eds y que centran su foco en la masificaci\u00f3n tur\u00edstica, con las implicaciones que ello conlleva para el mercado inmobiliario y el alquiler residencial.<\/p>\n<p><!-- BREAK 10 --> <\/p>\n<p>Las m\u00e1s medi\u00e1ticas se registraron <a rel=\"noopener, noreferrer\" href=\"https:\/\/www.bbc.com\/mundo\/articles\/c89zjdnwewqo\" target=\"_blank\">hace semanas<\/a> en Canarias, donde decenas de miles de personas salieron a la calle para protestas contra un modelo tur\u00edstico que, advierten, ahogan el archipi\u00e9lago. Poco despu\u00e9s el cabildo tinerfe\u00f1o <a href=\"https:\/\/www.xataka.com\/magnet\/tenerife-no-parque-tematico-canarias-discute-cobrar-acceso-a-espacios-naturales-como-teide\" target=\"_blank\" rel=\"noopener\">reconoc\u00eda<\/a> que se planteaba cobrar por el acceso al Teide. En Baleares tambi\u00e9n hay movimientos similares. A finales de mes se celebrar\u00e1 una marcha en <a rel=\"noopener, noreferrer\" href=\"https:\/\/www.diariodemallorca.es\/mallorca\/2024\/05\/10\/hay-fecha-manifestacion-masificacion-turistica-102206999.html\" target=\"_blank\">Mallorca<\/a> e <a rel=\"noopener, noreferrer\" href=\"https:\/\/www.diariodeibiza.es\/ibiza\/2024\/05\/09\/convocan-protesta-masificacion-102069477.html\" target=\"_blank\">Ibiza<\/a> contra la saturaci\u00f3n tur\u00edstica. Los organizadores de la primera cita avanzan que su objetivo est\u00e1 claro: no quieren que la isla acabe convirti\u00e9ndose en \u00abun resort de lujo\u00bb.<\/p>\n<p><!-- BREAK 11 --><\/p>\n<p>Im\u00e1genes | <a rel=\"noopener, noreferrer\" href=\"https:\/\/cantabristas.com\/cantabria-no-quiere-ser-la-ibiza-del-norte-mas-de-8-000-personas-se-manifiestan-en-loredo-contra-la-masificacion-turistica\/\" target=\"_blank\">Cantabristas (X)<\/a><\/p>\n<p><!-- BREAK 12 --><\/p>\n<p>En Xataka | <a href=\"https:\/\/www.xataka.com\/magnet\/tenerife-no-parque-tematico-canarias-discute-cobrar-acceso-a-espacios-naturales-como-teide\" target=\"_blank\" rel=\"noopener\">Canarias se enfrenta al dilema irremediable de limitar el turismo. Empezando por cobrar para subir al Teide\u00a0<\/a><\/p>\n<p><!-- BREAK 13 -->\n <\/div>\n<p><a href=\"https:\/\/www.xataka.com\/magnet\/hay-quien-quiere-convertir-a-cantabria-ibiza-norte-problema-para-miles-cantabros-esa-idea-espantosa\" class=\" target=\" title=\"el movimiento anti-turismo en Cantabria ya moviliza a miles de personas\" target=\"_blank\" rel=\"noopener\">Ver fuente<\/a><\/p>\n","protected":false},"excerpt":{"rendered":"<p>Sus impulsores la han planteado como \u00abla Ibiza del norte\u00bb. Y lo cierto es que el megaproyecto tur\u00edstico proyectado en Ribamont\u00e1n al Mar \u2014en la costa c\u00e1ntabra, a unos 30 kil\u00f3metros de Santander\u2014 ha logrado ya algo que lo asemeja a los grandes polos tur\u00edsticos de los archipi\u00e9lagos balear o canario, aunque probablemente muy a [&hellip;]<\/p>\n","protected":false},"author":2,"featured_media":3003,"comment_status":"open","ping_status":"closed","sticky":false,"template":"","format":"standard","meta":{"footnotes":""},"categories":[9],"tags":[],"class_list":["post-3002","post","type-post","status-publish","format-standard","has-post-thumbnail","hentry","category-tecnologia"],"_links":{"self":[{"href":"https:\/\/enfoquenoticioso.com\/index.php?rest_route=\/wp\/v2\/posts\/3002","targetHints":{"allow":["GET"]}}],"collection":[{"href":"https:\/\/enfoquenoticioso.com\/index.php?rest_route=\/wp\/v2\/posts"}],"about":[{"href":"https:\/\/enfoquenoticioso.com\/index.php?rest_route=\/wp\/v2\/types\/post"}],"author":[{"embeddable":true,"href":"https:\/\/enfoquenoticioso.com\/index.php?rest_route=\/wp\/v2\/users\/2"}],"replies":[{"embeddable":true,"href":"https:\/\/enfoquenoticioso.com\/index.php?rest_route=%2Fwp%2Fv2%2Fcomments&post=3002"}],"version-history":[{"count":0,"href":"https:\/\/enfoquenoticioso.com\/index.php?rest_route=\/wp\/v2\/posts\/3002\/revisions"}],"wp:featuredmedia":[{"embeddable":true,"href":"https:\/\/enfoquenoticioso.com\/index.php?rest_route=\/wp\/v2\/media\/3003"}],"wp:attachment":[{"href":"https:\/\/enfoquenoticioso.com\/index.php?rest_route=%2Fwp%2Fv2%2Fmedia&parent=3002"}],"wp:term":[{"taxonomy":"category","embeddable":true,"href":"https:\/\/enfoquenoticioso.com\/index.php?rest_route=%2Fwp%2Fv2%2Fcategories&post=3002"},{"taxonomy":"post_tag","embeddable":true,"href":"https:\/\/enfoquenoticioso.com\/index.php?rest_route=%2Fwp%2Fv2%2Ftags&post=3002"}],"curies":[{"name":"wp","href":"https:\/\/api.w.org\/{rel}","templated":true}]}}