{"id":3040,"date":"2024-05-21T02:42:19","date_gmt":"2024-05-21T02:42:19","guid":{"rendered":"https:\/\/enfoquenoticioso.com\/tecnologia\/el-mercedes-eqs-se-estrella-en-ventas-ante-un-cliente-fiel-a-la-gasolina\/"},"modified":"2024-05-21T02:42:19","modified_gmt":"2024-05-21T02:42:19","slug":"el-mercedes-eqs-se-estrella-en-ventas-ante-un-cliente-fiel-a-la-gasolina","status":"publish","type":"post","link":"https:\/\/enfoquenoticioso.com\/?p=3040","title":{"rendered":"el Mercedes EQS se estrella en ventas ante un cliente fiel a la gasolina"},"content":{"rendered":"<div>\n<p>La transici\u00f3n al coche el\u00e9ctrico est\u00e1 empezando a generar algunas dudas. Las ventas de este tipo de tecnolog\u00eda han empezado a estancarse y queda por ver hasta d\u00f3nde pueden llegar a corto y medio plazo. El segmento del lujo no es una excepci\u00f3n y all\u00ed donde parec\u00eda que hab\u00eda un amplio nicho de crecimiento, Mercedes tiene muchas dificultades para crecer.<\/p>\n<p><!-- BREAK 1 --> <\/p>\n<p>Su Mercedes EQS es un buen ejemplo.<\/p>\n<p><strong>Los objetivos<\/strong>. Desde hace a\u00f1os, las pol\u00edticas europeas <a href=\"https:\/\/www.xataka.com\/movilidad\/2035-solo-10-coches-combustion-cumpliran-euro-7-asi-que-industria-presiona-para-saltarsela\" target=\"_blank\" rel=\"noopener\">han presionado<\/a> para saltar al coche el\u00e9ctrico. El objetivo de no vender veh\u00edculos con motores de combusti\u00f3n <a href=\"https:\/\/www.xataka.com\/movilidad\/hemos-llegado-a-acuerdo-efuel-fumata-blanca-ue-alemania-fin-coches-combustion\" target=\"_blank\" rel=\"noopener\">(neutros en carbono)<\/a> en 2035 es <a href=\"https:\/\/www.xataka.com\/movilidad\/definitivo-union-europea-prohibe-vender-coches-combustion-2035\" target=\"_blank\" rel=\"noopener\">la gran meta<\/a> pero por el camino la Uni\u00f3n Europea se ha impuesto un ambicioso punto intermedio en 2030, con una reducci\u00f3n como nunca vista de emisiones con su <a rel=\"noopener, noreferrer\" href=\"https:\/\/www.consilium.europa.eu\/es\/policies\/green-deal\/fit-for-55\/\" target=\"_blank\">Fit55<\/a>.<\/p>\n<p><!-- BREAK 2 --><\/p>\n<p>Al mismo tiempo, Estados Unidos tambi\u00e9n est\u00e1 creando un plan para, poco a poco, reducir el volumen de veh\u00edculos movidos por combustibles f\u00f3siles. Adem\u00e1s, est\u00e1 presionando, tanto con <a href=\"https:\/\/www.xataka.com\/movilidad\/ford-despedira-a-3-200-empleados-europa-como-estados-unidos-china-estan-ganando-batalla-coche-electrico\" target=\"_blank\" rel=\"noopener\">ventajas fiscales<\/a> como con <a href=\"https:\/\/www.xataka.com\/movilidad\/estados-unidos-ha-impuesto-a-china-madre-aranceles-100-a-cada-coche-electrico-importado\" target=\"_blank\" rel=\"noopener\">aranceles<\/a>, para que los fabricantes produzcan localmente sus veh\u00edculos.<\/p>\n<p><!-- BREAK 3 --> <\/p>\n<p>Qu\u00e9 decir de China que cuando Europa y Estados Unidos han querido ponerse las pilas (nunca mejor dicho), el pa\u00eds asi\u00e1tico les <a href=\"https:\/\/www.xataka.com\/movilidad\/dominio-asia-produccion-baterias-para-coches-electricos-explicado-abrumador-grafico\" target=\"_blank\" rel=\"noopener\">llevaba a\u00f1os de ventaja<\/a>, con una producci\u00f3n total mucho mayor a cualquier otro mercado y un <a href=\"https:\/\/www.xataka.com\/movilidad\/china-responde-a-estados-unidos-cerrando-grifo-grafito-su-objetivo-liderar-coche-electrico\" target=\"_blank\" rel=\"noopener\">f\u00e9rreo control de las materias primas<\/a>.<\/p>\n<p><!-- BREAK 4 --><\/p>\n<p><strong>La realidad<\/strong>. Lo cierto es que las ventas de los coches el\u00e9ctricos han ido respondiendo. Poco a poco este tipo de tecnolog\u00eda ha ido creciendo fuera de China y las tasas de ventas se han ido doblando y triplicando hasta conseguir, por ejemplo, que el <a href=\"https:\/\/www.xataka.com\/movilidad\/toyota-duda-coche-electrico-tesla-model-le-ha-arrebatado-trono-vendido-mundo\" target=\"_blank\" rel=\"noopener\">Tesla Model Y sea el coche m\u00e1s vendido<\/a> en el mundo.<\/p>\n<p><!-- BREAK 5 --><\/p>\n<p>Pero tambi\u00e9n estamos observando un <a href=\"https:\/\/www.xataka.com\/movilidad\/muy-probable-que-crecimiento-ventas-coches-electricos-se-frene-a-corto-plazo-muy-logico\" target=\"_blank\" rel=\"noopener\">frenazo en las ventas<\/a>. Uno que tiene sentido. Una vez que los fabricantes han colmado las ansias de sus <a href=\"https:\/\/www.xataka.com\/movilidad\/tener-coche-cada-vez-ricos-industria-esta-matando-gamas-baratas-su-paso-al-coche-electrico\" target=\"_blank\" rel=\"noopener\">clientes m\u00e1s adinerados<\/a> (a quienes vendieron sus primeros coches el\u00e9ctricos) queda por ver si son capaces de penetrar en la gama media y media-baja con veh\u00edculos que convenzan al p\u00fablico generalista.<\/p>\n<p><!-- BREAK 6 --> <\/p>\n<p>Esto ha llevado un enfriamiento de la demanda que se est\u00e1 dejando notar en todos los sectores. Ahora la duda es, con el horizonte lleno de promesas de bater\u00edas mejores y m\u00e1s baratas, \u00bfconseguir\u00e1 popularizarse el coche el\u00e9ctrico? <a rel=\"noopener, noreferrer\" href=\"https:\/\/x.com\/guillealfonsin\/status\/1791742067233751279?s=12\">Expertos como Guillermo Garc\u00eda Alfons\u00edn<\/a> lo pon\u00edan en duda en el corto plazo y empezamos a saber si existe un nuevo techo de cristal.<\/p>\n<p><!-- BREAK 7 --><\/p>\n<p><strong>El caso Mercedes<\/strong>. A Mercedes le ha sucedido lo mismo que a muchas otras marcas europeas. Las presiones europeas y sus ventas en China han propiciado que adelantaran anuncios sobre un <a href=\"https:\/\/www.xataka.com\/vehiculos\/mercedes-benz-sera-marca-completamente-electrica-para-2030-anuncia-que-instalara-ocho-gigafactorias\" target=\"_blank\" rel=\"noopener\">futuro salto el\u00e9ctrico a medio plazo<\/a>. Mercedes lo hab\u00eda planteado para 2030. <a href=\"https:\/\/www.xataka.com\/movilidad\/hubo-demasiado-optimismo-toda-industria-mercedes-empieza-a-dudar-vender-exclusiva-coches-electricos-2030\" target=\"_blank\" rel=\"noopener\">Ahora lo pone en duda<\/a>.<\/p>\n<p><!-- BREAK 8 --><\/p>\n<p>La compa\u00f1\u00eda no es la \u00fanica que recoge cable. El Grupo Volkswagen, otro de los grandes conglomerados que se hab\u00eda lanzado a los brazos del coche el\u00e9ctrico, empieza a ver con buenos ojos a los <a rel=\"noopener, noreferrer\" href=\"https:\/\/neomotor.epe.es\/industria\/volkswagen-frena-su-electrificacion-para-expandir-su-gama-hibrida-enchufable-FE1789878\" target=\"_blank\">h\u00edbridos enchufables como etapa intermedia<\/a>. <a rel=\"noopener, noreferrer\" href=\"https:\/\/www.eldiario.es\/economia\/volkswagen-bmw-mercedes-atragantan-coche-electrico_1_10869186.html\" target=\"_blank\">BMW tampoco<\/a> est\u00e1 consiguiendo los resultados esperados. Son solo algunos ejemplos.<\/p>\n<p><!-- BREAK 9 --><\/p>\n<p><strong>Y el caso EQS<\/strong>. Mercedes, como muchas otras compa\u00f1\u00edas, entr\u00f3 al coche el\u00e9ctrico empezando la casa por el tejado. Conscientes de que vender un coche el\u00e9ctrico les costar\u00eda un <a href=\"https:\/\/www.xataka.com\/movilidad\/coche-electrico-necesitaba-mostrarle-a-industria-que-era-rentable-mercedes-eqe-acaba-lograrlo\" target=\"_blank\" rel=\"noopener\">sobreprecio muy significativo<\/a>, uno de sus primeros autom\u00f3viles con esta tecnolog\u00eda fue el Mercedes EQS, la opci\u00f3n completamente el\u00e9ctrica de su berlina de representaci\u00f3n.<\/p>\n<p><!-- BREAK 10 --> <\/p>\n<p>El coche se vendi\u00f3 como un punto de inflexi\u00f3n dentro de la marca, como su veh\u00edculo m\u00e1s avanzado en d\u00e9cadas y como <a href=\"https:\/\/www.xataka.com\/vehiculos\/mercedes-benz-eqs-realidad-asi-vehiculo-lujo-para-electrificar-clase-s\" target=\"_blank\" rel=\"noopener\">m\u00e1ximo exponente de su tecnolog\u00eda<\/a>, con un nuevo lenguaje de dise\u00f1o tanto por fuera (formas bulbosas alejadas del m\u00e1s cl\u00e1sico Mercedes Clase S) y por dentro (con su hipn\u00f3tica <a href=\"https:\/\/www.xataka.com\/automovil\/pantalla-casi-metro-medio-para-conductor-copiloto-mercedes-benz-desvela-su-hyperscreen-para-futuro-eqs\" target=\"_blank\" rel=\"noopener\">Hyperscreen<\/a>).<\/p>\n<p><!-- BREAK 11 --><\/p>\n<p>Los clientes, explican en <a rel=\"noopener, noreferrer\" href=\"https:\/\/www.bloomberg.com\/opinion\/articles\/2024-05-16\/why-mercedes-electric-eqs-sedan-flopped?cmpid=BBD051624_hyperdrive&amp;utm_medium=email&amp;utm_source=newsletter&amp;utm_term=240516&amp;utm_campaign=hyperdrive\" target=\"_blank\"><em>Bloomberg<\/em><\/a> no han terminado de responder. En 2021 llegaron las primeras unidades y colocaron en el mercado 2.500 veh\u00edculos. En 2022, el primer a\u00f1o natural con el coche en el mercado, se vendieron 23.400 unidades. Pero pese a que el coche deber\u00eda haber seguido creciendo, 2023 ha sido un a\u00f1o fat\u00eddico, con una ca\u00edda del 40% que ha dejado al modelo en 14.100 unidades.<\/p>\n<p><!-- BREAK 12 --><\/p>\n<p><strong>Los motivos econ\u00f3micos<\/strong>. La situaci\u00f3n del Mercedes EQS nos dice mucho de la salud del mercado del coche el\u00e9ctrico. En el diario econ\u00f3mico recogen algunas causas puramente econ\u00f3micas que explican la situaci\u00f3n y los motivos que tiene Mercedes para preocuparse.<\/p>\n<p><!-- BREAK 13 --><\/p>\n<p>Aseguran en <em>Bloomberg<\/em> que la guerra de precios vivida en China ha hecho mucho da\u00f1o a un coche el\u00e9ctrico que en Europa se vende por encima de los 100.000 euros y que <a href=\"https:\/\/www.xataka.com\/movilidad\/fabricantes-europeos-se-han-empenado-vender-coches-caros-china-tienen-problema\" target=\"_blank\" rel=\"noopener\">Mercedes se ha resistido<\/a> a rebajar de precio en Asia. Adem\u00e1s, en Estados Unidos se han dado contabilizado <a rel=\"noopener, noreferrer\" href=\"https:\/\/www.carscoops.com\/2023\/03\/the-mercedes-benz-eqs-can-be-leased-for-less-than-500-a-month-if-youre-lucky\/\" target=\"_blank\">grandes descuentos en el alquiler<\/a> del veh\u00edculo, una interesante opci\u00f3n para quien solo necesita el coche muy puntualmente por criterios de imagen.<\/p>\n<p><!-- BREAK 14 --><\/p>\n<p>Adem\u00e1s, el coche tiene algunos problemas que <a href=\"https:\/\/www.xataka.com\/movilidad\/mercedes-amg-eqs-53-4matic-analisis-review-caracteristicas-precio-especificaciones\" target=\"_blank\" rel=\"noopener\">se\u00f1alamos en su prueba<\/a>. Es un coche con un consumo alto y que cuenta con una bater\u00eda enorme que necesita, urgentemente, una carga a mayor potencia para reducir sensiblemente los tiempos de carga. Esto mismo es por lo que <a href=\"https:\/\/www.xataka.com\/movilidad\/futuro-coche-electrico-pasa-plataformas-800-voltios-carrera-democratizar-recargas-10-minutos\" target=\"_blank\" rel=\"noopener\">est\u00e1 apostando gran parte de la industria<\/a>.<\/p>\n<p><!-- BREAK 15 --> <\/p>\n<p><strong>La percepci\u00f3n del cliente<\/strong>. De lo segundo que se habla en el art\u00edculo del medio econ\u00f3mico es de la percepci\u00f3n que tiene el cliente sobre el Mercedes EQS. En \u00e9l se menciona que el Mercedes Clase S vendi\u00f3 el a\u00f1o pasado seis veces m\u00e1s que el modelo el\u00e9ctrico, con su estilo m\u00e1s cl\u00e1sico y tradicional. Se\u00f1alan que las nuevas formas del el\u00e9ctrico pueden haber alejado a una clientela muy inmovilista.<\/p>\n<p><!-- BREAK 16 --><\/p>\n<p>Esto mismo comentamos en la <a href=\"https:\/\/www.xataka.com\/movilidad\/bmw-i7-analisis-como-doblegar-limites-coche-electrico-berlina-que-no-hace-concesiones\" target=\"_blank\" rel=\"noopener\">prueba del BMW i7<\/a> como un valor a\u00f1adido. Mientras que Mercedes opt\u00f3 por ofrecer un coche el\u00e9ctrico que se adaptaba a las exigencias de la tecnolog\u00eda (buen\u00edsimo coeficiente aerodin\u00e1mico, por ejemplo), BMW ha optado por ofrecer el mismos coches que un Serie 7, con sus formas cuadradas y angulosas pese a ser una p\u00e9sima decisi\u00f3n en t\u00e9rminos de eficiencia.<\/p>\n<p><!-- BREAK 17 --><\/p>\n<p>El otra derivada es si Mercedes ha descuidado a los pasajeros traseros con el nuevo EQS. Hay que tener en cuenta que gran parte de los compradores de este coche no lo conducen y mientras que la berlina de lujo de BMW est\u00e1 muy enfocada a ofrecer lo mejor de lo mejor <a href=\"https:\/\/www.xataka.com\/movilidad\/bmw-serie-7-caracteristicas-precio-ficha-tecnica\" target=\"_blank\" rel=\"noopener\">(enorme pantalla incluida)<\/a>, Mercedes no ha hecho un coche tan c\u00f3modo y disfrutable en sus plazas traseras como es el Clase S. Esto es una verdadera china en el zapato en un mercado como el chino, <a rel=\"noopener, noreferrer\" href=\"https:\/\/motor.elpais.com\/coches-electricos\/un-coche-chino-entra-en-la-disputa-por-la-pantalla-mas-grande-del-mercado\/\" target=\"_blank\">donde se le da un enorme valor<\/a>.<\/p>\n<p><!-- BREAK 18 --><\/p>\n<div class=\"article-asset article-asset-normal article-asset-center\">\n<div class=\"desvio-container\">\n<div class=\"desvio\">\n<div class=\"desvio-figure js-desvio-figure\">\n    <a href=\"https:\/\/www.xataka.com\/movilidad\/transicion-al-coche-electrico-tiene-que-pagar-gente-pasta-fabricantes-se-reafirman-ventas-frenandose\" target=\"_blank\" rel=\"noopener\"><br \/>\n     <img loading=\"lazy\" decoding=\"async\" alt=\"&quot;La transici\u00f3n al coche el\u00e9ctrico la tiene que pagar la gente con pasta&quot;: los fabricantes se reafirman con las ventas fren\u00e1ndose \" width=\"375\" height=\"142\" src=\"https:\/\/i.blogs.es\/4edbbe\/8montaje\/375_142.jpeg\"\/><br \/>\n    <\/a>\n   <\/div>\n<\/p><\/div>\n<\/p><\/div>\n<\/div>\n<p><strong>El coche el\u00e9ctrico y el lujo<\/strong>. Otro de los escollos con los que se est\u00e1 encontrando el coche el\u00e9ctrico es el segmento del lujo. Hace solo unos d\u00edas que el CEO de Rimac, marca que solo ha fabricado un exclusivo superdeportivo el\u00e9ctrico, echaba la culpa de que <a href=\"https:\/\/www.xataka.com\/movilidad\/nos-imponen-cosas-que-no-queremos-coche-electrico-espectacular-no-se-vende-rimac-tiene-muy-claro-quien-culpa\" target=\"_blank\" rel=\"noopener\">su coche no se vendiera<\/a> a las decisiones pol\u00edticas. Considera que las \u00abpresiones\u00bb pol\u00edticas por avanzar hacia el coche el\u00e9ctrico est\u00e1 provocando un rechazo y que cada vez m\u00e1s potenciales compradores prefieren evitar su compra como reacci\u00f3n.<\/p>\n<p><!-- BREAK 19 --><\/p>\n<p>Esto, que no se puede medir con n\u00fameros, puede ser cierto pero tambi\u00e9n hay que tener en cuenta otros dos puntos. El primero es que, si el mercado generalista avanza hacia el coche el\u00e9ctrico, el valor a\u00f1adido en el mercado del lujo ser\u00e1 el motor de combusti\u00f3n. Es algo que saben bien en <a href=\"https:\/\/www.xataka.com\/movilidad\/pleno-salto-coche-electrico-empresa-se-ha-empenado-salvar-motor-combustion-porsche\" target=\"_blank\" rel=\"noopener\">Porsche<\/a> o <a href=\"https:\/\/www.xataka.com\/movilidad\/europa-quiere-acabar-coches-contaminantes-a-ferrari-le-da-porque-su-negocio-no-esta-europa\" target=\"_blank\" rel=\"noopener\">Ferrari<\/a>.<\/p>\n<p><!-- BREAK 20 --><\/p>\n<p>El segundo punto es que coches como el Mercedes Clase S se compran, en parte, teniendo claro que se deval\u00faan mucho menos que otros veh\u00edculos. El coche el\u00e9ctrico, como tecnolog\u00eda que avanza deprisa, que <a href=\"https:\/\/www.xataka.com\/movilidad\/duena-mg-tiene-lista-su-bateria-estado-solido-1-000-km-autonomia-cuestion-llegara-europa\" target=\"_blank\" rel=\"noopener\">mejora las autonom\u00edas<\/a> poco a poco y que tiene <a href=\"https:\/\/www.xataka.com\/movilidad\/que-que-prometen-que-suponen-reto-baterias-estado-solido-gran-apuesta-coche-electrico\" target=\"_blank\" rel=\"noopener\">grandes promesas<\/a> en el horizonte, no est\u00e1 vendiendo en el mercado de segunda mano como gustar\u00eda. El producto <a href=\"https:\/\/www.xataka.com\/movilidad\/coche-electrico-tiene-problema-segunda-mano-se-venden-pocos-demasiado-baratos\" target=\"_blank\" rel=\"noopener\">se deval\u00faa m\u00e1s que otras tecnolog\u00edas<\/a> y este es un problema m\u00e1s que sumar al Mercedes EQS.<\/p>\n<p><!-- BREAK 21 --> <\/p>\n<p>Imagen | Mercedes<\/p>\n<p>En Xataka | <a href=\"https:\/\/www.xataka.com\/movilidad\/coche-electrico-pierde-50-su-valor-tres-anos-despues-su-compra-no-parezca-buena-senal\" target=\"_blank\" rel=\"noopener\">El coche el\u00e9ctrico pierde el 50% de su valor tres a\u00f1os despu\u00e9s de su compra. Aunque no lo parezca, es una buena se\u00f1al<\/a><\/p>\n<p><!-- BREAK 22 -->\n <\/div>\n<p><a href=\"https:\/\/www.xataka.com\/movilidad\/coche-electrico-no-para-millonarios-mercedes-eqs-se-estrella-ventas-cliente-fiel-a-gasolina\" class=\" target=\" title=\"el Mercedes EQS se estrella en ventas ante un cliente fiel a la gasolina\" target=\"_blank\" rel=\"noopener\">Ver fuente<\/a><\/p>\n","protected":false},"excerpt":{"rendered":"<p>La transici\u00f3n al coche el\u00e9ctrico est\u00e1 empezando a generar algunas dudas. Las ventas de este tipo de tecnolog\u00eda han empezado a estancarse y queda por ver hasta d\u00f3nde pueden llegar a corto y medio plazo. El segmento del lujo no es una excepci\u00f3n y all\u00ed donde parec\u00eda que hab\u00eda un amplio nicho de crecimiento, Mercedes [&hellip;]<\/p>\n","protected":false},"author":2,"featured_media":3041,"comment_status":"open","ping_status":"closed","sticky":false,"template":"","format":"standard","meta":{"footnotes":""},"categories":[9],"tags":[],"class_list":["post-3040","post","type-post","status-publish","format-standard","has-post-thumbnail","hentry","category-tecnologia"],"_links":{"self":[{"href":"https:\/\/enfoquenoticioso.com\/index.php?rest_route=\/wp\/v2\/posts\/3040","targetHints":{"allow":["GET"]}}],"collection":[{"href":"https:\/\/enfoquenoticioso.com\/index.php?rest_route=\/wp\/v2\/posts"}],"about":[{"href":"https:\/\/enfoquenoticioso.com\/index.php?rest_route=\/wp\/v2\/types\/post"}],"author":[{"embeddable":true,"href":"https:\/\/enfoquenoticioso.com\/index.php?rest_route=\/wp\/v2\/users\/2"}],"replies":[{"embeddable":true,"href":"https:\/\/enfoquenoticioso.com\/index.php?rest_route=%2Fwp%2Fv2%2Fcomments&post=3040"}],"version-history":[{"count":0,"href":"https:\/\/enfoquenoticioso.com\/index.php?rest_route=\/wp\/v2\/posts\/3040\/revisions"}],"wp:featuredmedia":[{"embeddable":true,"href":"https:\/\/enfoquenoticioso.com\/index.php?rest_route=\/wp\/v2\/media\/3041"}],"wp:attachment":[{"href":"https:\/\/enfoquenoticioso.com\/index.php?rest_route=%2Fwp%2Fv2%2Fmedia&parent=3040"}],"wp:term":[{"taxonomy":"category","embeddable":true,"href":"https:\/\/enfoquenoticioso.com\/index.php?rest_route=%2Fwp%2Fv2%2Fcategories&post=3040"},{"taxonomy":"post_tag","embeddable":true,"href":"https:\/\/enfoquenoticioso.com\/index.php?rest_route=%2Fwp%2Fv2%2Ftags&post=3040"}],"curies":[{"name":"wp","href":"https:\/\/api.w.org\/{rel}","templated":true}]}}