{"id":3044,"date":"2024-05-21T02:51:59","date_gmt":"2024-05-21T02:51:59","guid":{"rendered":"https:\/\/enfoquenoticioso.com\/deporte\/yangel-herrera-llego-a-50-partidos-con-el-girona\/"},"modified":"2024-05-21T02:51:59","modified_gmt":"2024-05-21T02:51:59","slug":"yangel-herrera-llego-a-50-partidos-con-el-girona","status":"publish","type":"post","link":"https:\/\/enfoquenoticioso.com\/?p=3044","title":{"rendered":"Yangel Herrera lleg\u00f3 a 50 partidos con el Girona"},"content":{"rendered":"<div data-td-block-uid=\"tdi_91\">\n<div class=\"tdb-block-inner td-fix-index\">\n<p>La temporada de <a href=\"https:\/\/www.transfermarkt.es\/yangel-herrera\/leistungsdatenverein\/spieler\/378293\" target=\"_blank\" rel=\"noopener\">Yangel Herrera<\/a> en la primera divisi\u00f3n de Espa\u00f1a ha sido excepcional. El venzolano alcanz\u00f3 el pasado fin de semana una cifra redonda con el Girona, el equipo sensaci\u00f3n de La Liga.<\/p>\n<p>M\u00e1s all\u00e1 de las lesiones, Herrera es una de las piezas importantes del cuadro catal\u00e1n, que la temporada que viene jugar\u00e1 la UEFA Champions League.<\/p>\n<p>En la victoria 1-3 del Girona el pasado fin de semana ante el Valencia, Herrera lleg\u00f3 a los 50 partidos con su equipo, con el que lleva siete goles.<\/p>\n<figure class=\"wp-block-embed is-type-rich is-provider-twitter wp-block-embed-twitter\">\n<div class=\"wp-block-embed__wrapper\">\n<blockquote class=\"twitter-tweet\" data-width=\"550\" data-dnt=\"true\">\n<p lang=\"es\" dir=\"ltr\">\u2694\ufe0f 50 partidos de lucha innegociable como \u201cblanc-i-vermell\u201d\u2026 \u2764\ufe0f\ud83e\udd0d<br \/>\ud83d\udd1c \u00a1Por muchos m\u00e1s con nosotros, Yangel! \ud83d\ude0d <a href=\"https:\/\/t.co\/SLmNdigue1\">pic.twitter.com\/SLmNdigue1<\/a><\/p>\n<p>\u2014 Girona FC (@GironaFC_ES) <a href=\"https:\/\/twitter.com\/GironaFC_ES\/status\/1792637684080382304?ref_src=twsrc%5Etfw\" target=\"_blank\" rel=\"noopener\">May 20, 2024<\/a><\/p><\/blockquote>\n<\/div>\n<\/figure>\n<p>En la carrera del nativo de La Guaira, ser\u00eda el conjunto catalan el segundo club con el que lleva m\u00e1s partidos. El Granada es el primero con el que jug\u00f3 82.<\/p>\n<p>Adem\u00e1s, Yangel Herrera desde el a\u00f1o pasado ya no forma parte del Citigroup y el Girona es el due\u00f1o de sus derechos deportivos, con el que tiene contrato hasta 2027.<\/p>\n<p><strong>Lee tambi\u00e9n: <a href=\"https:\/\/www.liderendeportes.com\/noticias\/futbol\/futve\/metropolitanos-fc-regresa-a-disputar-una-inedita-final\/\" target=\"_blank\" rel=\"noopener\">Metropolitanos FC regresa a disputar una in\u00e9dita final<\/a><\/strong><\/p>\n<p>Lo cierto es que el venezolano sigue bailando en Espa\u00f1a y es una de las principales figuras de la Vinotinto.<\/p>\n<\/div>\n<\/div>\n<p><script async src=\"\/\/platform.twitter.com\/widgets.js\" charset=\"utf-8\"><\/script><br \/>\n<br \/><a href=\"https:\/\/www.liderendeportes.com\/noticias\/futbol\/venex-football\/yangel-herrera-llego-a-50-partidos-con-el-girona\/\" class=\" target=\" title=\"Yangel Herrera lleg\u00f3 a 50 partidos con el Girona\" target=\"_blank\" rel=\"noopener\">Ver fuente<\/a><\/p>\n","protected":false},"excerpt":{"rendered":"<p>La temporada de Yangel Herrera en la primera divisi\u00f3n de Espa\u00f1a ha sido excepcional. El venzolano alcanz\u00f3 el pasado fin de semana una cifra redonda con el Girona, el equipo sensaci\u00f3n de La Liga. M\u00e1s all\u00e1 de las lesiones, Herrera es una de las piezas importantes del cuadro catal\u00e1n, que la temporada que viene jugar\u00e1 [&hellip;]<\/p>\n","protected":false},"author":2,"featured_media":2299,"comment_status":"open","ping_status":"closed","sticky":false,"template":"","format":"standard","meta":{"footnotes":""},"categories":[7],"tags":[],"class_list":["post-3044","post","type-post","status-publish","format-standard","has-post-thumbnail","hentry","category-deporte"],"_links":{"self":[{"href":"https:\/\/enfoquenoticioso.com\/index.php?rest_route=\/wp\/v2\/posts\/3044","targetHints":{"allow":["GET"]}}],"collection":[{"href":"https:\/\/enfoquenoticioso.com\/index.php?rest_route=\/wp\/v2\/posts"}],"about":[{"href":"https:\/\/enfoquenoticioso.com\/index.php?rest_route=\/wp\/v2\/types\/post"}],"author":[{"embeddable":true,"href":"https:\/\/enfoquenoticioso.com\/index.php?rest_route=\/wp\/v2\/users\/2"}],"replies":[{"embeddable":true,"href":"https:\/\/enfoquenoticioso.com\/index.php?rest_route=%2Fwp%2Fv2%2Fcomments&post=3044"}],"version-history":[{"count":0,"href":"https:\/\/enfoquenoticioso.com\/index.php?rest_route=\/wp\/v2\/posts\/3044\/revisions"}],"wp:featuredmedia":[{"embeddable":true,"href":"https:\/\/enfoquenoticioso.com\/index.php?rest_route=\/wp\/v2\/media\/2299"}],"wp:attachment":[{"href":"https:\/\/enfoquenoticioso.com\/index.php?rest_route=%2Fwp%2Fv2%2Fmedia&parent=3044"}],"wp:term":[{"taxonomy":"category","embeddable":true,"href":"https:\/\/enfoquenoticioso.com\/index.php?rest_route=%2Fwp%2Fv2%2Fcategories&post=3044"},{"taxonomy":"post_tag","embeddable":true,"href":"https:\/\/enfoquenoticioso.com\/index.php?rest_route=%2Fwp%2Fv2%2Ftags&post=3044"}],"curies":[{"name":"wp","href":"https:\/\/api.w.org\/{rel}","templated":true}]}}