{"id":3049,"date":"2024-05-21T03:38:24","date_gmt":"2024-05-21T03:38:24","guid":{"rendered":"https:\/\/enfoquenoticioso.com\/deporte\/nadal-evalua-su-regreso-a-roland-garros\/"},"modified":"2024-05-21T03:38:24","modified_gmt":"2024-05-21T03:38:24","slug":"nadal-evalua-su-regreso-a-roland-garros","status":"publish","type":"post","link":"https:\/\/enfoquenoticioso.com\/?p=3049","title":{"rendered":"Nadal eval\u00faa su regreso a Roland Garros"},"content":{"rendered":"<div data-td-block-uid=\"tdi_91\">\n<div class=\"tdb-block-inner td-fix-index\">\n<p>Rafael Nadal retorn\u00f3 el lunes a Roland Garros para entrenarse y determinar si est\u00e1 en condiciones para competir en el Abierto de Francia, el torneo de Grand Slam del cual es el due\u00f1o del r\u00e9cord con 14 t\u00edtulos.<\/p>\n<p>El astro espa\u00f1ol de 37 a\u00f1os hizo acto de prensa a \u00faltima hora de la tarde junto a su entrenador, Carlos Moy\u00e1. Pelote\u00f3 sin exigir demasiado en la pista Philippe-Chatrier que estaba abierta al p\u00fablico.<\/p>\n<p>Alrededor de 6.000 aficionados acudieron a la pista central de Roland Garros y vitorearon a Nadal cuando salt\u00f3 a la arcilla roja. Despu\u00e9s del entrenamiento, que dur\u00f3 hora y media aproximadamente, Nadal firm\u00f3 aut\u00f3grafos y desapereci\u00f3 despu\u00e9s por el t\u00fanel que dirige hacia los vestuarios.<\/p>\n<figure class=\"wp-block-embed is-type-rich is-provider-twitter wp-block-embed-twitter\"\/>\n<p>La pr\u00e1ctica del lunes permiti\u00f3 a Nadal tomarle el pulso a la superficie de Roland Garros, donde no ha jugado en dos a\u00f1os, y poner a prueba su condici\u00f3n f\u00edsica. El certamen arranca el domingo y a\u00fan no se confirmado si Nadal competir\u00e1.<\/p>\n<p>Busca ponerse a tono tras perderse casi todo 2023 tras someterse a una cirug\u00eda por una lesi\u00f3n en la cadera. Tampoco ha jugado mucho esta temporada debido a molestias en la cadera y un m\u00fasculo abdominal.<\/p>\n<p>Su reciente derrota en su segundo partido en el Abierto de Italia \u2014 por 6-1, 6-3 ante Hubert Hurkacz \u2014 dej\u00f3 al campe\u00f3n de 22 Grand Slams con dudas sobre competir en Par\u00eds.<\/p>\n<p>Nadal a\u00fan no ha confirmado definitivamente si disputar\u00e1 el Abierto de Francia, donde entrar\u00eda al cuadro final con ranking protegido La expectativa es que este ser\u00e1 el \u00faltimo a\u00f1o del mallorqu\u00edn en la gira, y por lo tanto la despedida al torneo en el que m\u00e1s ha brillado.<\/p>\n<p><strong>AP<\/strong><\/p>\n<\/div>\n<\/div>\n<p><a href=\"https:\/\/www.liderendeportes.com\/noticias\/mas-deportes\/tenis\/nadal-evalua-su-regreso-a-roland-garros\/\" class=\" target=\" title=\"Nadal eval\u00faa su regreso a Roland Garros\" target=\"_blank\" rel=\"noopener\">Ver fuente<\/a><\/p>\n","protected":false},"excerpt":{"rendered":"<p>Rafael Nadal retorn\u00f3 el lunes a Roland Garros para entrenarse y determinar si est\u00e1 en condiciones para competir en el Abierto de Francia, el torneo de Grand Slam del cual es el due\u00f1o del r\u00e9cord con 14 t\u00edtulos. El astro espa\u00f1ol de 37 a\u00f1os hizo acto de prensa a \u00faltima hora de la tarde junto [&hellip;]<\/p>\n","protected":false},"author":2,"featured_media":3050,"comment_status":"open","ping_status":"closed","sticky":false,"template":"","format":"standard","meta":{"footnotes":""},"categories":[7],"tags":[],"class_list":["post-3049","post","type-post","status-publish","format-standard","has-post-thumbnail","hentry","category-deporte"],"_links":{"self":[{"href":"https:\/\/enfoquenoticioso.com\/index.php?rest_route=\/wp\/v2\/posts\/3049","targetHints":{"allow":["GET"]}}],"collection":[{"href":"https:\/\/enfoquenoticioso.com\/index.php?rest_route=\/wp\/v2\/posts"}],"about":[{"href":"https:\/\/enfoquenoticioso.com\/index.php?rest_route=\/wp\/v2\/types\/post"}],"author":[{"embeddable":true,"href":"https:\/\/enfoquenoticioso.com\/index.php?rest_route=\/wp\/v2\/users\/2"}],"replies":[{"embeddable":true,"href":"https:\/\/enfoquenoticioso.com\/index.php?rest_route=%2Fwp%2Fv2%2Fcomments&post=3049"}],"version-history":[{"count":0,"href":"https:\/\/enfoquenoticioso.com\/index.php?rest_route=\/wp\/v2\/posts\/3049\/revisions"}],"wp:featuredmedia":[{"embeddable":true,"href":"https:\/\/enfoquenoticioso.com\/index.php?rest_route=\/wp\/v2\/media\/3050"}],"wp:attachment":[{"href":"https:\/\/enfoquenoticioso.com\/index.php?rest_route=%2Fwp%2Fv2%2Fmedia&parent=3049"}],"wp:term":[{"taxonomy":"category","embeddable":true,"href":"https:\/\/enfoquenoticioso.com\/index.php?rest_route=%2Fwp%2Fv2%2Fcategories&post=3049"},{"taxonomy":"post_tag","embeddable":true,"href":"https:\/\/enfoquenoticioso.com\/index.php?rest_route=%2Fwp%2Fv2%2Ftags&post=3049"}],"curies":[{"name":"wp","href":"https:\/\/api.w.org\/{rel}","templated":true}]}}