{"id":3051,"date":"2024-05-21T03:45:52","date_gmt":"2024-05-21T03:45:52","guid":{"rendered":"https:\/\/enfoquenoticioso.com\/tecnologia\/una-dana-y-luego-un-subidon-de-temperaturas\/"},"modified":"2024-05-21T03:45:52","modified_gmt":"2024-05-21T03:45:52","slug":"una-dana-y-luego-un-subidon-de-temperaturas","status":"publish","type":"post","link":"https:\/\/enfoquenoticioso.com\/?p=3051","title":{"rendered":"una DANA y luego un subid\u00f3n de temperaturas"},"content":{"rendered":"<div>\n<p>La Agencia Estatal de Meteorolog\u00eda <a rel=\"noopener, noreferrer\" href=\"https:\/\/x.com\/AEMET_Esp\/status\/1792477080921178259\">tiene noticias<\/a>. Es m\u00e1s, tiene muchas noticias. La primera es la llegada de una DANA a la pen\u00ednsula que va a tener revueltos los cielos de todo el tercio noreste durante los primeros d\u00edas de la semana.<\/p>\n<p><!-- BREAK 1 --> <\/p>\n<p>Y, mientras tanto, en el resto del pa\u00eds empezar\u00e1 el&#8230; \u00bfverano?<\/p>\n<p><strong>La DANA que precede al calor.<\/strong> Como digo, esta DANA <a rel=\"noopener, noreferrer\" href=\"https:\/\/x.com\/AEMET_Esp\/status\/1792477080921178259\">dejar\u00e1 chubascos abundantes<\/a> en el tercio norte y el en entorno del sistema Ib\u00e9rico. Adem\u00e1s, se espera que sean especialmente fuertes en el noreste de Catalu\u00f1a y interior de Castell\u00f3n. La cota de nieve <a rel=\"noopener, noreferrer\" href=\"https:\/\/www.aemet.es\/es\/eltiempo\/prediccion\/espana\" target=\"_blank\">estar\u00e1 en torno<\/a> a los 2000 metros en los pirineos, pero no se descartan algunas nevadas tambi\u00e9n en la cordillera cant\u00e1brica y la parte norte del sistema ib\u00e9rico.<\/p>\n<p><!-- BREAK 2 --><\/p>\n<p>En los dos grandes archipi\u00e9lagos, se esperan algunas lluvias (m\u00e1s fuertes en Baleares que en Canarias).<\/p>\n<p><!-- BREAK 3 --> <\/p>\n<div class=\"article-asset article-asset-normal article-asset-center\">\n<div class=\"desvio-container\">\n<div class=\"desvio\">\n<div class=\"desvio-figure js-desvio-figure\">\n    <a href=\"https:\/\/www.xataka.com\/ecologia-y-naturaleza\/otono-esta-dejando-existir-mejor-que-nos-hagamos-a-idea-porque-tiene-consecuencias\" target=\"_blank\" rel=\"noopener\"><br \/>\n     <img loading=\"lazy\" decoding=\"async\" alt=\"Bienvenido a los veranos de cinco meses: lo que el calor de este octubre nos dice sobre el futuro de Espa\u00f1a\" width=\"375\" height=\"142\" src=\"https:\/\/i.blogs.es\/1ece3d\/captura-de-pantalla-2023-10-05-a-las-17.10.40\/375_142.png\"\/><br \/>\n    <\/a>\n   <\/div>\n<\/p><\/div>\n<\/p><\/div>\n<\/div>\n<p><strong>Y luego&#8230; el calor.<\/strong> Y es que, aunque la semana empezar\u00e1 m\u00e1s fr\u00eda de lo normal, a partir del jueves <a rel=\"noopener, noreferrer\" href=\"https:\/\/www.aemet.es\/es\/eltiempo\/prediccion\/espana\" target=\"_blank\">la situaci\u00f3n da un volantazo<\/a>. Poco a poco, mientras avanzan los d\u00edas, las situaciones anticicl\u00f3nicas ir\u00e1n ganando terreno e ir\u00e1 calentando el aire fr\u00edo que arrastramos desde hace semanas.<\/p>\n<p><!-- BREAK 4 --><\/p>\n<p>La consecuencia de todo esto es que, especialmente en el sur de la pen\u00ednsula, vamos a experimentar un subid\u00f3n de temperaturas. Y va a ser bastante r\u00e1pido. Y ya durante el fin de semana veremos m\u00e1ximas de 35\u00aa en el sur y de 30\u00ba en el centro.<\/p>\n<p><!-- BREAK 5 --><\/p>\n<p><strong>\u00bfEmpieza ya el verano?<\/strong> En torno al 20 de mayo de 2022 ten\u00edamos temperaturas <a href=\"https:\/\/www.xataka.com\/ecologia-y-naturaleza\/afrontamos-ola-calor-temprana-historia-verano-tambien-esta-cambiando-para-siempre\" target=\"_blank\" rel=\"noopener\">hasta 15 grados por encima de lo normal<\/a> y estuvimos <a rel=\"noopener, noreferrer\" href=\"https:\/\/www.newtral.es\/calor-mayo-2022-ola-espana-cambio-climatico\/20220519\/\" target=\"_blank\">a punto de sufrir la ola de calor m\u00e1s temprana<\/a> de la historia. Falt\u00f3 muy poco. En 2023, antes de que acabara abril, ya se hab\u00edan destrozado m\u00e1s de <a href=\"https:\/\/www.xataka.com\/ecologia-y-naturaleza\/batir-100-temperaturas-maximas-semana-espana-vuelve-a-primavera-tormentas-granizo-vendavales\" target=\"_blank\" rel=\"noopener\">100 r\u00e9cords de temperaturas m\u00e1ximas<\/a>.<\/p>\n<p><!-- BREAK 6 --> <\/p>\n<p>En cambio 2024 est\u00e1 aguantando sorprendentemente bien (en lo que temperaturas moderadas se refiere).<\/p>\n<p>Y, sin embargo, <a rel=\"noopener, noreferrer\" href=\"https:\/\/twitter.com\/AEMET_Esp\/status\/1789554766655127867\" target=\"_blank\">seg\u00fan Copernicus<\/a>, hay entre un 70 y un 100% de posibilidades de que el verano de 2024 sea m\u00e1s c\u00e1lido de lo normal en toda Espa\u00f1a. Es m\u00e1s, todo parece indicar que hay <a href=\"https:\/\/www.xataka.com\/ecommerce\/aemet-acaba-publicar-su-prediccion-verano-2024-no-trae-ninguna-buena-noticia\" target=\"_blank\" rel=\"noopener\">una probabilidad de entre el 50 y 70%<\/a> de que este verano se sit\u00fae entre el 20% de los m\u00e1s c\u00e1lidos del registro hist\u00f3rico. As\u00ed que la gran pregunta es&#8230; \u00bfcu\u00e1ndo va a empezar?<\/p>\n<p><!-- BREAK 7 --><\/p>\n<p><strong>Y la respuesta es que nadie puede asegurarlo al 100%.<\/strong> Pero no hace falta. Durante las \u00faltimas semanas, muchos meteor\u00f3logos han ido avisando que cada gran episodio de lluvias pod\u00eda ser el \u00faltimo de la temporada. Es razonable, las estad\u00edsticas son claras: el calor <a href=\"https:\/\/www.xataka.com\/ecologia-y-naturaleza\/otono-esta-dejando-existir-mejor-que-nos-hagamos-a-idea-porque-tiene-consecuencias\" target=\"_blank\" rel=\"noopener\">cada vez llega antes y cada vez se va despu\u00e9s<\/a>.<\/p>\n<p><!-- BREAK 8 --><\/p>\n<p>Sin embargo 2024 est\u00e1 decidido a llevarles la contraria. AEMET, por lo pronto, se prepara para lo peor: es decir, tiene claro que no hay que esperar m\u00e1s, para <a href=\"https:\/\/www.xataka.com\/ecologia-y-naturaleza\/aemet-acaba-hacerlo-oficial-espana-afronta-este-fin-semana-su-primera-ola-calor-riesgo-ano\" target=\"_blank\" rel=\"noopener\">estar listos para la primera ola de calor del a\u00f1o<\/a>. Fundamentalmente porque en cualquier momento una de estas dorsales puede enquistar encima de nuestras cabezas y moverla ser\u00e1 casi imposible. Ya estamos en el tiempo de descuento.<\/p>\n<p><!-- BREAK 9 --><\/p>\n<p>Imagen | ECMWF<\/p>\n<p>En Xataka | <a href=\"https:\/\/www.xataka.com\/ecologia-y-naturaleza\/otono-esta-dejando-existir-mejor-que-nos-hagamos-a-idea-porque-tiene-consecuencias\" target=\"_blank\" rel=\"noopener\">Bienvenido a los veranos de cinco meses: lo que el calor de este octubre nos dice sobre el futuro de Espa\u00f1a<\/a><\/p>\n<p><!-- BREAK 10 --> <\/p><\/div>\n<p><script async src=\"\/\/platform.twitter.com\/widgets.js\" charset=\"utf-8\"><\/script><br \/>\n<br \/><a href=\"https:\/\/www.xataka.com\/ecologia-y-naturaleza\/gran-duda-este-2024-cuando-empezara-calor-aemet-tiene-claro-dana-luego-subidon-temperaturas\" class=\" target=\" title=\"una DANA y luego un subid\u00f3n de temperaturas\" target=\"_blank\" rel=\"noopener\">Ver fuente<\/a><\/p>\n","protected":false},"excerpt":{"rendered":"<p>La Agencia Estatal de Meteorolog\u00eda tiene noticias. Es m\u00e1s, tiene muchas noticias. La primera es la llegada de una DANA a la pen\u00ednsula que va a tener revueltos los cielos de todo el tercio noreste durante los primeros d\u00edas de la semana. Y, mientras tanto, en el resto del pa\u00eds empezar\u00e1 el&#8230; \u00bfverano? La DANA [&hellip;]<\/p>\n","protected":false},"author":2,"featured_media":3052,"comment_status":"open","ping_status":"closed","sticky":false,"template":"","format":"standard","meta":{"footnotes":""},"categories":[9],"tags":[],"class_list":["post-3051","post","type-post","status-publish","format-standard","has-post-thumbnail","hentry","category-tecnologia"],"_links":{"self":[{"href":"https:\/\/enfoquenoticioso.com\/index.php?rest_route=\/wp\/v2\/posts\/3051","targetHints":{"allow":["GET"]}}],"collection":[{"href":"https:\/\/enfoquenoticioso.com\/index.php?rest_route=\/wp\/v2\/posts"}],"about":[{"href":"https:\/\/enfoquenoticioso.com\/index.php?rest_route=\/wp\/v2\/types\/post"}],"author":[{"embeddable":true,"href":"https:\/\/enfoquenoticioso.com\/index.php?rest_route=\/wp\/v2\/users\/2"}],"replies":[{"embeddable":true,"href":"https:\/\/enfoquenoticioso.com\/index.php?rest_route=%2Fwp%2Fv2%2Fcomments&post=3051"}],"version-history":[{"count":0,"href":"https:\/\/enfoquenoticioso.com\/index.php?rest_route=\/wp\/v2\/posts\/3051\/revisions"}],"wp:featuredmedia":[{"embeddable":true,"href":"https:\/\/enfoquenoticioso.com\/index.php?rest_route=\/wp\/v2\/media\/3052"}],"wp:attachment":[{"href":"https:\/\/enfoquenoticioso.com\/index.php?rest_route=%2Fwp%2Fv2%2Fmedia&parent=3051"}],"wp:term":[{"taxonomy":"category","embeddable":true,"href":"https:\/\/enfoquenoticioso.com\/index.php?rest_route=%2Fwp%2Fv2%2Fcategories&post=3051"},{"taxonomy":"post_tag","embeddable":true,"href":"https:\/\/enfoquenoticioso.com\/index.php?rest_route=%2Fwp%2Fv2%2Ftags&post=3051"}],"curies":[{"name":"wp","href":"https:\/\/api.w.org\/{rel}","templated":true}]}}