{"id":3061,"date":"2024-05-21T04:45:25","date_gmt":"2024-05-21T04:45:25","guid":{"rendered":"https:\/\/enfoquenoticioso.com\/deporte\/samanes-apuesta-por-el-colombiano-andres-angulo\/"},"modified":"2024-05-21T04:45:25","modified_gmt":"2024-05-21T04:45:25","slug":"samanes-apuesta-por-el-colombiano-andres-angulo","status":"publish","type":"post","link":"https:\/\/enfoquenoticioso.com\/?p=3061","title":{"rendered":"Samanes apuesta por el colombiano Andr\u00e9s \u00c1ngulo"},"content":{"rendered":"<div>\n<p>Tras el inicio de las acciones de la Liga Mayor de Beisbol Profesional (LMBP), los equipos contin\u00faan afinando sus estrategias para afrontar la presente temporada. En Samanes de Aragua conf\u00edan en el talento y poder ofensivo del colombiano Andr\u00e9s \u00c1ngulo.<\/p>\n<p>El cale\u00f1o viene de disputar la Liga Profesional de Beisbol colombiano (LPB) con los Vaqueros de Monter\u00eda, equipo con el que bate\u00f3 39 indiscutibles, dos jonrones, impuls\u00f3 14 carreras y anot\u00f3 otras 26. Dej\u00f3 un average de .285, .382 en OBP y .402 de Slugging en 41 encuentros disputados.<\/p>\n<p>Para Fryddmar \u00c1lvarez, Gerente Deportivo del \u201cGigante de Aragua\u201d, \u201cAndr\u00e9s Angulo ser\u00e1 la pieza clave del equipo\u201d.<\/p>\n<p>\u201cA ese pelotero tengo a\u00f1os sigui\u00e9ndolo y de verdad, no tenemos ninguna referencia mala de \u00e9l (\u2026) es un l\u00edder, es un pelotero que juega con intensidad. Apostamos que con su madero nos pueda ayudar en la primera parte de la campa\u00f1a\u201d, coment\u00f3 el directivo a L\u00edder en Deportes.<\/p>\n<p><strong>Lee tambi\u00e9n: <a href=\"https:\/\/www.liderendeportes.com\/noticias\/venezolanos-mlb\/pletorico-luis-matos-fue-el-jugador-de-la-semana\/\" target=\"_blank\" rel=\"noopener\">\u00a1Plet\u00f3rico! Luis Matos fue el Jugador de la Semana<\/a><\/strong><\/p>\n<p>\u00c1lvarez aprovech\u00f3 la ocasi\u00f3n para hacer un balance de la zafra anterior y c\u00f3mo se preparan para hacerle frente a esta naciente temporada.<\/p>\n<p>\u201cNuestro equipo la temporada pasada fue sumamente ofensivo, gan\u00e1bamos los juegos a punta de batazos pero nos falt\u00f3 en el pitcheo\u201d, analiz\u00f3, recordando que Samanes tuvo la peor efectividad colectiva de 2023 con 5.80.<\/p>\n<p>\u201cEste a\u00f1o hemos redoblado los esfuerzos para reforzar el pitcheo, tenemos un universo de 25 pitcher y ocho de ellos pueden fungir como abridores\u201d, sostuvo.<\/p>\n<div id=\"ez-toc-container\" class=\"ez-toc-v2_0_81 counter-hierarchy ez-toc-counter ez-toc-grey ez-toc-container-direction\">\n<div class=\"ez-toc-title-container\">\n<p class=\"ez-toc-title\" style=\"cursor:inherit\">Tabla de Contenido<\/p>\n<span class=\"ez-toc-title-toggle\"><a href=\"#\" class=\"ez-toc-pull-right ez-toc-btn ez-toc-btn-xs ez-toc-btn-default ez-toc-toggle\" aria-label=\"Alternar tabla de contenidos\"><span class=\"ez-toc-js-icon-con\"><span class=\"\"><span class=\"eztoc-hide\" style=\"display:none;\">Toggle<\/span><span class=\"ez-toc-icon-toggle-span\"><svg style=\"fill: #999;color:#999\" xmlns=\"http:\/\/www.w3.org\/2000\/svg\" class=\"list-377408\" width=\"20px\" height=\"20px\" viewBox=\"0 0 24 24\" fill=\"none\"><path d=\"M6 6H4v2h2V6zm14 0H8v2h12V6zM4 11h2v2H4v-2zm16 0H8v2h12v-2zM4 16h2v2H4v-2zm16 0H8v2h12v-2z\" fill=\"currentColor\"><\/path><\/svg><svg style=\"fill: #999;color:#999\" class=\"arrow-unsorted-368013\" xmlns=\"http:\/\/www.w3.org\/2000\/svg\" width=\"10px\" height=\"10px\" viewBox=\"0 0 24 24\" version=\"1.2\" baseProfile=\"tiny\"><path d=\"M18.2 9.3l-6.2-6.3-6.2 6.3c-.2.2-.3.4-.3.7s.1.5.3.7c.2.2.4.3.7.3h11c.3 0 .5-.1.7-.3.2-.2.3-.5.3-.7s-.1-.5-.3-.7zM5.8 14.7l6.2 6.3 6.2-6.3c.2-.2.3-.5.3-.7s-.1-.5-.3-.7c-.2-.2-.4-.3-.7-.3h-11c-.3 0-.5.1-.7.3-.2.2-.3.5-.3.7s.1.5.3.7z\"\/><\/svg><\/span><\/span><\/span><\/a><\/span><\/div>\n<nav><ul class='ez-toc-list ez-toc-list-level-1 ' ><li class='ez-toc-page-1 ez-toc-heading-level-3'><a class=\"ez-toc-link ez-toc-heading-1\" href=\"https:\/\/enfoquenoticioso.com\/?p=3061\/#Plena_confianza_en_Freddy_Garcia\" >Plena confianza en Freddy Garc\u00eda<\/a><\/li><\/ul><\/nav><\/div>\n<h3 class=\"wp-block-heading\"><span class=\"ez-toc-section\" id=\"Plena_confianza_en_Freddy_Garcia\"><\/span><strong>Plena confianza en Freddy Garc\u00eda<\/strong><span class=\"ez-toc-section-end\"><\/span><\/h3>\n<p>Sobre el debut de Freddy Garc\u00eda como manager de Samanes, Fryddmar \u00c1lvarez afirm\u00f3 que se trata de un l\u00edder nato, una persona que entiende el juego y, de acuerdo al equipo que le han armado, podr\u00e1 hacer un buen trabajo.<\/p>\n<p>Cabe recordar, que el \u201cGigante de Aragua\u201d cerr\u00f3 el primer fin de semana de la temporada jugando para .500 tras una victoria contra Caciques de Distrito y una derrota ante Centauros de la Guaira. Ambos encuentros los disput\u00f3 como local.<\/p>\n<\/div>\n<p><a href=\"https:\/\/www.liderendeportes.com\/noticias\/baseball\/samanes-apuesta-por-el-colombiano-andres-angulo\/\" class=\" target=\" title=\"Samanes apuesta por el colombiano Andr\u00e9s \u00c1ngulo\" target=\"_blank\" rel=\"noopener\">Ver fuente<\/a><\/p>\n","protected":false},"excerpt":{"rendered":"<p>Tras el inicio de las acciones de la Liga Mayor de Beisbol Profesional (LMBP), los equipos contin\u00faan afinando sus estrategias para afrontar la presente temporada. En Samanes de Aragua conf\u00edan en el talento y poder ofensivo del colombiano Andr\u00e9s \u00c1ngulo. El cale\u00f1o viene de disputar la Liga Profesional de Beisbol colombiano (LPB) con los Vaqueros [&hellip;]<\/p>\n","protected":false},"author":2,"featured_media":3062,"comment_status":"open","ping_status":"closed","sticky":false,"template":"","format":"standard","meta":{"footnotes":""},"categories":[7],"tags":[],"class_list":["post-3061","post","type-post","status-publish","format-standard","has-post-thumbnail","hentry","category-deporte"],"_links":{"self":[{"href":"https:\/\/enfoquenoticioso.com\/index.php?rest_route=\/wp\/v2\/posts\/3061","targetHints":{"allow":["GET"]}}],"collection":[{"href":"https:\/\/enfoquenoticioso.com\/index.php?rest_route=\/wp\/v2\/posts"}],"about":[{"href":"https:\/\/enfoquenoticioso.com\/index.php?rest_route=\/wp\/v2\/types\/post"}],"author":[{"embeddable":true,"href":"https:\/\/enfoquenoticioso.com\/index.php?rest_route=\/wp\/v2\/users\/2"}],"replies":[{"embeddable":true,"href":"https:\/\/enfoquenoticioso.com\/index.php?rest_route=%2Fwp%2Fv2%2Fcomments&post=3061"}],"version-history":[{"count":0,"href":"https:\/\/enfoquenoticioso.com\/index.php?rest_route=\/wp\/v2\/posts\/3061\/revisions"}],"wp:featuredmedia":[{"embeddable":true,"href":"https:\/\/enfoquenoticioso.com\/index.php?rest_route=\/wp\/v2\/media\/3062"}],"wp:attachment":[{"href":"https:\/\/enfoquenoticioso.com\/index.php?rest_route=%2Fwp%2Fv2%2Fmedia&parent=3061"}],"wp:term":[{"taxonomy":"category","embeddable":true,"href":"https:\/\/enfoquenoticioso.com\/index.php?rest_route=%2Fwp%2Fv2%2Fcategories&post=3061"},{"taxonomy":"post_tag","embeddable":true,"href":"https:\/\/enfoquenoticioso.com\/index.php?rest_route=%2Fwp%2Fv2%2Ftags&post=3061"}],"curies":[{"name":"wp","href":"https:\/\/api.w.org\/{rel}","templated":true}]}}