{"id":3067,"date":"2024-05-21T05:18:58","date_gmt":"2024-05-21T05:18:58","guid":{"rendered":"https:\/\/enfoquenoticioso.com\/deporte\/courtois-dije-que-iba-a-trabajar-para-volver-fuerte\/"},"modified":"2024-05-21T05:18:58","modified_gmt":"2024-05-21T05:18:58","slug":"courtois-dije-que-iba-a-trabajar-para-volver-fuerte","status":"publish","type":"post","link":"https:\/\/enfoquenoticioso.com\/?p=3067","title":{"rendered":"Courtois: \u00abDije que iba a trabajar para volver fuerte\u201d"},"content":{"rendered":"<div data-td-block-uid=\"tdi_91\">\n<div class=\"tdb-block-inner td-fix-index\">\n<p>Thibaut Courtois volver\u00e1 a las canchas en una cita muy importante para el Real Madrid, que es nada m\u00e1s y nada menos que la final de la Champions entre el Real Madrid y el Borussia Dortmund. Esto luego de perderse toda la temporada por una rotura de ligamento cruzado anterior.<\/p>\n<p>Pero m\u00e1s all\u00e1 de estar alejado de las canchas, el belga se recuper\u00f3 para llegar a tono en busca de la Champions n\u00famero 15 del merengue.<\/p>\n<p>\u201cHay que ser positivo, sobre todo. En agosto llor\u00e9 porque lo peor que te puede pasar en el f\u00fatbol es el cruzado. Dije que iba a trabajar fuerte y volver fuerte\u201d, declar\u00f3 Courtois en una entrevista por la Semana Blanca, que organiza el Real Madrid.<\/p>\n<p>\u201cEra mi idea desde el principio: ser positivo, luchar y nunca bajar los brazos, buscar tus l\u00edmites. Muchos pensaban que mi temporada hab\u00eda acabado, pero yo sab\u00eda que no\u201d, dijo el arquero.<\/p>\n<p><strong>Lee tambi\u00e9n: <a href=\"https:\/\/www.liderendeportes.com\/noticias\/futbol\/futve\/carabobo-cerca-de-alzar-primera-copa-en-el-futve\/\" target=\"_blank\" rel=\"noopener\">Carabobo cerca de alzar primera copa en el Futve<\/a><\/strong><\/p>\n<p>A modo de reflexi\u00f3n, Courtois destac\u00f3 la grandeza del Madrid en el mundo, ya luego de pasar varios a\u00f1os en el club.<\/p>\n<p>\u201cDesde fuera siempre ves la grandeza, pero hasta que no est\u00e1s dentro no notas el impacto que tiene el Real Madrid en el f\u00fatbol mundial. Cada a\u00f1o se lucha para ganar la Champions, el club es el mejor del mundo y realmente cuando est\u00e1s dentro ves todo\u201d, expres\u00f3 el guardameta.<\/p>\n<\/div>\n<\/div>\n<p><a href=\"https:\/\/www.liderendeportes.com\/noticias\/futbol\/europeo\/courtois-dije-que-iba-a-trabajar-para-volver-fuerte\/\" class=\" target=\" title=\"Courtois: \" Dije que iba trabajar para volver target=\"_blank\" rel=\"noopener\">Ver fuente<\/a><\/p>\n","protected":false},"excerpt":{"rendered":"<p>Thibaut Courtois volver\u00e1 a las canchas en una cita muy importante para el Real Madrid, que es nada m\u00e1s y nada menos que la final de la Champions entre el Real Madrid y el Borussia Dortmund. Esto luego de perderse toda la temporada por una rotura de ligamento cruzado anterior. Pero m\u00e1s all\u00e1 de estar [&hellip;]<\/p>\n","protected":false},"author":2,"featured_media":3068,"comment_status":"open","ping_status":"closed","sticky":false,"template":"","format":"standard","meta":{"footnotes":""},"categories":[7],"tags":[],"class_list":["post-3067","post","type-post","status-publish","format-standard","has-post-thumbnail","hentry","category-deporte"],"_links":{"self":[{"href":"https:\/\/enfoquenoticioso.com\/index.php?rest_route=\/wp\/v2\/posts\/3067","targetHints":{"allow":["GET"]}}],"collection":[{"href":"https:\/\/enfoquenoticioso.com\/index.php?rest_route=\/wp\/v2\/posts"}],"about":[{"href":"https:\/\/enfoquenoticioso.com\/index.php?rest_route=\/wp\/v2\/types\/post"}],"author":[{"embeddable":true,"href":"https:\/\/enfoquenoticioso.com\/index.php?rest_route=\/wp\/v2\/users\/2"}],"replies":[{"embeddable":true,"href":"https:\/\/enfoquenoticioso.com\/index.php?rest_route=%2Fwp%2Fv2%2Fcomments&post=3067"}],"version-history":[{"count":0,"href":"https:\/\/enfoquenoticioso.com\/index.php?rest_route=\/wp\/v2\/posts\/3067\/revisions"}],"wp:featuredmedia":[{"embeddable":true,"href":"https:\/\/enfoquenoticioso.com\/index.php?rest_route=\/wp\/v2\/media\/3068"}],"wp:attachment":[{"href":"https:\/\/enfoquenoticioso.com\/index.php?rest_route=%2Fwp%2Fv2%2Fmedia&parent=3067"}],"wp:term":[{"taxonomy":"category","embeddable":true,"href":"https:\/\/enfoquenoticioso.com\/index.php?rest_route=%2Fwp%2Fv2%2Fcategories&post=3067"},{"taxonomy":"post_tag","embeddable":true,"href":"https:\/\/enfoquenoticioso.com\/index.php?rest_route=%2Fwp%2Fv2%2Ftags&post=3067"}],"curies":[{"name":"wp","href":"https:\/\/api.w.org\/{rel}","templated":true}]}}