{"id":3084,"date":"2024-05-21T06:54:01","date_gmt":"2024-05-21T06:54:01","guid":{"rendered":"https:\/\/enfoquenoticioso.com\/deporte\/valino-satisfecho-con-el-desempeno-en-canteras-de-america\/"},"modified":"2024-05-21T06:54:01","modified_gmt":"2024-05-21T06:54:01","slug":"valino-satisfecho-con-el-desempeno-en-canteras-de-america","status":"publish","type":"post","link":"https:\/\/enfoquenoticioso.com\/?p=3084","title":{"rendered":"Vali\u00f1o satisfecho con el desempe\u00f1o en Canteras de Am\u00e9rica"},"content":{"rendered":"<div data-td-block-uid=\"tdi_91\">\n<div class=\"tdb-block-inner td-fix-index\">\n<p>Con miras a los torneos que se disputar\u00e1n en 2025, Venezuela particip\u00f3 en el torneo Canteras de Am\u00e9rica en Argentina con la categor\u00eda 2007. Ah\u00ed tuvo fogueo con equipos grandes del continente.<\/p>\n<p>\u201cNosotros fuimos al torneo (Canteras de Am\u00e9rica) con la misi\u00f3n de hacer un an\u00e1lisis por los pocos d\u00edas de trabajo. Porque ante la gran cantidad de jugadores convocados en los m\u00f3dulos, no sab\u00edamos c\u00f3mo iban a responder\u201d, declar\u00f3 Ricardo Vali\u00f1o, entrenador del combinado nacional de la categor\u00eda a La Vinotinto TV.<\/p>\n<p>\u201cLes dimos un orden para que no sean un equipo an\u00e1rquico para seguir los patrones que hay que respetar para jugar en la selecci\u00f3n y sobre eso, ver c\u00f3mo se iban adaptando\u201d, expres\u00f3 Vali\u00f1o.<\/p>\n<p><strong>Lee tambi\u00e9n: <a href=\"https:\/\/www.liderendeportes.com\/noticias\/futbol\/femenino\/vinotinto-femenina-de-nuevo-en-la-elite\/\" target=\"_blank\" rel=\"noopener\">Vinotinto femenina de nuevo en la \u00e9lite<\/a><\/strong><\/p>\n<p>Y ya con el torneo finalizado, Ricardo Vali\u00f1o ofreci\u00f3 su balance sobre lo visto en tierras albicelestes.<\/p>\n<p>\u201cEl grupo logr\u00f3 llevar al campo de juego, con muy pocos d\u00edas de entrenamiento, el modelo de juego que venimos pregonando con todas las categor\u00edas formativas\u201d, expres\u00f3 Vali\u00f1o.<\/p>\n<p>Por \u00faltimo, el estratega argentino rescat\u00f3 un aspecto en general de sus dirigidos.<\/p>\n<p>\u201cLa capacidad de recibir conceptos, al no tener mucho tiempo de trabajo tuvimos que acelerar los procesos. Ellos est\u00e1n abiertos a recibir esa informaci\u00f3n, a procesarla y a ejecutarla en el campo a la perfecci\u00f3n\u201d, finaliz\u00f3 Batista.<\/p>\n<figure class=\"wp-block-embed is-type-video is-provider-youtube wp-block-embed-youtube wp-embed-aspect-16-9 wp-has-aspect-ratio\">\n<div class=\"wp-block-embed__wrapper\">\n<p><iframe loading=\"lazy\" title=\"Canteras de Am\u00e9rica | Ricardo Vali\u00f1o y el balance del m\u00f3dulo categor\u00eda 2007  en Rosario (Argentina).\" width=\"640\" height=\"360\" src=\"https:\/\/www.youtube.com\/embed\/DeQvxV6LTUI?feature=oembed\" frameborder=\"0\" allow=\"accelerometer; autoplay; clipboard-write; encrypted-media; gyroscope; picture-in-picture; web-share\" referrerpolicy=\"strict-origin-when-cross-origin\" allowfullscreen><\/iframe><\/p>\n<\/div>\n<\/figure>\n<\/div>\n<\/div>\n<p><a href=\"https:\/\/www.liderendeportes.com\/noticias\/destacado\/valino-satisfecho-con-el-desempeno-en-canteras-de-america\/\" class=\" target=\" title=\"Vali\u00f1o satisfecho con el desempe\u00f1o en Canteras de Am\u00e9rica\" target=\"_blank\" rel=\"noopener\">Ver fuente<\/a><\/p>\n","protected":false},"excerpt":{"rendered":"<p>Con miras a los torneos que se disputar\u00e1n en 2025, Venezuela particip\u00f3 en el torneo Canteras de Am\u00e9rica en Argentina con la categor\u00eda 2007. Ah\u00ed tuvo fogueo con equipos grandes del continente. \u201cNosotros fuimos al torneo (Canteras de Am\u00e9rica) con la misi\u00f3n de hacer un an\u00e1lisis por los pocos d\u00edas de trabajo. Porque ante la [&hellip;]<\/p>\n","protected":false},"author":2,"featured_media":3085,"comment_status":"open","ping_status":"closed","sticky":false,"template":"","format":"standard","meta":{"footnotes":""},"categories":[7],"tags":[],"class_list":["post-3084","post","type-post","status-publish","format-standard","has-post-thumbnail","hentry","category-deporte"],"_links":{"self":[{"href":"https:\/\/enfoquenoticioso.com\/index.php?rest_route=\/wp\/v2\/posts\/3084","targetHints":{"allow":["GET"]}}],"collection":[{"href":"https:\/\/enfoquenoticioso.com\/index.php?rest_route=\/wp\/v2\/posts"}],"about":[{"href":"https:\/\/enfoquenoticioso.com\/index.php?rest_route=\/wp\/v2\/types\/post"}],"author":[{"embeddable":true,"href":"https:\/\/enfoquenoticioso.com\/index.php?rest_route=\/wp\/v2\/users\/2"}],"replies":[{"embeddable":true,"href":"https:\/\/enfoquenoticioso.com\/index.php?rest_route=%2Fwp%2Fv2%2Fcomments&post=3084"}],"version-history":[{"count":0,"href":"https:\/\/enfoquenoticioso.com\/index.php?rest_route=\/wp\/v2\/posts\/3084\/revisions"}],"wp:featuredmedia":[{"embeddable":true,"href":"https:\/\/enfoquenoticioso.com\/index.php?rest_route=\/wp\/v2\/media\/3085"}],"wp:attachment":[{"href":"https:\/\/enfoquenoticioso.com\/index.php?rest_route=%2Fwp%2Fv2%2Fmedia&parent=3084"}],"wp:term":[{"taxonomy":"category","embeddable":true,"href":"https:\/\/enfoquenoticioso.com\/index.php?rest_route=%2Fwp%2Fv2%2Fcategories&post=3084"},{"taxonomy":"post_tag","embeddable":true,"href":"https:\/\/enfoquenoticioso.com\/index.php?rest_route=%2Fwp%2Fv2%2Ftags&post=3084"}],"curies":[{"name":"wp","href":"https:\/\/api.w.org\/{rel}","templated":true}]}}