{"id":3098,"date":"2024-05-21T08:37:44","date_gmt":"2024-05-21T08:37:44","guid":{"rendered":"https:\/\/enfoquenoticioso.com\/tecnologia\/la-esa-revela-el-origen-del-misterioso-objeto\/"},"modified":"2024-05-21T08:37:44","modified_gmt":"2024-05-21T08:37:44","slug":"la-esa-revela-el-origen-del-misterioso-objeto","status":"publish","type":"post","link":"https:\/\/enfoquenoticioso.com\/?p=3098","title":{"rendered":"La ESA revela el origen del misterioso objeto"},"content":{"rendered":"<div>\n<p>La Agencia Espacial Europea (ESA) confirm\u00f3 que <strong><a href=\"https:\/\/hipertextual.com\/2024\/05\/meteorito-espana-portugal-video\" target=\"_blank\" rel=\"noopener\">el b\u00f3lido que sobrevol\u00f3 la pen\u00ednsula ib\u00e9rica el s\u00e1bado por la noche<\/a><\/strong> no es un meteorito. La Oficina de Defensa Planetaria de la ESA llev\u00f3 a cabo un an\u00e1lisis exhaustivo del tama\u00f1o y la trayectoria del objeto luminoso para evaluar si alg\u00fan material pudo caer a la superficie. Luego de unas horas, la agencia descart\u00f3 que se tratara de un meteorito.<\/p>\n<p>\u00abParece que este objeto <strong>era un peque\u00f1o trozo de un cometa<\/strong>\u00ab,<a href=\"https:\/\/x.com\/esaoperations\/status\/1792142532605780071\"> dijo la ESA<\/a> en su cuenta de X (Twitter). \u00abEstimamos que vol\u00f3 sobre Espa\u00f1a y Portugal a una velocidad aproximada de 45 km\/s antes de arder sobre el oc\u00e9ano Atl\u00e1ntico a una altitud de unos 60 km\u00bb, a\u00f1adi\u00f3. El supuesto meteorito que rompi\u00f3 las redes sociales fue detectado por una c\u00e1mara de la ESA a las 22:46 UTC (00:46 h de Espa\u00f1a).<\/p>\n<p>Por otro lado, el Instituto de Astrof\u00edsica de Andaluc\u00eda del CSIC, <a href=\"https:\/\/www.csic.es\/es\/actualidad-del-csic\/un-meteoro-de-alta-luminosidad-recorre-el-oeste-peninsular-161000-kilometros-por-hora\" target=\"_blank\" rel=\"noopener\">mencion\u00f3<\/a> que el b\u00f3lido <strong>recorri\u00f3 500 kil\u00f3metros antes de extinguirse<\/strong>. Jos\u00e9 Luis Ortiz, investigador del departamento del sistema solar del IAA-CSIC, declar\u00f3 que el fen\u00f3meno se produjo luego de que un fragmento de cometa entrara a la atm\u00f3sfera. El objeto de elevada luminosidad <strong>surc\u00f3 los cielos del suroeste de la pen\u00ednsula ib\u00e9rica y nunca supuso riesgo para la poblaci\u00f3n<\/strong>.<\/p>\n<figure class=\"wp-block-embed is-type-rich is-provider-twitter wp-block-embed-twitter\">\n<div class=\"wp-block-embed__wrapper\">\n<blockquote class=\"twitter-tweet\" data-width=\"550\" data-dnt=\"true\">\n<p lang=\"en\" dir=\"ltr\">\ud83c\udf20 Fireball update!<\/p>\n<p>It appears that this object was a small piece of a comet.<\/p>\n<p>We estimate that it flew over Spain and Portugal travelling at ~45 km\/s before burning up over the Atlantic Ocean at an altitude of ~60 km.<\/p>\n<p>The likelihood of any meteorites being found is very low. <a href=\"https:\/\/t.co\/OZdo37QsFX\">https:\/\/t.co\/OZdo37QsFX<\/a><\/p>\n<p>\u2014 ESA Operations (@esaoperations) <a href=\"https:\/\/twitter.com\/esaoperations\/status\/1792142532605780071?ref_src=twsrc%5Etfw\" target=\"_blank\" rel=\"noopener\">May 19, 2024<\/a><\/p><\/blockquote>\n<\/div>\n<\/figure>\n<p>El CISC indic\u00f3 que el b\u00f3lido impact\u00f3 contra las capas m\u00e1s altas de la atm\u00f3sfera a una velocidad de 161.000 kil\u00f3metros por hora. De acuerdo con el an\u00e1lisis, el trozo de cometa <strong>se hizo visible en Badajoz y avanz\u00f3 en direcci\u00f3n noroeste hacia Portugal<\/strong> antes de desaparecer en el oc\u00e9ano Atl\u00e1ntico. Los investigadores a\u00f1aden que la roca mantuvo una trayectoria de apenas 10 grados sobre la horizontal, lo que aument\u00f3 su visibilidad.<\/p>\n<div id=\"ez-toc-container\" class=\"ez-toc-v2_0_81 counter-hierarchy ez-toc-counter ez-toc-grey ez-toc-container-direction\">\n<div class=\"ez-toc-title-container\">\n<p class=\"ez-toc-title\" style=\"cursor:inherit\">Tabla de Contenido<\/p>\n<span class=\"ez-toc-title-toggle\"><a href=\"#\" class=\"ez-toc-pull-right ez-toc-btn ez-toc-btn-xs ez-toc-btn-default ez-toc-toggle\" aria-label=\"Alternar tabla de contenidos\"><span class=\"ez-toc-js-icon-con\"><span class=\"\"><span class=\"eztoc-hide\" style=\"display:none;\">Toggle<\/span><span class=\"ez-toc-icon-toggle-span\"><svg style=\"fill: #999;color:#999\" xmlns=\"http:\/\/www.w3.org\/2000\/svg\" class=\"list-377408\" width=\"20px\" height=\"20px\" viewBox=\"0 0 24 24\" fill=\"none\"><path d=\"M6 6H4v2h2V6zm14 0H8v2h12V6zM4 11h2v2H4v-2zm16 0H8v2h12v-2zM4 16h2v2H4v-2zm16 0H8v2h12v-2z\" fill=\"currentColor\"><\/path><\/svg><svg style=\"fill: #999;color:#999\" class=\"arrow-unsorted-368013\" xmlns=\"http:\/\/www.w3.org\/2000\/svg\" width=\"10px\" height=\"10px\" viewBox=\"0 0 24 24\" version=\"1.2\" baseProfile=\"tiny\"><path d=\"M18.2 9.3l-6.2-6.3-6.2 6.3c-.2.2-.3.4-.3.7s.1.5.3.7c.2.2.4.3.7.3h11c.3 0 .5-.1.7-.3.2-.2.3-.5.3-.7s-.1-.5-.3-.7zM5.8 14.7l6.2 6.3 6.2-6.3c.2-.2.3-.5.3-.7s-.1-.5-.3-.7c-.2-.2-.4-.3-.7-.3h-11c-.3 0-.5.1-.7.3-.2.2-.3.5-.3.7s.1.5.3.7z\"\/><\/svg><\/span><\/span><\/span><\/a><\/span><\/div>\n<nav><ul class='ez-toc-list ez-toc-list-level-1 ' ><li class='ez-toc-page-1 ez-toc-heading-level-2'><a class=\"ez-toc-link ez-toc-heading-1\" href=\"https:\/\/enfoquenoticioso.com\/?p=3098\/#La_ESA_descarta_que_se_trate_de_un_meteorito\" >La ESA descarta que se trate de un meteorito<\/a><ul class='ez-toc-list-level-4' ><li class='ez-toc-heading-level-4'><ul class='ez-toc-list-level-4' ><li class='ez-toc-heading-level-4'><a class=\"ez-toc-link ez-toc-heading-2\" href=\"https:\/\/enfoquenoticioso.com\/?p=3098\/#Tambien_en_Hipertextual\" >Tambi\u00e9n en Hipertextual:<\/a><\/li><\/ul><\/li><\/ul><\/li><\/ul><\/nav><\/div>\n<h2 class=\"wp-block-heading\" id=\"h-la-esa-descarta-que-se-trate-de-un-meteorito\"><span class=\"ez-toc-section\" id=\"La_ESA_descarta_que_se_trate_de_un_meteorito\"><\/span>La ESA descarta que se trate de un meteorito<span class=\"ez-toc-section-end\"><\/span><\/h2>\n<figure class=\"wp-block-image size-large\"><img loading=\"lazy\" decoding=\"async\" width=\"780\" height=\"439\" alt=\"Meteorito captado por las c\u00e1maras de la ESA\" class=\"wp-image-1793824 perfmatters-lazy\" data-recalc-dims=\"1\" src=\"https:\/\/i0.wp.com\/imgs.hipertextual.com\/wp-content\/uploads\/2024\/05\/meteorito-esa-spain-2-1500x844.jpg?resize=780%2C439&amp;quality=55&amp;strip=all&amp;ssl=1\" srcset=\"https:\/\/i0.wp.com\/imgs.hipertextual.com\/wp-content\/uploads\/2024\/05\/meteorito-esa-spain-2.jpg?resize=1500%2C844&amp;quality=55&amp;strip=all&amp;ssl=1 1500w, https:\/\/i0.wp.com\/imgs.hipertextual.com\/wp-content\/uploads\/2024\/05\/meteorito-esa-spain-2.jpg?resize=800%2C450&amp;quality=55&amp;strip=all&amp;ssl=1 800w, https:\/\/i0.wp.com\/imgs.hipertextual.com\/wp-content\/uploads\/2024\/05\/meteorito-esa-spain-2.jpg?resize=768%2C432&amp;quality=55&amp;strip=all&amp;ssl=1 768w, https:\/\/i0.wp.com\/imgs.hipertextual.com\/wp-content\/uploads\/2024\/05\/meteorito-esa-spain-2.jpg?resize=1536%2C864&amp;quality=55&amp;strip=all&amp;ssl=1 1536w, https:\/\/i0.wp.com\/imgs.hipertextual.com\/wp-content\/uploads\/2024\/05\/meteorito-esa-spain-2.jpg?resize=1200%2C675&amp;quality=55&amp;strip=all&amp;ssl=1 1200w, https:\/\/i0.wp.com\/imgs.hipertextual.com\/wp-content\/uploads\/2024\/05\/meteorito-esa-spain-2.jpg?resize=1024%2C576&amp;quality=55&amp;strip=all&amp;ssl=1 1024w, https:\/\/i0.wp.com\/imgs.hipertextual.com\/wp-content\/uploads\/2024\/05\/meteorito-esa-spain-2.jpg?resize=1568%2C882&amp;quality=55&amp;strip=all&amp;ssl=1 1568w, https:\/\/i0.wp.com\/imgs.hipertextual.com\/wp-content\/uploads\/2024\/05\/meteorito-esa-spain-2.jpg?resize=400%2C225&amp;quality=55&amp;strip=all&amp;ssl=1 400w, https:\/\/i0.wp.com\/imgs.hipertextual.com\/wp-content\/uploads\/2024\/05\/meteorito-esa-spain-2.jpg?w=1603&amp;quality=55&amp;strip=all&amp;ssl=1 1603w, https:\/\/i0.wp.com\/imgs.hipertextual.com\/wp-content\/uploads\/2024\/05\/meteorito-esa-spain-2-1500x844.jpg?w=370&amp;quality=55&amp;strip=all&amp;ssl=1 370w\" data-sizes=\"(max-width: 780px) 100vw, 780px\"\/><img loading=\"lazy\" decoding=\"async\" width=\"780\" height=\"439\" src=\"https:\/\/i0.wp.com\/imgs.hipertextual.com\/wp-content\/uploads\/2024\/05\/meteorito-esa-spain-2-1500x844.jpg?resize=780%2C439&amp;quality=55&amp;strip=all&amp;ssl=1\" alt=\"Meteorito captado por las c\u00e1maras de la ESA\" class=\"wp-image-1793824\" srcset=\"https:\/\/i0.wp.com\/imgs.hipertextual.com\/wp-content\/uploads\/2024\/05\/meteorito-esa-spain-2.jpg?resize=1500%2C844&amp;quality=55&amp;strip=all&amp;ssl=1 1500w, https:\/\/i0.wp.com\/imgs.hipertextual.com\/wp-content\/uploads\/2024\/05\/meteorito-esa-spain-2.jpg?resize=800%2C450&amp;quality=55&amp;strip=all&amp;ssl=1 800w, https:\/\/i0.wp.com\/imgs.hipertextual.com\/wp-content\/uploads\/2024\/05\/meteorito-esa-spain-2.jpg?resize=768%2C432&amp;quality=55&amp;strip=all&amp;ssl=1 768w, https:\/\/i0.wp.com\/imgs.hipertextual.com\/wp-content\/uploads\/2024\/05\/meteorito-esa-spain-2.jpg?resize=1536%2C864&amp;quality=55&amp;strip=all&amp;ssl=1 1536w, https:\/\/i0.wp.com\/imgs.hipertextual.com\/wp-content\/uploads\/2024\/05\/meteorito-esa-spain-2.jpg?resize=1200%2C675&amp;quality=55&amp;strip=all&amp;ssl=1 1200w, https:\/\/i0.wp.com\/imgs.hipertextual.com\/wp-content\/uploads\/2024\/05\/meteorito-esa-spain-2.jpg?resize=1024%2C576&amp;quality=55&amp;strip=all&amp;ssl=1 1024w, https:\/\/i0.wp.com\/imgs.hipertextual.com\/wp-content\/uploads\/2024\/05\/meteorito-esa-spain-2.jpg?resize=1568%2C882&amp;quality=55&amp;strip=all&amp;ssl=1 1568w, https:\/\/i0.wp.com\/imgs.hipertextual.com\/wp-content\/uploads\/2024\/05\/meteorito-esa-spain-2.jpg?resize=400%2C225&amp;quality=55&amp;strip=all&amp;ssl=1 400w, https:\/\/i0.wp.com\/imgs.hipertextual.com\/wp-content\/uploads\/2024\/05\/meteorito-esa-spain-2.jpg?w=1603&amp;quality=55&amp;strip=all&amp;ssl=1 1603w, https:\/\/i0.wp.com\/imgs.hipertextual.com\/wp-content\/uploads\/2024\/05\/meteorito-esa-spain-2-1500x844.jpg?w=370&amp;quality=55&amp;strip=all&amp;ssl=1 370w\" sizes=\"auto, (max-width: 780px) 100vw, 780px\" data-recalc-dims=\"1\"\/><\/figure>\n<p>Tras la publicaci\u00f3n de cientos de videos en redes sociales, muchos aseguraban que el objeto que sobrevol\u00f3 los cielos se trataba de un meteorito. Ante ello, la ESA <a href=\"https:\/\/x.com\/esaoperations\/status\/1792142532605780071\">declar\u00f3<\/a> que <strong>la probabilidad de que se encuentren meteoritos es muy baja<\/strong>.<\/p>\n<p>La <strong>Oficina de Defensa Planetaria<\/strong> es una parte crucial de la ESA y <a href=\"https:\/\/www.esa.int\/Space_in_Member_States\/Spain\/Asteroides_actividades_de_seguridad_y_proteccion_de_la_ESA\" target=\"_blank\" rel=\"noopener\">tiene como objetivo proteger a la Tierra de amenazas espaciales<\/a>, principalmente asteroides y cometas. Sus actividades se enfocan en tres \u00e1reas principales: observaci\u00f3n, provisi\u00f3n de datos y mitigaci\u00f3n.<\/p>\n<p>La primera se centra en conocer la posici\u00f3n actual y futura de los objetos cercanos a la Tierra con respecto a nuestro planeta. Para ello se apoyan en <strong>una red de telescopios y sistemas de radar en todo el mundo<\/strong>, los cuales brindan datos esenciales para <strong>evaluar y monitorizar una posible amenaza<\/strong>. En caso de que se determine que un asteroide podr\u00eda ser peligroso, la ESA se coordinar\u00e1 con la NASA y otras agencias espaciales para mitigar el riesgo.<\/p>\n<figure class=\"wp-block-embed is-type-rich is-provider-twitter wp-block-embed-twitter\"\/>\n<p>Aunque las posibilidades de <a href=\"https:\/\/hipertextual.com\/2016\/11\/chicxulub-crater-meteorito-dinosaurios\" target=\"_blank\" rel=\"noopener\">ser impactados por un nuevo Chicxulub<\/a> son bajas, la ESA se mantiene en alerta. \u00abEs muy poco probable que uno de estos enormes asteroides impacte en nuestro planeta, pero las rocas de peque\u00f1o y medio tama\u00f1o son bastante comunes en el sistema solar, y tambi\u00e9n pueden causar graves da\u00f1os,\u00bb mencion\u00f3.<\/p>\n<section id=\"block-25\" class=\"below-content widget widget_block\">\n<div class=\"wp-block-group is-style-default hiper-newsletter-box has-background\" style=\"background:linear-gradient(180deg,rgb(0,23,188) 28%,rgb(0,15,131) 100%);padding-top:15px;padding-right:15px;padding-bottom:15px;padding-left:15px\">\n<div class=\"wp-block-group__inner-container is-layout-constrained wp-block-group-is-layout-constrained\">\n<p class=\"has-white-color has-text-color\">Recibe cada ma\u00f1ana nuestra <a rel=\"noreferrer noopener\" href=\"https:\/\/hipertextual.com\/newsletter\" target=\"_blank\">newsletter<\/a>. Una gu\u00eda para entender lo que importa en relaci\u00f3n con la tecnolog\u00eda, la ciencia y la cultura digital.<\/p>\n<div class=\"wp-block-jetpack-mailchimp\" data-blog-id=\"190110665\">\n<p>\nProcesando&#8230; <\/p>\n<p>\n\u00a1Listo! Ya est\u00e1s suscrito <\/p>\n<p>\nHubo un error, actualiza la p\u00e1gina e int\u00e9ntalo nuevamente <\/p>\n<\/div>\n<\/div>\n<\/div>\n<\/section>\n<section id=\"block-74\" class=\"below-content widget widget_block\">\n<\/section>\n<section id=\"block-71\" class=\"below-content widget widget_block\">\n<h4 class=\"wp-block-heading tambien-en-hipertextual\" id=\"h-tambien-en-hipertextual\" style=\"padding-top:0.8em;padding-right:0px;padding-bottom:0px;padding-left:0px\"><span class=\"ez-toc-section\" id=\"Tambien_en_Hipertextual\"><\/span>Tambi\u00e9n en Hipertextual:<span class=\"ez-toc-section-end\"><\/span><\/h4>\n<\/section>\n<section id=\"block-32\" class=\"below-content widget widget_block\">\n<nav class=\"jp-relatedposts-i2 jp-related-hipertextual wp-block-jetpack-related-posts has-normal-font-size\" style=\"padding-bottom:0px;padding-left:0px;padding-top:0px;padding-right:1.5em;\" data-layout=\"list\" aria-label=\"Entradas relacionadas\"\/><\/section>\n<\/p><\/div>\n<p><script async src=\"\/\/platform.twitter.com\/widgets.js\" charset=\"utf-8\"><\/script><br \/>\n<br \/><a href=\"https:\/\/hipertextual.com\/2024\/05\/meteorito-peninsula-iberica-sabado-agencia-espacial-europea\" class=\" target=\" title=\"La ESA revela el origen del misterioso objeto\" target=\"_blank\" rel=\"noopener\">Ver fuente<\/a><\/p>\n","protected":false},"excerpt":{"rendered":"<p>La Agencia Espacial Europea (ESA) confirm\u00f3 que el b\u00f3lido que sobrevol\u00f3 la pen\u00ednsula ib\u00e9rica el s\u00e1bado por la noche no es un meteorito. La Oficina de Defensa Planetaria de la ESA llev\u00f3 a cabo un an\u00e1lisis exhaustivo del tama\u00f1o y la trayectoria del objeto luminoso para evaluar si alg\u00fan material pudo caer a la superficie. [&hellip;]<\/p>\n","protected":false},"author":2,"featured_media":3099,"comment_status":"open","ping_status":"closed","sticky":false,"template":"","format":"standard","meta":{"footnotes":""},"categories":[9],"tags":[],"class_list":["post-3098","post","type-post","status-publish","format-standard","has-post-thumbnail","hentry","category-tecnologia"],"_links":{"self":[{"href":"https:\/\/enfoquenoticioso.com\/index.php?rest_route=\/wp\/v2\/posts\/3098","targetHints":{"allow":["GET"]}}],"collection":[{"href":"https:\/\/enfoquenoticioso.com\/index.php?rest_route=\/wp\/v2\/posts"}],"about":[{"href":"https:\/\/enfoquenoticioso.com\/index.php?rest_route=\/wp\/v2\/types\/post"}],"author":[{"embeddable":true,"href":"https:\/\/enfoquenoticioso.com\/index.php?rest_route=\/wp\/v2\/users\/2"}],"replies":[{"embeddable":true,"href":"https:\/\/enfoquenoticioso.com\/index.php?rest_route=%2Fwp%2Fv2%2Fcomments&post=3098"}],"version-history":[{"count":0,"href":"https:\/\/enfoquenoticioso.com\/index.php?rest_route=\/wp\/v2\/posts\/3098\/revisions"}],"wp:featuredmedia":[{"embeddable":true,"href":"https:\/\/enfoquenoticioso.com\/index.php?rest_route=\/wp\/v2\/media\/3099"}],"wp:attachment":[{"href":"https:\/\/enfoquenoticioso.com\/index.php?rest_route=%2Fwp%2Fv2%2Fmedia&parent=3098"}],"wp:term":[{"taxonomy":"category","embeddable":true,"href":"https:\/\/enfoquenoticioso.com\/index.php?rest_route=%2Fwp%2Fv2%2Fcategories&post=3098"},{"taxonomy":"post_tag","embeddable":true,"href":"https:\/\/enfoquenoticioso.com\/index.php?rest_route=%2Fwp%2Fv2%2Ftags&post=3098"}],"curies":[{"name":"wp","href":"https:\/\/api.w.org\/{rel}","templated":true}]}}