{"id":3110,"date":"2024-05-21T10:53:30","date_gmt":"2024-05-21T10:53:30","guid":{"rendered":"https:\/\/enfoquenoticioso.com\/tecnologia\/microsoft-anuncia-recall-el-nuevo-explorador-de-ia-de-windows-11\/"},"modified":"2024-05-21T10:53:30","modified_gmt":"2024-05-21T10:53:30","slug":"microsoft-anuncia-recall-el-nuevo-explorador-de-ia-de-windows-11","status":"publish","type":"post","link":"https:\/\/enfoquenoticioso.com\/?p=3110","title":{"rendered":"Microsoft anuncia Recall, el nuevo explorador de IA de Windows 11"},"content":{"rendered":"<div>\n<p>Despu\u00e9s de much\u00edsimos rumores, el AI Explorer de Windows 11 es oficial. Aunque no bajo ese nombre. <strong>Microsoft <\/strong>acaba de presentar <strong>Recall<\/strong>, una de las nuevas <a href=\"https:\/\/www.microsoft.com\/en-us\/windows\/copilot-plus-pcs#experiences\" target=\"_blank\" rel=\"noopener\">experiencias de inteligencia artificial<\/a> que llegar\u00e1 a su nueva categor\u00eda de ordenadores bautizados como <a href=\"https:\/\/hipertextual.com\/2024\/05\/microsoft-copilot-plus-pc-inteligencia-artificial\" target=\"_blank\" rel=\"noopener\">Copilot+ PC<\/a>.<\/p>\n<p>Microsoft ha desarrollado Recall para que funcione como una suerte de memoria que se ejecuta continuamente en segundo plano. Lo que hace la inteligencia artificial es recordar todo lo que haces en el ordenador, para que luego puedas encontrar cualquier acci\u00f3n o informaci\u00f3n en segundos.<\/p>\n<p>Las capacidades que Microsoft le ha otorgado a Recall en Windows 11 son bastante impresionantes. Este explorador impulsado por inteligencia artificial <strong>puede memorizar eventos o situaciones acontecidas semanas atr\u00e1s<\/strong>, para que puedas buscar de forma sencilla lo que te imagines. Es como un motor de b\u00fasqueda dedicado \u00edntegramente a las acciones realizadas en el ordenador.<\/p>\n<p>En las demos mostradas por los de Redmond, se pudo ver a Recall siendo capaz de encontrar una diapositiva en particular dentro de una presentaci\u00f3n de PowerPoint. Pero no se limita a eso, puesto que tambi\u00e9n puede \u00abregresar en el tiempo\u00bb para mostrarte conversaciones que tuviste en Discord o aplicaciones similares.<\/p>\n<div id=\"ez-toc-container\" class=\"ez-toc-v2_0_81 counter-hierarchy ez-toc-counter ez-toc-grey ez-toc-container-direction\">\n<div class=\"ez-toc-title-container\">\n<p class=\"ez-toc-title\" style=\"cursor:inherit\">Tabla de Contenido<\/p>\n<span class=\"ez-toc-title-toggle\"><a href=\"#\" class=\"ez-toc-pull-right ez-toc-btn ez-toc-btn-xs ez-toc-btn-default ez-toc-toggle\" aria-label=\"Alternar tabla de contenidos\"><span class=\"ez-toc-js-icon-con\"><span class=\"\"><span class=\"eztoc-hide\" style=\"display:none;\">Toggle<\/span><span class=\"ez-toc-icon-toggle-span\"><svg style=\"fill: #999;color:#999\" xmlns=\"http:\/\/www.w3.org\/2000\/svg\" class=\"list-377408\" width=\"20px\" height=\"20px\" viewBox=\"0 0 24 24\" fill=\"none\"><path d=\"M6 6H4v2h2V6zm14 0H8v2h12V6zM4 11h2v2H4v-2zm16 0H8v2h12v-2zM4 16h2v2H4v-2zm16 0H8v2h12v-2z\" fill=\"currentColor\"><\/path><\/svg><svg style=\"fill: #999;color:#999\" class=\"arrow-unsorted-368013\" xmlns=\"http:\/\/www.w3.org\/2000\/svg\" width=\"10px\" height=\"10px\" viewBox=\"0 0 24 24\" version=\"1.2\" baseProfile=\"tiny\"><path d=\"M18.2 9.3l-6.2-6.3-6.2 6.3c-.2.2-.3.4-.3.7s.1.5.3.7c.2.2.4.3.7.3h11c.3 0 .5-.1.7-.3.2-.2.3-.5.3-.7s-.1-.5-.3-.7zM5.8 14.7l6.2 6.3 6.2-6.3c.2-.2.3-.5.3-.7s-.1-.5-.3-.7c-.2-.2-.4-.3-.7-.3h-11c-.3 0-.5.1-.7.3-.2.2-.3.5-.3.7s.1.5.3.7z\"\/><\/svg><\/span><\/span><\/span><\/a><\/span><\/div>\n<nav><ul class='ez-toc-list ez-toc-list-level-1 ' ><li class='ez-toc-page-1 ez-toc-heading-level-2'><a class=\"ez-toc-link ez-toc-heading-1\" href=\"https:\/\/enfoquenoticioso.com\/?p=3110\/#Microsoft_Recall_aspira_a_cambiar_para_siempre_la_integracion_entre_Windows_y_la_IA\" >Microsoft Recall aspira a cambiar para siempre la integraci\u00f3n entre Windows y la IA<\/a><\/li><li class='ez-toc-page-1 ez-toc-heading-level-2'><a class=\"ez-toc-link ez-toc-heading-2\" href=\"https:\/\/enfoquenoticioso.com\/?p=3110\/#Asi_funciona_la_nueva_%C2%ABmemoria_fotografica%C2%BB_de_Windows_11\" >As\u00ed funciona la nueva \u00abmemoria fotogr\u00e1fica\u00bb de Windows 11<\/a><ul class='ez-toc-list-level-4' ><li class='ez-toc-heading-level-4'><ul class='ez-toc-list-level-4' ><li class='ez-toc-heading-level-4'><a class=\"ez-toc-link ez-toc-heading-3\" href=\"https:\/\/enfoquenoticioso.com\/?p=3110\/#Tambien_en_Hipertextual\" >Tambi\u00e9n en Hipertextual:<\/a><\/li><\/ul><\/li><\/ul><\/li><\/ul><\/nav><\/div>\n<h2 class=\"wp-block-heading\" id=\"h-microsoft-recall-aspira-a-cambiar-para-siempre-la-integracion-entre-windows-y-la-ia\"><span class=\"ez-toc-section\" id=\"Microsoft_Recall_aspira_a_cambiar_para_siempre_la_integracion_entre_Windows_y_la_IA\"><\/span>Microsoft Recall aspira a cambiar para siempre la integraci\u00f3n entre Windows y la IA<span class=\"ez-toc-section-end\"><\/span><\/h2>\n<figure class=\"wp-block-image alignwide size-large\"><img loading=\"lazy\" decoding=\"async\" width=\"780\" height=\"439\" alt=\"Microsoft Recall aspira a cambiar para siempre la integraci\u00f3n entre Windows y la IA\" class=\"wp-image-1793844 perfmatters-lazy\" data-recalc-dims=\"1\" src=\"https:\/\/i0.wp.com\/imgs.hipertextual.com\/wp-content\/uploads\/2024\/05\/Suface-Laptop-1500x844.jpg?resize=780%2C439&amp;quality=55&amp;strip=all&amp;ssl=1\" srcset=\"https:\/\/i0.wp.com\/imgs.hipertextual.com\/wp-content\/uploads\/2024\/05\/Suface-Laptop.jpg?resize=1500%2C844&amp;quality=55&amp;strip=all&amp;ssl=1 1500w, https:\/\/i0.wp.com\/imgs.hipertextual.com\/wp-content\/uploads\/2024\/05\/Suface-Laptop.jpg?resize=800%2C450&amp;quality=55&amp;strip=all&amp;ssl=1 800w, https:\/\/i0.wp.com\/imgs.hipertextual.com\/wp-content\/uploads\/2024\/05\/Suface-Laptop.jpg?resize=768%2C432&amp;quality=55&amp;strip=all&amp;ssl=1 768w, https:\/\/i0.wp.com\/imgs.hipertextual.com\/wp-content\/uploads\/2024\/05\/Suface-Laptop.jpg?resize=1536%2C864&amp;quality=55&amp;strip=all&amp;ssl=1 1536w, https:\/\/i0.wp.com\/imgs.hipertextual.com\/wp-content\/uploads\/2024\/05\/Suface-Laptop.jpg?resize=1200%2C675&amp;quality=55&amp;strip=all&amp;ssl=1 1200w, https:\/\/i0.wp.com\/imgs.hipertextual.com\/wp-content\/uploads\/2024\/05\/Suface-Laptop.jpg?resize=1024%2C576&amp;quality=55&amp;strip=all&amp;ssl=1 1024w, https:\/\/i0.wp.com\/imgs.hipertextual.com\/wp-content\/uploads\/2024\/05\/Suface-Laptop.jpg?resize=1568%2C882&amp;quality=55&amp;strip=all&amp;ssl=1 1568w, https:\/\/i0.wp.com\/imgs.hipertextual.com\/wp-content\/uploads\/2024\/05\/Suface-Laptop.jpg?resize=400%2C225&amp;quality=55&amp;strip=all&amp;ssl=1 400w, https:\/\/i0.wp.com\/imgs.hipertextual.com\/wp-content\/uploads\/2024\/05\/Suface-Laptop.jpg?w=2000&amp;quality=55&amp;strip=all&amp;ssl=1 2000w, https:\/\/i0.wp.com\/imgs.hipertextual.com\/wp-content\/uploads\/2024\/05\/Suface-Laptop-1500x844.jpg?w=370&amp;quality=55&amp;strip=all&amp;ssl=1 370w\" data-sizes=\"(max-width: 780px) 100vw, 780px\"\/><img loading=\"lazy\" decoding=\"async\" width=\"780\" height=\"439\" src=\"https:\/\/i0.wp.com\/imgs.hipertextual.com\/wp-content\/uploads\/2024\/05\/Suface-Laptop-1500x844.jpg?resize=780%2C439&amp;quality=55&amp;strip=all&amp;ssl=1\" alt=\"Microsoft Recall aspira a cambiar para siempre la integraci\u00f3n entre Windows y la IA\" class=\"wp-image-1793844\" srcset=\"https:\/\/i0.wp.com\/imgs.hipertextual.com\/wp-content\/uploads\/2024\/05\/Suface-Laptop.jpg?resize=1500%2C844&amp;quality=55&amp;strip=all&amp;ssl=1 1500w, https:\/\/i0.wp.com\/imgs.hipertextual.com\/wp-content\/uploads\/2024\/05\/Suface-Laptop.jpg?resize=800%2C450&amp;quality=55&amp;strip=all&amp;ssl=1 800w, https:\/\/i0.wp.com\/imgs.hipertextual.com\/wp-content\/uploads\/2024\/05\/Suface-Laptop.jpg?resize=768%2C432&amp;quality=55&amp;strip=all&amp;ssl=1 768w, https:\/\/i0.wp.com\/imgs.hipertextual.com\/wp-content\/uploads\/2024\/05\/Suface-Laptop.jpg?resize=1536%2C864&amp;quality=55&amp;strip=all&amp;ssl=1 1536w, https:\/\/i0.wp.com\/imgs.hipertextual.com\/wp-content\/uploads\/2024\/05\/Suface-Laptop.jpg?resize=1200%2C675&amp;quality=55&amp;strip=all&amp;ssl=1 1200w, https:\/\/i0.wp.com\/imgs.hipertextual.com\/wp-content\/uploads\/2024\/05\/Suface-Laptop.jpg?resize=1024%2C576&amp;quality=55&amp;strip=all&amp;ssl=1 1024w, https:\/\/i0.wp.com\/imgs.hipertextual.com\/wp-content\/uploads\/2024\/05\/Suface-Laptop.jpg?resize=1568%2C882&amp;quality=55&amp;strip=all&amp;ssl=1 1568w, https:\/\/i0.wp.com\/imgs.hipertextual.com\/wp-content\/uploads\/2024\/05\/Suface-Laptop.jpg?resize=400%2C225&amp;quality=55&amp;strip=all&amp;ssl=1 400w, https:\/\/i0.wp.com\/imgs.hipertextual.com\/wp-content\/uploads\/2024\/05\/Suface-Laptop.jpg?w=2000&amp;quality=55&amp;strip=all&amp;ssl=1 2000w, https:\/\/i0.wp.com\/imgs.hipertextual.com\/wp-content\/uploads\/2024\/05\/Suface-Laptop-1500x844.jpg?w=370&amp;quality=55&amp;strip=all&amp;ssl=1 370w\" sizes=\"auto, (max-width: 780px) 100vw, 780px\" data-recalc-dims=\"1\"\/><\/figure>\n<p>Microsoft Recall funciona gracias a la creaci\u00f3n de asociaciones entre colores, im\u00e1genes y m\u00e1s informaciones. De esta forma, los usuarios pueden usar lenguaje natural para pedirle al explorador que encuentre lo que sea que est\u00e9n tratando de recordar. Adem\u00e1s, cuenta con <strong>una interfaz gr\u00e1fica en forma de l\u00ednea de tiempo<\/strong> que simplifica la exploraci\u00f3n.<\/p>\n<p>Un elemento interesante de Recall es que incluso es capaz de encontrar datos o momentos en v\u00eddeos o videoconferencias, gracias a su capacidad de transcribir y traducir voz a texto. En las preguntas frecuentes de esta nueva herramienta, Microsoft indica que es posible pausar su funcionamiento, eliminar algunas de las \u00abcapturas\u00bb que la IA hace del sistema y filtrar ciertas apps para que no se incluyan en ellas.<\/p>\n<p>El funcionamiento de Recall lo impulsa el Windows Copilot Runtime, una nueva capa de Windows 11 que ejecuta m\u00e1s de 40 modelos de inteligencia artificial. Y si te preocupa la privacidad, Microsoft promete que esta caracter\u00edstica <strong>es impulsada de un modo 100 % local<\/strong>, y que ninguna de las informaciones a las que acceda Recall se utiliza para entrenar su IA.<\/p>\n<blockquote class=\"wp-block-quote is-layout-flow wp-block-quote-is-layout-flow\">\n<p>\u00abLas instant\u00e1neas de Recall se guardan en los propios Copilot+ PC, en el disco duro local, y est\u00e1n protegidas mediante cifrado de datos en su dispositivo y BitLocker. Las capturas de Recall solo est\u00e1n vinculadas a un perfil de usuario espec\u00edfico y Recall no las comparte con otros usuarios, ni las pone a disposici\u00f3n de Microsoft para que las vea o las utilice para orientar anuncios. Las capturas solo est\u00e1n disponibles para la persona cuyo perfil se utiliz\u00f3 para iniciar sesi\u00f3n en el dispositivo\u00bb.<\/p>\n<p><cite>Microsoft<\/cite><\/p><\/blockquote>\n<h2 class=\"wp-block-heading\" id=\"h-asi-funciona-la-nueva-memoria-fotografica-de-windows-11\"><span class=\"ez-toc-section\" id=\"Asi_funciona_la_nueva_%C2%ABmemoria_fotografica%C2%BB_de_Windows_11\"><\/span>As\u00ed funciona la nueva \u00abmemoria fotogr\u00e1fica\u00bb de Windows 11<span class=\"ez-toc-section-end\"><\/span><\/h2>\n<figure class=\"wp-block-image alignwide size-large\"><img loading=\"lazy\" decoding=\"async\" width=\"780\" height=\"438\" alt=\"Microsoft Recall | Windows 11\" class=\"wp-image-1793863 perfmatters-lazy\" data-recalc-dims=\"1\" src=\"https:\/\/i0.wp.com\/imgs.hipertextual.com\/wp-content\/uploads\/2024\/05\/Recall-2-1500x843.jpg?resize=780%2C438&amp;quality=55&amp;strip=all&amp;ssl=1\" srcset=\"https:\/\/i0.wp.com\/imgs.hipertextual.com\/wp-content\/uploads\/2024\/05\/Recall-2-scaled.jpg?resize=1500%2C843&amp;quality=55&amp;strip=all&amp;ssl=1 1500w, https:\/\/i0.wp.com\/imgs.hipertextual.com\/wp-content\/uploads\/2024\/05\/Recall-2-scaled.jpg?resize=800%2C450&amp;quality=55&amp;strip=all&amp;ssl=1 800w, https:\/\/i0.wp.com\/imgs.hipertextual.com\/wp-content\/uploads\/2024\/05\/Recall-2-scaled.jpg?resize=768%2C432&amp;quality=55&amp;strip=all&amp;ssl=1 768w, https:\/\/i0.wp.com\/imgs.hipertextual.com\/wp-content\/uploads\/2024\/05\/Recall-2-scaled.jpg?resize=1536%2C864&amp;quality=55&amp;strip=all&amp;ssl=1 1536w, https:\/\/i0.wp.com\/imgs.hipertextual.com\/wp-content\/uploads\/2024\/05\/Recall-2-scaled.jpg?resize=2048%2C1152&amp;quality=55&amp;strip=all&amp;ssl=1 2048w, https:\/\/i0.wp.com\/imgs.hipertextual.com\/wp-content\/uploads\/2024\/05\/Recall-2-scaled.jpg?resize=1200%2C675&amp;quality=55&amp;strip=all&amp;ssl=1 1200w, https:\/\/i0.wp.com\/imgs.hipertextual.com\/wp-content\/uploads\/2024\/05\/Recall-2-scaled.jpg?resize=1024%2C576&amp;quality=55&amp;strip=all&amp;ssl=1 1024w, https:\/\/i0.wp.com\/imgs.hipertextual.com\/wp-content\/uploads\/2024\/05\/Recall-2-scaled.jpg?resize=1568%2C882&amp;quality=55&amp;strip=all&amp;ssl=1 1568w, https:\/\/i0.wp.com\/imgs.hipertextual.com\/wp-content\/uploads\/2024\/05\/Recall-2-scaled.jpg?resize=2000%2C1125&amp;quality=55&amp;strip=all&amp;ssl=1 2000w, https:\/\/i0.wp.com\/imgs.hipertextual.com\/wp-content\/uploads\/2024\/05\/Recall-2-scaled.jpg?resize=400%2C225&amp;quality=55&amp;strip=all&amp;ssl=1 400w, https:\/\/i0.wp.com\/imgs.hipertextual.com\/wp-content\/uploads\/2024\/05\/Recall-2-scaled.jpg?w=2340&amp;quality=55&amp;strip=all&amp;ssl=1 2340w, https:\/\/i0.wp.com\/imgs.hipertextual.com\/wp-content\/uploads\/2024\/05\/Recall-2-1500x843.jpg?w=370&amp;quality=55&amp;strip=all&amp;ssl=1 370w\" data-sizes=\"(max-width: 780px) 100vw, 780px\"\/><img loading=\"lazy\" decoding=\"async\" width=\"780\" height=\"438\" src=\"https:\/\/i0.wp.com\/imgs.hipertextual.com\/wp-content\/uploads\/2024\/05\/Recall-2-1500x843.jpg?resize=780%2C438&amp;quality=55&amp;strip=all&amp;ssl=1\" alt=\"Microsoft Recall | Windows 11\" class=\"wp-image-1793863\" srcset=\"https:\/\/i0.wp.com\/imgs.hipertextual.com\/wp-content\/uploads\/2024\/05\/Recall-2-scaled.jpg?resize=1500%2C843&amp;quality=55&amp;strip=all&amp;ssl=1 1500w, https:\/\/i0.wp.com\/imgs.hipertextual.com\/wp-content\/uploads\/2024\/05\/Recall-2-scaled.jpg?resize=800%2C450&amp;quality=55&amp;strip=all&amp;ssl=1 800w, https:\/\/i0.wp.com\/imgs.hipertextual.com\/wp-content\/uploads\/2024\/05\/Recall-2-scaled.jpg?resize=768%2C432&amp;quality=55&amp;strip=all&amp;ssl=1 768w, https:\/\/i0.wp.com\/imgs.hipertextual.com\/wp-content\/uploads\/2024\/05\/Recall-2-scaled.jpg?resize=1536%2C864&amp;quality=55&amp;strip=all&amp;ssl=1 1536w, https:\/\/i0.wp.com\/imgs.hipertextual.com\/wp-content\/uploads\/2024\/05\/Recall-2-scaled.jpg?resize=2048%2C1152&amp;quality=55&amp;strip=all&amp;ssl=1 2048w, https:\/\/i0.wp.com\/imgs.hipertextual.com\/wp-content\/uploads\/2024\/05\/Recall-2-scaled.jpg?resize=1200%2C675&amp;quality=55&amp;strip=all&amp;ssl=1 1200w, https:\/\/i0.wp.com\/imgs.hipertextual.com\/wp-content\/uploads\/2024\/05\/Recall-2-scaled.jpg?resize=1024%2C576&amp;quality=55&amp;strip=all&amp;ssl=1 1024w, https:\/\/i0.wp.com\/imgs.hipertextual.com\/wp-content\/uploads\/2024\/05\/Recall-2-scaled.jpg?resize=1568%2C882&amp;quality=55&amp;strip=all&amp;ssl=1 1568w, https:\/\/i0.wp.com\/imgs.hipertextual.com\/wp-content\/uploads\/2024\/05\/Recall-2-scaled.jpg?resize=2000%2C1125&amp;quality=55&amp;strip=all&amp;ssl=1 2000w, https:\/\/i0.wp.com\/imgs.hipertextual.com\/wp-content\/uploads\/2024\/05\/Recall-2-scaled.jpg?resize=400%2C225&amp;quality=55&amp;strip=all&amp;ssl=1 400w, https:\/\/i0.wp.com\/imgs.hipertextual.com\/wp-content\/uploads\/2024\/05\/Recall-2-scaled.jpg?w=2340&amp;quality=55&amp;strip=all&amp;ssl=1 2340w, https:\/\/i0.wp.com\/imgs.hipertextual.com\/wp-content\/uploads\/2024\/05\/Recall-2-1500x843.jpg?w=370&amp;quality=55&amp;strip=all&amp;ssl=1 370w\" sizes=\"auto, (max-width: 780px) 100vw, 780px\" data-recalc-dims=\"1\"\/><\/figure>\n<p>Microsoft indica que Recall requiere de unos 50 GB libres en la unidad de almacenamiento. De todos modos, en un equipo con un SSD de 256 GB ocupa un espacio est\u00e1ndar de 25 GB, que alcanza para unos 3 meses de capturas. Vale mencionar que los usuarios pueden asignarle m\u00e1s si lo creen necesario. Las capturas m\u00e1s antiguas de esta funci\u00f3n se eliminan a medida que se ocupa el lugar disponible, para dar lugar a las m\u00e1s nuevas.<\/p>\n<p>Los interesados en probar Recall tienen que acceder a un nuevo ordenador de la categor\u00eda Copilot+ PC. Estos deben llegar equipados con un procesador de la serie Snapdragon X, de Qualcomm, puesto que requieren de una unidad de procesamiento neuronal (NPU) para, justamente, procesar la inteligencia artificial de forma local.<\/p>\n<p>Los primeros equipos que cumplen con los requisitos para que se les considere como Copilot+ PC ser\u00e1n <a href=\"https:\/\/hipertextual.com\/2024\/05\/surface-pro-surface-laptop-caracteristicas-precio\" target=\"_blank\" rel=\"noopener\">los nuevos <strong>Surface Laptop<\/strong> y <strong>Surface Pro<\/strong><\/a>. Estos estar\u00e1n disponibles en el mercado a partir de junio. No obstante, Microsoft no incluir\u00e1 Recall y otras experiencias de inteligencia artificial de forma inmediata en Windows 11. Seg\u00fan se mencion\u00f3 este lunes, estas funciones se a\u00f1adir\u00e1n al software m\u00e1s adelante en el a\u00f1o.<\/p>\n<aside class=\"scaip scaip-2    \">\n<aside id=\"newspack-ads-widget-53\" class=\"widget_newspack-ads-widget clearfix\"\/>\n<aside id=\"block-134\" class=\"widget_block clearfix\">\n<hr class=\"wp-block-separator has-alpha-channel-opacity is-style-wide\"\/>\n<\/aside>\n<aside id=\"block-132\" class=\"widget_block clearfix\">\n<div class=\"wp-block-group\">\n<div class=\"wp-block-group__inner-container is-layout-constrained wp-block-group-is-layout-constrained\">\n<figure class=\"wp-block-embed is-type-video is-provider-youtube wp-block-embed-youtube wp-embed-aspect-16-9 wp-has-aspect-ratio\">\n<div class=\"wp-block-embed__wrapper\">\n<div class=\"perfmatters-lazy-youtube\" data-src=\"https:\/\/www.youtube.com\/embed\/qvqlXptFgT0\" data-id=\"qvqlXptFgT0\" data-query=\"list=PLNX1MnYM-Gd8Q6lUr2yJJCmtNDiLngIbu\" onclick=\"perfmattersLazyLoadYouTube(this);\">\n<div><img loading=\"lazy\" decoding=\"async\" alt=\"YouTube video\" width=\"480\" height=\"360\" data-pin-nopin=\"true\" nopin=\"nopin\" class=\"perfmatters-lazy\" src=\"https:\/\/i.ytimg.com\/vi\/qvqlXptFgT0\/hqdefault.jpg\"\/><img loading=\"lazy\" decoding=\"async\" src=\"https:\/\/i.ytimg.com\/vi\/qvqlXptFgT0\/hqdefault.jpg\" alt=\"YouTube video\" width=\"480\" height=\"360\" data-pin-nopin=\"true\" nopin=\"nopin\"\/><\/div>\n<\/div>\n<p><noscript><iframe loading=\"lazy\" title=\"El iPAD PRO M4 es IMPRESIONANTE, con solo UN PROBLEMA | Review en espa\u00f1ol\" width=\"640\" height=\"360\" src=\"https:\/\/www.youtube.com\/embed\/qvqlXptFgT0?feature=oembed\" frameborder=\"0\" allow=\"accelerometer; autoplay; clipboard-write; encrypted-media; gyroscope; picture-in-picture; web-share\" referrerpolicy=\"strict-origin-when-cross-origin\" allowfullscreen><\/iframe><\/noscript>\n<\/div>\n<\/figure>\n<hr class=\"wp-block-separator has-alpha-channel-opacity is-style-wide\"\/>\n<\/div>\n<\/div>\n<\/aside>\n<\/aside>\n<section id=\"block-25\" class=\"below-content widget widget_block\">\n<div class=\"wp-block-group is-style-default hiper-newsletter-box has-background\" style=\"background:linear-gradient(180deg,rgb(0,23,188) 28%,rgb(0,15,131) 100%);padding-top:15px;padding-right:15px;padding-bottom:15px;padding-left:15px\">\n<div class=\"wp-block-group__inner-container is-layout-constrained wp-block-group-is-layout-constrained\">\n<p class=\"has-white-color has-text-color\">Recibe cada ma\u00f1ana nuestra <a rel=\"noreferrer noopener\" href=\"https:\/\/hipertextual.com\/newsletter\" target=\"_blank\">newsletter<\/a>. Una gu\u00eda para entender lo que importa en relaci\u00f3n con la tecnolog\u00eda, la ciencia y la cultura digital.<\/p>\n<div class=\"wp-block-jetpack-mailchimp\" data-blog-id=\"190110665\">\n<p>\nProcesando&#8230; <\/p>\n<p>\n\u00a1Listo! Ya est\u00e1s suscrito <\/p>\n<p>\nHubo un error, actualiza la p\u00e1gina e int\u00e9ntalo nuevamente <\/p>\n<\/div>\n<\/div>\n<\/div>\n<\/section>\n<section id=\"block-74\" class=\"below-content widget widget_block\">\n<\/section>\n<section id=\"block-71\" class=\"below-content widget widget_block\">\n<h4 class=\"wp-block-heading tambien-en-hipertextual\" id=\"h-tambien-en-hipertextual\" style=\"padding-top:0.8em;padding-right:0px;padding-bottom:0px;padding-left:0px\"><span class=\"ez-toc-section\" id=\"Tambien_en_Hipertextual\"><\/span>Tambi\u00e9n en Hipertextual:<span class=\"ez-toc-section-end\"><\/span><\/h4>\n<\/section>\n<section id=\"block-32\" class=\"below-content widget widget_block\">\n<nav class=\"jp-relatedposts-i2 jp-related-hipertextual wp-block-jetpack-related-posts has-normal-font-size\" style=\"padding-bottom:0px;padding-left:0px;padding-top:0px;padding-right:1.5em;\" data-layout=\"list\" aria-label=\"Entradas relacionadas\"\/><\/section>\n<\/p><\/div>\n<p><a href=\"https:\/\/hipertextual.com\/2024\/05\/microsoft-recall-explorador-ia-windows-11\" class=\" target=\" title=\"Microsoft anuncia Recall, el nuevo explorador de IA de Windows 11\" target=\"_blank\" rel=\"noopener\">Ver fuente<\/a><\/p>\n","protected":false},"excerpt":{"rendered":"<p>Despu\u00e9s de much\u00edsimos rumores, el AI Explorer de Windows 11 es oficial. Aunque no bajo ese nombre. Microsoft acaba de presentar Recall, una de las nuevas experiencias de inteligencia artificial que llegar\u00e1 a su nueva categor\u00eda de ordenadores bautizados como Copilot+ PC. Microsoft ha desarrollado Recall para que funcione como una suerte de memoria que [&hellip;]<\/p>\n","protected":false},"author":2,"featured_media":3111,"comment_status":"open","ping_status":"closed","sticky":false,"template":"","format":"standard","meta":{"footnotes":""},"categories":[9],"tags":[],"class_list":["post-3110","post","type-post","status-publish","format-standard","has-post-thumbnail","hentry","category-tecnologia"],"_links":{"self":[{"href":"https:\/\/enfoquenoticioso.com\/index.php?rest_route=\/wp\/v2\/posts\/3110","targetHints":{"allow":["GET"]}}],"collection":[{"href":"https:\/\/enfoquenoticioso.com\/index.php?rest_route=\/wp\/v2\/posts"}],"about":[{"href":"https:\/\/enfoquenoticioso.com\/index.php?rest_route=\/wp\/v2\/types\/post"}],"author":[{"embeddable":true,"href":"https:\/\/enfoquenoticioso.com\/index.php?rest_route=\/wp\/v2\/users\/2"}],"replies":[{"embeddable":true,"href":"https:\/\/enfoquenoticioso.com\/index.php?rest_route=%2Fwp%2Fv2%2Fcomments&post=3110"}],"version-history":[{"count":0,"href":"https:\/\/enfoquenoticioso.com\/index.php?rest_route=\/wp\/v2\/posts\/3110\/revisions"}],"wp:featuredmedia":[{"embeddable":true,"href":"https:\/\/enfoquenoticioso.com\/index.php?rest_route=\/wp\/v2\/media\/3111"}],"wp:attachment":[{"href":"https:\/\/enfoquenoticioso.com\/index.php?rest_route=%2Fwp%2Fv2%2Fmedia&parent=3110"}],"wp:term":[{"taxonomy":"category","embeddable":true,"href":"https:\/\/enfoquenoticioso.com\/index.php?rest_route=%2Fwp%2Fv2%2Fcategories&post=3110"},{"taxonomy":"post_tag","embeddable":true,"href":"https:\/\/enfoquenoticioso.com\/index.php?rest_route=%2Fwp%2Fv2%2Ftags&post=3110"}],"curies":[{"name":"wp","href":"https:\/\/api.w.org\/{rel}","templated":true}]}}