{"id":3112,"date":"2024-05-21T11:14:33","date_gmt":"2024-05-21T11:14:33","guid":{"rendered":"https:\/\/enfoquenoticioso.com\/entretenimiento\/lila-morillo-anuncia-su-regreso-a-la-tv-venezolana\/"},"modified":"2024-05-21T11:14:33","modified_gmt":"2024-05-21T11:14:33","slug":"lila-morillo-anuncia-su-regreso-a-la-tv-venezolana","status":"publish","type":"post","link":"https:\/\/enfoquenoticioso.com\/?p=3112","title":{"rendered":"Lila Morillo anuncia su regreso a la TV venezolana"},"content":{"rendered":"<div>\n<p>-Una de esas figuras art\u00edsticas que nunca ser\u00e1 olvidada en Venezuela y en gran parte de Latinoam\u00e9rica que en su juventud fue el s\u00edmbolo sensual del pa\u00eds y pas\u00f3 a ser una imagen p\u00fablica y pol\u00e9mica con los a\u00f1os, Lila Morillo, regresa a la televisi\u00f3n venezolana junto a sus hijas Liliana y Lilibeth en un programa denominado \u201cVenezuela Tiene Talento\u201d donde fungir\u00e1n de jurado.<span id=\"more-528952\"\/><\/p>\n<p>Las animadoras del Reality ser\u00e1n Wanda y Yalimar bajo la direcci\u00f3n de Daniel Ferrer Cubill\u00e1n de Hispano Medios, inform\u00f3 el colega Diego Kapeky qui\u00e9n dijo v\u00eda telef\u00f3nica que el show est\u00e1 previsto para el venidero mes de agosto fecha del cumplea\u00f1os de la Diva.<\/p>\n<p>No tiene informaci\u00f3n alguna Kapeky sobre producci\u00f3n de un nuevo disco de la artista, aunque cr\u00edticos de espect\u00e1culos de nuestro pa\u00eds han se\u00f1alado que es posible que Lila prepare una producci\u00f3n con mariachis antes de finalizar el a\u00f1o.<\/p>\n<p>La Diva de Venezuela, la mujer que no solo ha encantado con su voz afinada y vers\u00e1til, sino que ha brillado con su belleza y actuaci\u00f3n en la gran pantalla y en telenovelas, no pasa de moda y por generaciones ha sido emblema de un pa\u00eds donde el arte brota por los cuatro puntos cardinales.<\/p>\n<p>Lila comenz\u00f3 su carrera desde muy ni\u00f1a en Maracaibo de la mano del cantante de m\u00fasica folcl\u00f3rica, Mario Su\u00e1rez, y muy temprano recorri\u00f3 pa\u00edses como M\u00e9xico, Cuba, Argentina, Colombia y Estados Unidos.<\/p>\n<p>La m\u00e1s amada, la m\u00e1s imitada, la m\u00e1s envidiada, la m\u00e1s aplaudida, la m\u00e1s bendecida, la m\u00e1s recordada, la m\u00e1s memeada, la m\u00e1s so\u00f1ada, sigue siendo la misma artista que una vez llamaron \u201cla mujer rating\u201d que hoy con 83 a\u00f1os mantiene la voz m\u00e1s afinada de Venezuela con condiciones envidiables.<\/p>\n<p>Cantante, actriz, compositora y due\u00f1a de la f\u00f3rmula del \u00e9xito, la \u201cmaracucha de oro\u201d naci\u00f3y el 14 de agosto de 1940 (este a\u00f1o cumple 84) y ha marcado con su prodigiosa voz considerada una de las m\u00e1s afinadas de Latinoam\u00e9rica en la historia musical de Venezuela, seg\u00fan expertos musicales.<\/p>\n<p>No solo ha encantado con su voz afinada y vers\u00e1til, sino que tambi\u00e9n ha brillado en la gran pantalla en nuestras telenovelas favoritas. Con una carrera que abarca desde sus inicios en la m\u00fasica con \u00e9xitos como \u2018El Cocotero\u2019 y \u2018El Mo\u00f1ongo\u2019, hasta roles en telenovelas como \u2018Ang\u00e9lica\u2019, lo que otros consideraban rid\u00edculo y se negaban a ello.<\/p>\n<p>Astuta, supo capitalizar el miedo de sus colegas y all\u00ed su \u00e9xito hasta la fecha. Con cas\u00ed setenta a\u00f1os en la palestra confirman que las lagrimas generan dividendos, venden y dan buenos beneficios.<\/p>\n<p>Fue la primera figura sexy del pa\u00eds que con morbo y voluptuosidad atrap\u00f3 la far\u00e1ndula criolla y hasta hoy sigue siendo la m\u00e1s aplaudida, la m\u00e1s recordada, \u201cLa Reyna de Rockola\u201d con sus \u00e9xitos Tronco Seco,El Anillo, Perdone Usted, Cocotero, El Mo\u00f1ongo, la Jaula de Oro entre otros.<\/p>\n<p>La autenticidad de esta venezolana la han llevado a ser una de las figuras m\u00e1s controversiales, considerada un \u00edcono musical que hoy a pesar de su avanzada edad, luce conservada y sin ninguna limitaci\u00f3n, prueba de ello un video en Instagram que se hizo viral recientemente de un paseo en bicicleta por una urbanizaci\u00f3n en El Doral de Miami en EE.UU, donde habita y se le ve con indumentaria deportiva pedaleando sin descanso por las calles y avenidas.<\/p>\n<p>Su verdadera edad es un misterio, pero lo cierto del caso es que ha burlado el paso del mismo y se mantiene hermosa y en plenitud de sus facultades. Se ve incre\u00edblemente conservada y goza de gran popularidad en las redes sociales acumulando m\u00e1s de 100 mil seguidores en su cuenta de Instagram \u201cEl cocotero de Lila\u201d, donde comparte publicaciones de sus hijas Liliana y Lilibeth y de su nieta Galilea L\u00f3pez Morillo, seg\u00fan rese\u00f1a el portal web Terra.<\/p>\n<div id=\"ez-toc-container\" class=\"ez-toc-v2_0_81 counter-hierarchy ez-toc-counter ez-toc-grey ez-toc-container-direction\">\n<div class=\"ez-toc-title-container\">\n<p class=\"ez-toc-title\" style=\"cursor:inherit\">Tabla de Contenido<\/p>\n<span class=\"ez-toc-title-toggle\"><a href=\"#\" class=\"ez-toc-pull-right ez-toc-btn ez-toc-btn-xs ez-toc-btn-default ez-toc-toggle\" aria-label=\"Alternar tabla de contenidos\"><span class=\"ez-toc-js-icon-con\"><span class=\"\"><span class=\"eztoc-hide\" style=\"display:none;\">Toggle<\/span><span class=\"ez-toc-icon-toggle-span\"><svg style=\"fill: #999;color:#999\" xmlns=\"http:\/\/www.w3.org\/2000\/svg\" class=\"list-377408\" width=\"20px\" height=\"20px\" viewBox=\"0 0 24 24\" fill=\"none\"><path d=\"M6 6H4v2h2V6zm14 0H8v2h12V6zM4 11h2v2H4v-2zm16 0H8v2h12v-2zM4 16h2v2H4v-2zm16 0H8v2h12v-2z\" fill=\"currentColor\"><\/path><\/svg><svg style=\"fill: #999;color:#999\" class=\"arrow-unsorted-368013\" xmlns=\"http:\/\/www.w3.org\/2000\/svg\" width=\"10px\" height=\"10px\" viewBox=\"0 0 24 24\" version=\"1.2\" baseProfile=\"tiny\"><path d=\"M18.2 9.3l-6.2-6.3-6.2 6.3c-.2.2-.3.4-.3.7s.1.5.3.7c.2.2.4.3.7.3h11c.3 0 .5-.1.7-.3.2-.2.3-.5.3-.7s-.1-.5-.3-.7zM5.8 14.7l6.2 6.3 6.2-6.3c.2-.2.3-.5.3-.7s-.1-.5-.3-.7c-.2-.2-.4-.3-.7-.3h-11c-.3 0-.5.1-.7.3-.2.2-.3.5-.3.7s.1.5.3.7z\"\/><\/svg><\/span><\/span><\/span><\/a><\/span><\/div>\n<nav><ul class='ez-toc-list ez-toc-list-level-1 ' ><li class='ez-toc-page-1 ez-toc-heading-level-2'><a class=\"ez-toc-link ez-toc-heading-1\" href=\"https:\/\/enfoquenoticioso.com\/?p=3112\/#Se_conserva_muy_bien\" >Se conserva muy bien<\/a><\/li><li class='ez-toc-page-1 ez-toc-heading-level-2'><a class=\"ez-toc-link ez-toc-heading-2\" href=\"https:\/\/enfoquenoticioso.com\/?p=3112\/#La_voz_mas_afinada_de_Venezuela\" >La voz m\u00e1s afinada de Venezuela<\/a><\/li><li class='ez-toc-page-1 ez-toc-heading-level-2'><a class=\"ez-toc-link ez-toc-heading-3\" href=\"https:\/\/enfoquenoticioso.com\/?p=3112\/#No_pasa_de_moda\" >No pasa de moda<\/a><ul class='ez-toc-list-level-4' ><li class='ez-toc-heading-level-4'><ul class='ez-toc-list-level-4' ><li class='ez-toc-heading-level-4'><a class=\"ez-toc-link ez-toc-heading-4\" href=\"https:\/\/enfoquenoticioso.com\/?p=3112\/#Sigue_al_canal_de_noticias_en_Whatsaap\" >Sigue al canal de noticias en Whatsaap\u00a0<\/a><\/li><\/ul><\/li><\/ul><\/li><\/ul><\/nav><\/div>\n<h2 class=\"wp-block-heading\"><span class=\"ez-toc-section\" id=\"Se_conserva_muy_bien\"><\/span>Se conserva muy bien<span class=\"ez-toc-section-end\"><\/span><\/h2>\n<p>Buscando en el sector El Mialgro de esta ciudad el lugar donde vivi\u00f3 su infancia la pol\u00e9mica artista, Noticia al D\u00eda convers\u00f3 con algunos familiares (primos) que quisieron mantener en reserva su identidad y dijeron que su famiiar ha visitado Maracaibo en \u00e9poca decembrina pero tiene mucho tiempo que no lo hace.<\/p>\n<p>La casa donde se crio la afamada artista ya no existe. Ah\u00ed por muchos a\u00f1os permaneci\u00f3 un mensaje. \u201caqui naci\u00f3 Lila Morillo\u201d con su fecha de nacimiento, dijeron unos se\u00f1ores en edad avanzada del sector donde ahora existe un edificio. Se trataba de una casita humilde de apenas una habitaci\u00f3n, sala peque\u00f1a, con cocina y comedor que ya desaparci\u00f3 y en su terreno se levant\u00f3 una edificaci\u00f3n moderna.<\/p>\n<p>Una se\u00f1ora con rasgos de ind\u00edgena blanca, de unos 60 a\u00f1os que habita en esa zona de El Milagro cerca del Hotel del Lago, dijo ser familia de la ex esposa de Jos\u00e9 Luis Rodr\u00edguez y coment\u00f3 que la artista no se olvida de su gente y del sitio donde naci\u00f3.<\/p>\n<p>\u201cElla es autentica, fuerte, potente como su voz y eso de que a\u00fan maneja bicicleta a los 83 a\u00f1os es cierto, uno la toca y su musculatura es dura\u201d, dijo sonriente al reportero.<\/p>\n<p>Disfruta de cada una de las hip\u00f3tesis y conjeturas que se han tejido a lo largo de su exitosa y escandalosa vida, esa que ha sido rese\u00f1ada en medios nacionales e internacionales desde sus inicios art\u00edsticos de la mano de Mario Su\u00e1rez.<\/p>\n<h2 class=\"wp-block-heading\"><span class=\"ez-toc-section\" id=\"La_voz_mas_afinada_de_Venezuela\"><\/span>La voz m\u00e1s afinada de Venezuela<span class=\"ez-toc-section-end\"><\/span><\/h2>\n<p>Lila es considerada por grandes m\u00fasicos del pa\u00eds y el mundo como la voz m\u00e1s afinada, destac\u00e1ndose por interpretar todo tipo de ritmos, m\u00fasica folcl\u00f3rica venezolana, tangos, boleros, salsa, rancheras y gaita zuliana.<\/p>\n<p>Due\u00f1a de una prodigiosa voz que hizo que pr\u00e1cticamente se construyera una especial pol\u00e9mica y muy interesante y \u00fanica historia alrededor de su m\u00fasica y de su grupo familiar, tanto en Venezuela, como en el exterior.<\/p>\n<h2 class=\"wp-block-heading\"><span class=\"ez-toc-section\" id=\"No_pasa_de_moda\"><\/span>No pasa de moda<span class=\"ez-toc-section-end\"><\/span><\/h2>\n<p>No pasa de moda y por generaciones ha sido emblema de su pa\u00eds. Desde muy temprana edad recorri\u00f3 pa\u00edses como M\u00e9xico, Cuba, Argentina, Colombia y Estados Unidos. En la capital mexicana fue todo un suceso cantando m\u00e1s de tres meses en el teatro Blanquita de ese pa\u00eds.<\/p>\n<p>Fue la primera artista en colocarle brillo y lentejuelas al traje llanero y la m\u00e1s vendedora de discos en su momento hasta el presente.En su repertorio ha regalado versos dedicados a su vida, su legado y su ejemplo, lo que para muchos es una representaci\u00f3n digna, fiel y contundente de que no existen l\u00edmites, ni pobreza, ni obst\u00e1culos, que puedan con el talento, las ganas y la determinaci\u00f3n de lograr las metas en la vida.<\/p>\n<p>NAD<\/p>\n<h4><span class=\"ez-toc-section\" id=\"Sigue_al_canal_de_noticias_en_Whatsaap\"><\/span><strong><a href=\"https:\/\/whatsapp.com\/channel\/0029VaDXFnLId7nFFiDdVI26?fbclid=IwAR1LnVJqcByTELJH4Ht086FYRmdx18pRnV7CrkzmTJ5JaLHYY0igukfL9Yk\" target=\"_blank\" rel=\"noopener\">Sigue al canal de noticias en Whatsaap\u00a0<\/a><\/strong><span class=\"ez-toc-section-end\"><\/span><\/h4>\n<\/div>\n<p><a href=\"https:\/\/noticiasaldiayalahora.co\/entretenimiento\/lila-morillo-anuncia-su-regreso-a-la-tv-venezolana\/\" class=\" target=\" title=\"Lila Morillo anuncia su regreso a la TV venezolana\" target=\"_blank\" rel=\"noopener\">Ver fuente<\/a><\/p>\n","protected":false},"excerpt":{"rendered":"<p>-Una de esas figuras art\u00edsticas que nunca ser\u00e1 olvidada en Venezuela y en gran parte de Latinoam\u00e9rica que en su juventud fue el s\u00edmbolo sensual del pa\u00eds y pas\u00f3 a ser una imagen p\u00fablica y pol\u00e9mica con los a\u00f1os, Lila Morillo, regresa a la televisi\u00f3n venezolana junto a sus hijas Liliana y Lilibeth en un [&hellip;]<\/p>\n","protected":false},"author":2,"featured_media":3113,"comment_status":"open","ping_status":"closed","sticky":false,"template":"","format":"standard","meta":{"footnotes":""},"categories":[8],"tags":[],"class_list":["post-3112","post","type-post","status-publish","format-standard","has-post-thumbnail","hentry","category-entretenimiento"],"_links":{"self":[{"href":"https:\/\/enfoquenoticioso.com\/index.php?rest_route=\/wp\/v2\/posts\/3112","targetHints":{"allow":["GET"]}}],"collection":[{"href":"https:\/\/enfoquenoticioso.com\/index.php?rest_route=\/wp\/v2\/posts"}],"about":[{"href":"https:\/\/enfoquenoticioso.com\/index.php?rest_route=\/wp\/v2\/types\/post"}],"author":[{"embeddable":true,"href":"https:\/\/enfoquenoticioso.com\/index.php?rest_route=\/wp\/v2\/users\/2"}],"replies":[{"embeddable":true,"href":"https:\/\/enfoquenoticioso.com\/index.php?rest_route=%2Fwp%2Fv2%2Fcomments&post=3112"}],"version-history":[{"count":0,"href":"https:\/\/enfoquenoticioso.com\/index.php?rest_route=\/wp\/v2\/posts\/3112\/revisions"}],"wp:featuredmedia":[{"embeddable":true,"href":"https:\/\/enfoquenoticioso.com\/index.php?rest_route=\/wp\/v2\/media\/3113"}],"wp:attachment":[{"href":"https:\/\/enfoquenoticioso.com\/index.php?rest_route=%2Fwp%2Fv2%2Fmedia&parent=3112"}],"wp:term":[{"taxonomy":"category","embeddable":true,"href":"https:\/\/enfoquenoticioso.com\/index.php?rest_route=%2Fwp%2Fv2%2Fcategories&post=3112"},{"taxonomy":"post_tag","embeddable":true,"href":"https:\/\/enfoquenoticioso.com\/index.php?rest_route=%2Fwp%2Fv2%2Ftags&post=3112"}],"curies":[{"name":"wp","href":"https:\/\/api.w.org\/{rel}","templated":true}]}}