{"id":3122,"date":"2024-05-21T12:03:11","date_gmt":"2024-05-21T12:03:11","guid":{"rendered":"https:\/\/enfoquenoticioso.com\/tecnologia\/apple-soluciona-el-fallo-de-las-fotos-eliminadas-en-ios-17-5\/"},"modified":"2024-05-21T12:03:11","modified_gmt":"2024-05-21T12:03:11","slug":"apple-soluciona-el-fallo-de-las-fotos-eliminadas-en-ios-17-5","status":"publish","type":"post","link":"https:\/\/enfoquenoticioso.com\/?p=3122","title":{"rendered":"Apple soluciona el fallo de las fotos eliminadas en iOS 17.5"},"content":{"rendered":"<div>\n<p>D\u00edas atr\u00e1s <a href=\"https:\/\/hipertextual.com\/2024\/05\/cuidado-con-ios-17-5-las-fotos-eliminadas-pueden-reaparecer-en-tu-galeria\" target=\"_blank\" rel=\"noopener\">se gener\u00f3 bastante revuelo<\/a> despu\u00e9s de que la actualizaci\u00f3n a <strong>iOS y iPadOS 17.5<\/strong> hiciera <strong>reaparecer fotos eliminadas<\/strong> en la galer\u00eda de los iPhone y iPad. Un incidente no menor, puesto que algunos usuarios denunciaron que se estaban restaurando im\u00e1genes que databan de 2010. Apple ahora ha solucionado el inconveniente con el lanzamiento de <strong>iOS\/iPadOS 17.5.1<\/strong>.<\/p>\n<p>Los de Cupertino no han brindado una explicaci\u00f3n detallada sobre cu\u00e1l ha sido el motivo detr\u00e1s de la controversia generada por iOS y iPadOS 17.5. En las notas de la actualizaci\u00f3n a la versi\u00f3n 17.5.1 de los sistemas operativos solamente se indica que se trat\u00f3 de un problema <strong>\u00abpoco com\u00fan\u00bb<\/strong> provocado por un fallo en la base de datos de las fotograf\u00edas en cuesti\u00f3n.<\/p>\n<p>\u00abEsta actualizaci\u00f3n proporciona correcciones de errores importantes y soluciona un problema poco com\u00fan por el cual las fotos que experimentaron da\u00f1os en la base de datos podr\u00edan reaparecer en la biblioteca de Fotos incluso si se eliminaron\u00bb, indica Apple.<\/p>\n<p>De m\u00e1s est\u00e1 decir que si tienes un iPhone o iPad compatible, <strong>es recomendable que actualices ya mismo a la versi\u00f3n m\u00e1s reciente del software<\/strong>. Incluso si iOS o iPadOS 17.5 no hicieron reaparecer im\u00e1genes eliminadas en tus dispositivos, es preferible no correr riesgos e instalar este parche.<\/p>\n<p>Eso s\u00ed, Apple todav\u00eda les debe a los usuarios de sus dispositivos una explicaci\u00f3n m\u00e1s profunda y transparente sobre esta situaci\u00f3n. En teor\u00eda, las fotograf\u00edas que quedan en la carpeta \u00abEliminado\u00bb se borran de forma definitiva una vez transcurridos 30 d\u00edas. Pero lo sucedido con iOS\/iPadOS 17.5 ha dejado en evidencia un fallo bastante grave.<\/p>\n<p>El problema parece haber sido bastante aleatorio, puesto que algunas personas vieron reaparecer fotos de pocos meses de antig\u00fcedad, <strong>mientras que para otros fueron de 14 a\u00f1os atr\u00e1s<\/strong>. Esto es un problema muy grave para la privacidad, pues se ha denunciado que algunas de las fotos que reaparecieron eran de desnudos. Y hasta se indic\u00f3 que aparecieron im\u00e1genes en un iPad reseteado y vendido a otra persona.<\/p>\n<div id=\"ez-toc-container\" class=\"ez-toc-v2_0_81 counter-hierarchy ez-toc-counter ez-toc-grey ez-toc-container-direction\">\n<div class=\"ez-toc-title-container\">\n<p class=\"ez-toc-title\" style=\"cursor:inherit\">Tabla de Contenido<\/p>\n<span class=\"ez-toc-title-toggle\"><a href=\"#\" class=\"ez-toc-pull-right ez-toc-btn ez-toc-btn-xs ez-toc-btn-default ez-toc-toggle\" aria-label=\"Alternar tabla de contenidos\"><span class=\"ez-toc-js-icon-con\"><span class=\"\"><span class=\"eztoc-hide\" style=\"display:none;\">Toggle<\/span><span class=\"ez-toc-icon-toggle-span\"><svg style=\"fill: #999;color:#999\" xmlns=\"http:\/\/www.w3.org\/2000\/svg\" class=\"list-377408\" width=\"20px\" height=\"20px\" viewBox=\"0 0 24 24\" fill=\"none\"><path d=\"M6 6H4v2h2V6zm14 0H8v2h12V6zM4 11h2v2H4v-2zm16 0H8v2h12v-2zM4 16h2v2H4v-2zm16 0H8v2h12v-2z\" fill=\"currentColor\"><\/path><\/svg><svg style=\"fill: #999;color:#999\" class=\"arrow-unsorted-368013\" xmlns=\"http:\/\/www.w3.org\/2000\/svg\" width=\"10px\" height=\"10px\" viewBox=\"0 0 24 24\" version=\"1.2\" baseProfile=\"tiny\"><path d=\"M18.2 9.3l-6.2-6.3-6.2 6.3c-.2.2-.3.4-.3.7s.1.5.3.7c.2.2.4.3.7.3h11c.3 0 .5-.1.7-.3.2-.2.3-.5.3-.7s-.1-.5-.3-.7zM5.8 14.7l6.2 6.3 6.2-6.3c.2-.2.3-.5.3-.7s-.1-.5-.3-.7c-.2-.2-.4-.3-.7-.3h-11c-.3 0-.5.1-.7.3-.2.2-.3.5-.3.7s.1.5.3.7z\"\/><\/svg><\/span><\/span><\/span><\/a><\/span><\/div>\n<nav><ul class='ez-toc-list ez-toc-list-level-1 ' ><li class='ez-toc-page-1 ez-toc-heading-level-2'><a class=\"ez-toc-link ez-toc-heading-1\" href=\"https:\/\/enfoquenoticioso.com\/?p=3122\/#Apple_resuelve_la_polemica_por_la_reaparicion_de_fotos_eliminadas_en_iOSiPadOS_175\" >Apple resuelve la pol\u00e9mica por la reaparici\u00f3n de fotos eliminadas en iOS\/iPadOS 17.5<\/a><ul class='ez-toc-list-level-4' ><li class='ez-toc-heading-level-4'><ul class='ez-toc-list-level-4' ><li class='ez-toc-heading-level-4'><a class=\"ez-toc-link ez-toc-heading-2\" href=\"https:\/\/enfoquenoticioso.com\/?p=3122\/#Tambien_en_Hipertextual\" >Tambi\u00e9n en Hipertextual:<\/a><\/li><\/ul><\/li><\/ul><\/li><\/ul><\/nav><\/div>\n<h2 class=\"wp-block-heading\" id=\"h-apple-resuelve-la-polemica-por-la-reaparicion-de-fotos-eliminadas-en-ios-ipados-17-5\"><span class=\"ez-toc-section\" id=\"Apple_resuelve_la_polemica_por_la_reaparicion_de_fotos_eliminadas_en_iOSiPadOS_175\"><\/span>Apple resuelve la pol\u00e9mica por la reaparici\u00f3n de fotos eliminadas en iOS\/iPadOS 17.5<span class=\"ez-toc-section-end\"><\/span><\/h2>\n<figure class=\"wp-block-image alignwide size-large\"><img loading=\"lazy\" decoding=\"async\" width=\"780\" height=\"521\" alt=\"iPhone 15 Pro \/ Pro Max | Apple resuelve la pol\u00e9mica por la reaparici\u00f3n de fotos eliminadas en iOS\/iPadOS 17.5 | iOS 17.5.1\" class=\"wp-image-1757988 perfmatters-lazy\" data-recalc-dims=\"1\" src=\"https:\/\/i0.wp.com\/imgs.hipertextual.com\/wp-content\/uploads\/2023\/09\/DSC07061-1500x1002.jpg?resize=780%2C521&amp;quality=55&amp;strip=all&amp;ssl=1\" srcset=\"https:\/\/i0.wp.com\/imgs.hipertextual.com\/wp-content\/uploads\/2023\/09\/DSC07061-scaled.jpg?resize=1500%2C1002&amp;quality=55&amp;strip=all&amp;ssl=1 1500w, https:\/\/i0.wp.com\/imgs.hipertextual.com\/wp-content\/uploads\/2023\/09\/DSC07061-scaled.jpg?resize=800%2C534&amp;quality=55&amp;strip=all&amp;ssl=1 800w, https:\/\/i0.wp.com\/imgs.hipertextual.com\/wp-content\/uploads\/2023\/09\/DSC07061-scaled.jpg?resize=768%2C513&amp;quality=55&amp;strip=all&amp;ssl=1 768w, https:\/\/i0.wp.com\/imgs.hipertextual.com\/wp-content\/uploads\/2023\/09\/DSC07061-scaled.jpg?resize=1536%2C1026&amp;quality=55&amp;strip=all&amp;ssl=1 1536w, https:\/\/i0.wp.com\/imgs.hipertextual.com\/wp-content\/uploads\/2023\/09\/DSC07061-scaled.jpg?resize=2048%2C1368&amp;quality=55&amp;strip=all&amp;ssl=1 2048w, https:\/\/i0.wp.com\/imgs.hipertextual.com\/wp-content\/uploads\/2023\/09\/DSC07061-scaled.jpg?resize=1200%2C802&amp;quality=55&amp;strip=all&amp;ssl=1 1200w, https:\/\/i0.wp.com\/imgs.hipertextual.com\/wp-content\/uploads\/2023\/09\/DSC07061-scaled.jpg?resize=740%2C494&amp;quality=55&amp;strip=all&amp;ssl=1 740w, https:\/\/i0.wp.com\/imgs.hipertextual.com\/wp-content\/uploads\/2023\/09\/DSC07061-scaled.jpg?resize=1024%2C684&amp;quality=55&amp;strip=all&amp;ssl=1 1024w, https:\/\/i0.wp.com\/imgs.hipertextual.com\/wp-content\/uploads\/2023\/09\/DSC07061-scaled.jpg?resize=1568%2C1047&amp;quality=55&amp;strip=all&amp;ssl=1 1568w, https:\/\/i0.wp.com\/imgs.hipertextual.com\/wp-content\/uploads\/2023\/09\/DSC07061-scaled.jpg?resize=400%2C267&amp;quality=55&amp;strip=all&amp;ssl=1 400w, https:\/\/i0.wp.com\/imgs.hipertextual.com\/wp-content\/uploads\/2023\/09\/DSC07061-scaled.jpg?w=2340&amp;quality=55&amp;strip=all&amp;ssl=1 2340w, https:\/\/i0.wp.com\/imgs.hipertextual.com\/wp-content\/uploads\/2023\/09\/DSC07061-1500x1002.jpg?w=370&amp;quality=55&amp;strip=all&amp;ssl=1 370w\" data-sizes=\"(max-width: 780px) 100vw, 780px\"\/><img loading=\"lazy\" decoding=\"async\" width=\"780\" height=\"521\" src=\"https:\/\/i0.wp.com\/imgs.hipertextual.com\/wp-content\/uploads\/2023\/09\/DSC07061-1500x1002.jpg?resize=780%2C521&amp;quality=55&amp;strip=all&amp;ssl=1\" alt=\"iPhone 15 Pro \/ Pro Max | Apple resuelve la pol\u00e9mica por la reaparici\u00f3n de fotos eliminadas en iOS\/iPadOS 17.5 | iOS 17.5.1\" class=\"wp-image-1757988\" srcset=\"https:\/\/i0.wp.com\/imgs.hipertextual.com\/wp-content\/uploads\/2023\/09\/DSC07061-scaled.jpg?resize=1500%2C1002&amp;quality=55&amp;strip=all&amp;ssl=1 1500w, https:\/\/i0.wp.com\/imgs.hipertextual.com\/wp-content\/uploads\/2023\/09\/DSC07061-scaled.jpg?resize=800%2C534&amp;quality=55&amp;strip=all&amp;ssl=1 800w, https:\/\/i0.wp.com\/imgs.hipertextual.com\/wp-content\/uploads\/2023\/09\/DSC07061-scaled.jpg?resize=768%2C513&amp;quality=55&amp;strip=all&amp;ssl=1 768w, https:\/\/i0.wp.com\/imgs.hipertextual.com\/wp-content\/uploads\/2023\/09\/DSC07061-scaled.jpg?resize=1536%2C1026&amp;quality=55&amp;strip=all&amp;ssl=1 1536w, https:\/\/i0.wp.com\/imgs.hipertextual.com\/wp-content\/uploads\/2023\/09\/DSC07061-scaled.jpg?resize=2048%2C1368&amp;quality=55&amp;strip=all&amp;ssl=1 2048w, https:\/\/i0.wp.com\/imgs.hipertextual.com\/wp-content\/uploads\/2023\/09\/DSC07061-scaled.jpg?resize=1200%2C802&amp;quality=55&amp;strip=all&amp;ssl=1 1200w, https:\/\/i0.wp.com\/imgs.hipertextual.com\/wp-content\/uploads\/2023\/09\/DSC07061-scaled.jpg?resize=740%2C494&amp;quality=55&amp;strip=all&amp;ssl=1 740w, https:\/\/i0.wp.com\/imgs.hipertextual.com\/wp-content\/uploads\/2023\/09\/DSC07061-scaled.jpg?resize=1024%2C684&amp;quality=55&amp;strip=all&amp;ssl=1 1024w, https:\/\/i0.wp.com\/imgs.hipertextual.com\/wp-content\/uploads\/2023\/09\/DSC07061-scaled.jpg?resize=1568%2C1047&amp;quality=55&amp;strip=all&amp;ssl=1 1568w, https:\/\/i0.wp.com\/imgs.hipertextual.com\/wp-content\/uploads\/2023\/09\/DSC07061-scaled.jpg?resize=400%2C267&amp;quality=55&amp;strip=all&amp;ssl=1 400w, https:\/\/i0.wp.com\/imgs.hipertextual.com\/wp-content\/uploads\/2023\/09\/DSC07061-scaled.jpg?w=2340&amp;quality=55&amp;strip=all&amp;ssl=1 2340w, https:\/\/i0.wp.com\/imgs.hipertextual.com\/wp-content\/uploads\/2023\/09\/DSC07061-1500x1002.jpg?w=370&amp;quality=55&amp;strip=all&amp;ssl=1 370w\" sizes=\"auto, (max-width: 780px) 100vw, 780px\" data-recalc-dims=\"1\"\/><\/figure>\n<p>Si actualizaste tu iPhone y iPad a iOS\/iPadOS 17.5 la semana pasada, el parche de la versi\u00f3n 17.5.1 ya se encuentra disponible. Como siempre, instalar estos <em>updates<\/em> es muy sencillo. Lo \u00fanico que tienes que hacer es ingresar en <strong>Ajustes &gt; General &gt; Actualizaci\u00f3n de software<\/strong> y tocar sobre el bot\u00f3n <strong>Actualizar<\/strong>.<\/p>\n<p>Recuerda que siempre es importante realizar copias de seguridad de lo que tienes guardado en tu dispositivo antes de actualizar el sistema operativo. Si usas iCloud, puedes crear un <em>backup<\/em> de tus archivos desde <strong>Ajustes &gt; iCloud &gt; Copia de seguridad<\/strong>.<\/p>\n<p>Por lo pronto, seguimos a la espera de alguna menci\u00f3n oficial de Apple al incidente de iOS\/iPadOS 17.5. La compa\u00f1\u00eda no ha realizado comentarios p\u00fablicos sobre el problema, lo cual ha generado malestar entre el p\u00fablico. M\u00e1xime cuando los de Cupertino siempre han hecho <strong>especial \u00e9nfasis en proteger la privacidad de los usuarios<\/strong>. Seguiremos atentos a las novedades.<\/p>\n<section id=\"block-25\" class=\"below-content widget widget_block\">\n<div class=\"wp-block-group is-style-default hiper-newsletter-box has-background\" style=\"background:linear-gradient(180deg,rgb(0,23,188) 28%,rgb(0,15,131) 100%);padding-top:15px;padding-right:15px;padding-bottom:15px;padding-left:15px\">\n<div class=\"wp-block-group__inner-container is-layout-constrained wp-block-group-is-layout-constrained\">\n<p class=\"has-white-color has-text-color\">Recibe cada ma\u00f1ana nuestra <a rel=\"noreferrer noopener\" href=\"https:\/\/hipertextual.com\/newsletter\" target=\"_blank\">newsletter<\/a>. Una gu\u00eda para entender lo que importa en relaci\u00f3n con la tecnolog\u00eda, la ciencia y la cultura digital.<\/p>\n<div class=\"wp-block-jetpack-mailchimp\" data-blog-id=\"190110665\">\n<p>\nProcesando&#8230; <\/p>\n<p>\n\u00a1Listo! Ya est\u00e1s suscrito <\/p>\n<p>\nHubo un error, actualiza la p\u00e1gina e int\u00e9ntalo nuevamente <\/p>\n<\/div>\n<\/div>\n<\/div>\n<\/section>\n<section id=\"block-74\" class=\"below-content widget widget_block\">\n<\/section>\n<section id=\"block-71\" class=\"below-content widget widget_block\">\n<h4 class=\"wp-block-heading tambien-en-hipertextual\" id=\"h-tambien-en-hipertextual\" style=\"padding-top:0.8em;padding-right:0px;padding-bottom:0px;padding-left:0px\"><span class=\"ez-toc-section\" id=\"Tambien_en_Hipertextual\"><\/span>Tambi\u00e9n en Hipertextual:<span class=\"ez-toc-section-end\"><\/span><\/h4>\n<\/section>\n<section id=\"block-32\" class=\"below-content widget widget_block\">\n<nav class=\"jp-relatedposts-i2 jp-related-hipertextual wp-block-jetpack-related-posts has-normal-font-size\" style=\"padding-bottom:0px;padding-left:0px;padding-top:0px;padding-right:1.5em;\" data-layout=\"list\" aria-label=\"Entradas relacionadas\"\/><\/section>\n<\/p><\/div>\n<p><a href=\"https:\/\/hipertextual.com\/2024\/05\/apple-soluciona-fallo-fotos-eliminadas-ios-17-5\" class=\" target=\" title=\"Apple soluciona el fallo de las fotos eliminadas en iOS 17.5\" target=\"_blank\" rel=\"noopener\">Ver fuente<\/a><\/p>\n","protected":false},"excerpt":{"rendered":"<p>D\u00edas atr\u00e1s se gener\u00f3 bastante revuelo despu\u00e9s de que la actualizaci\u00f3n a iOS y iPadOS 17.5 hiciera reaparecer fotos eliminadas en la galer\u00eda de los iPhone y iPad. Un incidente no menor, puesto que algunos usuarios denunciaron que se estaban restaurando im\u00e1genes que databan de 2010. Apple ahora ha solucionado el inconveniente con el lanzamiento [&hellip;]<\/p>\n","protected":false},"author":2,"featured_media":3123,"comment_status":"open","ping_status":"closed","sticky":false,"template":"","format":"standard","meta":{"footnotes":""},"categories":[9],"tags":[],"class_list":["post-3122","post","type-post","status-publish","format-standard","has-post-thumbnail","hentry","category-tecnologia"],"_links":{"self":[{"href":"https:\/\/enfoquenoticioso.com\/index.php?rest_route=\/wp\/v2\/posts\/3122","targetHints":{"allow":["GET"]}}],"collection":[{"href":"https:\/\/enfoquenoticioso.com\/index.php?rest_route=\/wp\/v2\/posts"}],"about":[{"href":"https:\/\/enfoquenoticioso.com\/index.php?rest_route=\/wp\/v2\/types\/post"}],"author":[{"embeddable":true,"href":"https:\/\/enfoquenoticioso.com\/index.php?rest_route=\/wp\/v2\/users\/2"}],"replies":[{"embeddable":true,"href":"https:\/\/enfoquenoticioso.com\/index.php?rest_route=%2Fwp%2Fv2%2Fcomments&post=3122"}],"version-history":[{"count":0,"href":"https:\/\/enfoquenoticioso.com\/index.php?rest_route=\/wp\/v2\/posts\/3122\/revisions"}],"wp:featuredmedia":[{"embeddable":true,"href":"https:\/\/enfoquenoticioso.com\/index.php?rest_route=\/wp\/v2\/media\/3123"}],"wp:attachment":[{"href":"https:\/\/enfoquenoticioso.com\/index.php?rest_route=%2Fwp%2Fv2%2Fmedia&parent=3122"}],"wp:term":[{"taxonomy":"category","embeddable":true,"href":"https:\/\/enfoquenoticioso.com\/index.php?rest_route=%2Fwp%2Fv2%2Fcategories&post=3122"},{"taxonomy":"post_tag","embeddable":true,"href":"https:\/\/enfoquenoticioso.com\/index.php?rest_route=%2Fwp%2Fv2%2Ftags&post=3122"}],"curies":[{"name":"wp","href":"https:\/\/api.w.org\/{rel}","templated":true}]}}