{"id":3154,"date":"2024-05-21T15:26:38","date_gmt":"2024-05-21T15:26:38","guid":{"rendered":"https:\/\/enfoquenoticioso.com\/deporte\/toni-kroos-anuncia-su-despedida-del-futbol\/"},"modified":"2024-05-21T15:26:38","modified_gmt":"2024-05-21T15:26:38","slug":"toni-kroos-anuncia-su-despedida-del-futbol","status":"publish","type":"post","link":"https:\/\/enfoquenoticioso.com\/?p=3154","title":{"rendered":"Toni Kroos anuncia su despedida del f\u00fatbol"},"content":{"rendered":"<div data-td-block-uid=\"tdi_91\">\n<div class=\"tdb-block-inner td-fix-index\">\n<p><a href=\"https:\/\/www.instagram.com\/toni.kr8s\/\" target=\"_blank\" rel=\"noopener\">Toni Kroos<\/a> anunci\u00f3 este martes su retiro como jugador profesional al finalizar esta temporada y una vez finalice su participaci\u00f3n en la Euro Copa con su selecci\u00f3n, Alemania. As\u00ed lo dio a conocer el alem\u00e1n.<\/p>\n<p>En su comunicado que Kroos subi\u00f3 a sus redes indic\u00f3: \u201cEsta decisi\u00f3n significa que mi carrera como futbolista en activo terminar\u00e1 este verano despu\u00e9s de la Eurocopa. Como siempre he dicho, el Real Madrid es y ser\u00e1 mi \u00faltimo club (\u2026) Hoy estoy feliz y orgulloso de haber encontrado en mi cabeza y en mi coraz\u00f3n el momento adecuado para esta decisi\u00f3n\u201d.<\/p>\n<figure class=\"wp-block-embed is-type-rich is-provider-instagram wp-block-embed-instagram\"\/>\n<p>El centro campista de 34 a\u00f1os se ha convertido en uno de los pilares fundamentales y un jugador de jerarqu\u00eda en el Real Madrid, club que ha comunicado a trav\u00e9s de sus redes sociales su agradecimiento al jugador.<\/p>\n<p><strong>Lee tambi\u00e9n: <a href=\"https:\/\/www.liderendeportes.com\/noticias\/futbol\/europeo\/courtois-dije-que-iba-a-trabajar-para-volver-fuerte\/\" target=\"_blank\" rel=\"noopener\">Courtois: \u201cDije que iba a trabajar para volver fuerte\u201d<\/a><\/strong><\/p>\n<p>En el comunicado del club blanco indica: \u201cSu agradecimiento y su cari\u00f1o a Toni Kroos, un jugador que ya forma parte de la historia del Real Madrid y que es una de las grandes leyendas de nuestro club y del f\u00fatbol mundial\u201d.<\/p>\n<figure class=\"wp-block-embed is-type-rich is-provider-twitter wp-block-embed-twitter\"\/>\n<p>El alem\u00e1n defendi\u00f3 durante diez a\u00f1os la camiseta del Madrid, dejando a su paso 463 partidos en los que ha acumulado un palmar\u00e9s envidiable con 22 t\u00edtulos: 4 Copas de Europa, 5 Mundiales de Clubes, 4 Supercopas de Europa, 4 Ligas, 1 Copa del Rey y 4 Supercopas de Espa\u00f1a.<\/p>\n<p>Mientras que, a nivel de selecciones, el centrocampista germano se proclam\u00f3 campe\u00f3n del mundo con Alemania en el Mundial de Brasil 2014.<\/p>\n<\/div>\n<\/div>\n<p><script async src=\"\/\/www.instagram.com\/embed.js\"><\/script><br \/>\n<br \/><a href=\"https:\/\/www.liderendeportes.com\/noticias\/futbol\/europeo\/toni-kroos-anuncia-su-despedida-del-futbol\/\" class=\" target=\" title=\"Toni Kroos anuncia su despedida del f\u00fatbol\" target=\"_blank\" rel=\"noopener\">Ver fuente<\/a><\/p>\n","protected":false},"excerpt":{"rendered":"<p>Toni Kroos anunci\u00f3 este martes su retiro como jugador profesional al finalizar esta temporada y una vez finalice su participaci\u00f3n en la Euro Copa con su selecci\u00f3n, Alemania. As\u00ed lo dio a conocer el alem\u00e1n. En su comunicado que Kroos subi\u00f3 a sus redes indic\u00f3: \u201cEsta decisi\u00f3n significa que mi carrera como futbolista en activo [&hellip;]<\/p>\n","protected":false},"author":2,"featured_media":3155,"comment_status":"open","ping_status":"closed","sticky":false,"template":"","format":"standard","meta":{"footnotes":""},"categories":[7],"tags":[],"class_list":["post-3154","post","type-post","status-publish","format-standard","has-post-thumbnail","hentry","category-deporte"],"_links":{"self":[{"href":"https:\/\/enfoquenoticioso.com\/index.php?rest_route=\/wp\/v2\/posts\/3154","targetHints":{"allow":["GET"]}}],"collection":[{"href":"https:\/\/enfoquenoticioso.com\/index.php?rest_route=\/wp\/v2\/posts"}],"about":[{"href":"https:\/\/enfoquenoticioso.com\/index.php?rest_route=\/wp\/v2\/types\/post"}],"author":[{"embeddable":true,"href":"https:\/\/enfoquenoticioso.com\/index.php?rest_route=\/wp\/v2\/users\/2"}],"replies":[{"embeddable":true,"href":"https:\/\/enfoquenoticioso.com\/index.php?rest_route=%2Fwp%2Fv2%2Fcomments&post=3154"}],"version-history":[{"count":0,"href":"https:\/\/enfoquenoticioso.com\/index.php?rest_route=\/wp\/v2\/posts\/3154\/revisions"}],"wp:featuredmedia":[{"embeddable":true,"href":"https:\/\/enfoquenoticioso.com\/index.php?rest_route=\/wp\/v2\/media\/3155"}],"wp:attachment":[{"href":"https:\/\/enfoquenoticioso.com\/index.php?rest_route=%2Fwp%2Fv2%2Fmedia&parent=3154"}],"wp:term":[{"taxonomy":"category","embeddable":true,"href":"https:\/\/enfoquenoticioso.com\/index.php?rest_route=%2Fwp%2Fv2%2Fcategories&post=3154"},{"taxonomy":"post_tag","embeddable":true,"href":"https:\/\/enfoquenoticioso.com\/index.php?rest_route=%2Fwp%2Fv2%2Ftags&post=3154"}],"curies":[{"name":"wp","href":"https:\/\/api.w.org\/{rel}","templated":true}]}}