{"id":31787,"date":"2024-11-07T15:19:35","date_gmt":"2024-11-07T15:19:35","guid":{"rendered":"https:\/\/enfoquenoticioso.com\/noticias\/piden-a-gritos-que-goleador-josef-martinez-sea-convocado-a-la-vinotinto-para-eliminatorias\/"},"modified":"2024-11-07T15:19:35","modified_gmt":"2024-11-07T15:19:35","slug":"piden-a-gritos-que-goleador-josef-martinez-sea-convocado-a-la-vinotinto-para-eliminatorias","status":"publish","type":"post","link":"https:\/\/enfoquenoticioso.com\/?p=31787","title":{"rendered":"Piden a gritos que goleador Josef Mart\u00ednez sea convocado a La Vinotinto para Eliminatorias"},"content":{"rendered":"<div id=\"post-541615\">\n<div class=\"entry-thumbnail\">\n<img width=\"777\" height=\"437\" src=\"https:\/\/i0.wp.com\/noticiasaldiayalahora.co\/wp-content\/uploads\/2024\/11\/Josef-Martinez.jpg?resize=777%2C437&amp;ssl=1\" class=\"attachment-content-single size-content-single wp-post-image\" alt=\"\" decoding=\"async\" fetchpriority=\"high\" srcset=\"https:\/\/i0.wp.com\/noticiasaldiayalahora.co\/wp-content\/uploads\/2024\/11\/Josef-Martinez.jpg?resize=777%2C437&amp;ssl=1 777w, https:\/\/i0.wp.com\/noticiasaldiayalahora.co\/wp-content\/uploads\/2024\/11\/Josef-Martinez.jpg?resize=180%2C101&amp;ssl=1 180w, https:\/\/i0.wp.com\/noticiasaldiayalahora.co\/wp-content\/uploads\/2024\/11\/Josef-Martinez.jpg?resize=260%2C146&amp;ssl=1 260w, https:\/\/i0.wp.com\/noticiasaldiayalahora.co\/wp-content\/uploads\/2024\/11\/Josef-Martinez.jpg?resize=373%2C210&amp;ssl=1 373w, https:\/\/i0.wp.com\/noticiasaldiayalahora.co\/wp-content\/uploads\/2024\/11\/Josef-Martinez.jpg?resize=120%2C67&amp;ssl=1 120w\" sizes=\"(max-width: 777px) 100vw, 777px\"\/><\/div>\n<p class=\"entry-meta\">\n<span class=\"entry-meta-author vcard author\">Por: <a class=\"fn\" href=\"https:\/\/noticiasaldiayalahora.co\/author\/redaccion\/\" target=\"_blank\" rel=\"noopener\">Redacci\u00f3n Noticias al Dia y a la Hora<\/a><\/span><br \/>\n<span class=\"entry-meta-date updated\">7 noviembre, 2024<\/span>\n<\/p>\n<div class=\"entry-content clearfix\">\n<p>La selecci\u00f3n venezolana busca por primera vez acceder a un Mundial de F\u00fatbol de la mano del entrenador Fernando \u2018Bocha\u2019 Batista. Pese a que actualmente La Vinotinto se encuentra por fuera de la zona de clasificaci\u00f3n,\u00a0<strong>en las pr\u00f3ximas ocho fechas buscar\u00e1 sumar la mayor cantidad de puntos para asistir a la cita orbital de 2026.<\/strong><span id=\"more-541615\"\/><\/p>\n<p>El primer reto de esas ocho jornadas ser\u00e1 el pr\u00f3ximo 14 de noviembre, cuando la selecci\u00f3n venezolana reciba a Brasil en Matur\u00edn en busca de tres puntos cruciales que vuelvan a colocarla en zona de clasificaci\u00f3n.<\/p>\n<p>El segundo juego lo disputar\u00e1 La Vinotinto cinco d\u00edas despu\u00e9s, el 19 del mismo mes, cuando visite en Santiago a Chile.<\/p>\n<p>El pasado lunes, el entrenador Fernando \u2018Bocha\u2019 Batista dio a conocer la convocatoria para la doble fecha de Eliminatorias, no obstante, los hinchas reclamaron la presencia de un goleador del f\u00fatbol internacional que no ha sido tenido en cuenta pese a su calidad en el ataque.<\/p>\n<p>Se trata de\u00a0<strong>Josef Mart\u00ednez<\/strong>, excompa\u00f1ero de Messi en el Inter de Miami y actualmente en el Montreal de la MLS.\u00a0<strong>El jugador venezolano anot\u00f3 13 goles en 24 partidos en la temporada del torneo estadounidense, un promedio de m\u00e1s de 0.5 goles por encuentro.<\/strong><\/p>\n<p>Es por eso que los hinchas venezolanos han pedido su presencia en la lista de convocados y han criticado al entrenador argentino por su ausencia, dado que es uno de los goleadores de la MLS en un momento en el que La Vinotinto necesita goles para alcanzar el sue\u00f1o de asistir al Mundial.<\/p>\n<p><strong>\u00ab\u00bfEstamos en condiciones de prescindir de un delantero como Josef Mart\u00ednez?\u201d; \u201cLleva a Machis pero deja a Josef. Sin sentido\u201d<\/strong>; \u201cA ver, se ve claro que el \u2018Bocha\u2019 no quiere ning\u00fan jugador de la MLS ya que no convoc\u00f3 a ninguno, pero si siento que est\u00e1 por encima de Eric Ram\u00edrez\u201d, fueron algunos de los comentarios en redes sociales.<\/p>\n<\/p><\/div>\n<\/div>\n<p><a href=\"https:\/\/noticiasaldiayalahora.co\/deportes\/piden-a-gritos-que-goleador-josef-martinez-sea-convocado-a-la-vinotinto-para-eliminatorias\/\" class=\" target=\" title=\"Piden a gritos que goleador Josef Mart\u00ednez sea convocado a La Vinotinto para Eliminatorias\" target=\"_blank\" rel=\"noopener\">Ver fuente<\/a><\/p>\n","protected":false},"excerpt":{"rendered":"<p>Por: Redacci\u00f3n Noticias al Dia y a la Hora 7 noviembre, 2024 La selecci\u00f3n venezolana busca por primera vez acceder a un Mundial de F\u00fatbol de la mano del entrenador Fernando \u2018Bocha\u2019 Batista. Pese a que actualmente La Vinotinto se encuentra por fuera de la zona de clasificaci\u00f3n,\u00a0en las pr\u00f3ximas ocho fechas buscar\u00e1 sumar la [&hellip;]<\/p>\n","protected":false},"author":2,"featured_media":31788,"comment_status":"open","ping_status":"closed","sticky":false,"template":"","format":"standard","meta":{"footnotes":""},"categories":[1],"tags":[],"class_list":["post-31787","post","type-post","status-publish","format-standard","has-post-thumbnail","hentry","category-noticias"],"_links":{"self":[{"href":"https:\/\/enfoquenoticioso.com\/index.php?rest_route=\/wp\/v2\/posts\/31787","targetHints":{"allow":["GET"]}}],"collection":[{"href":"https:\/\/enfoquenoticioso.com\/index.php?rest_route=\/wp\/v2\/posts"}],"about":[{"href":"https:\/\/enfoquenoticioso.com\/index.php?rest_route=\/wp\/v2\/types\/post"}],"author":[{"embeddable":true,"href":"https:\/\/enfoquenoticioso.com\/index.php?rest_route=\/wp\/v2\/users\/2"}],"replies":[{"embeddable":true,"href":"https:\/\/enfoquenoticioso.com\/index.php?rest_route=%2Fwp%2Fv2%2Fcomments&post=31787"}],"version-history":[{"count":0,"href":"https:\/\/enfoquenoticioso.com\/index.php?rest_route=\/wp\/v2\/posts\/31787\/revisions"}],"wp:featuredmedia":[{"embeddable":true,"href":"https:\/\/enfoquenoticioso.com\/index.php?rest_route=\/wp\/v2\/media\/31788"}],"wp:attachment":[{"href":"https:\/\/enfoquenoticioso.com\/index.php?rest_route=%2Fwp%2Fv2%2Fmedia&parent=31787"}],"wp:term":[{"taxonomy":"category","embeddable":true,"href":"https:\/\/enfoquenoticioso.com\/index.php?rest_route=%2Fwp%2Fv2%2Fcategories&post=31787"},{"taxonomy":"post_tag","embeddable":true,"href":"https:\/\/enfoquenoticioso.com\/index.php?rest_route=%2Fwp%2Fv2%2Ftags&post=31787"}],"curies":[{"name":"wp","href":"https:\/\/api.w.org\/{rel}","templated":true}]}}