{"id":3180,"date":"2024-05-21T21:10:27","date_gmt":"2024-05-21T21:10:27","guid":{"rendered":"https:\/\/enfoquenoticioso.com\/deporte\/cristiano-ronaldo-a-la-cabeza-de-portugal\/"},"modified":"2024-05-21T21:10:27","modified_gmt":"2024-05-21T21:10:27","slug":"cristiano-ronaldo-a-la-cabeza-de-portugal","status":"publish","type":"post","link":"https:\/\/enfoquenoticioso.com\/?p=3180","title":{"rendered":"Cristiano Ronaldo a la cabeza de Portugal"},"content":{"rendered":"<div>\n<p><a href=\"https:\/\/x.com\/Cristiano\">Cristiano Ronaldo<\/a> es uno de los 26 jugadores convocados este martes con Portugal por Roberto Mart\u00ednez para la Eurocopa 2024.<\/p>\n<p>El jugador quien ha sido cinco veces ganador del Bal\u00f3n de Oro disputar\u00e1 a sus 39 a\u00f1os torneo internacional n\u00famero once.<\/p>\n<p><strong>Lee tambi\u00e9n: <a href=\"https:\/\/www.liderendeportes.com\/noticias\/futbol\/argentina-buscara-el-bicampeonato-en-copa-america\/\" target=\"_blank\" rel=\"noopener\">Argentina buscar\u00e1 el bicampeonato en Copa Am\u00e9rica<\/a><\/strong><\/p>\n<p>Veinte a\u00f1os despu\u00e9s de su debut en el certamen de 2004 en Portugal y ocho despu\u00e9s del t\u00edtulo de la \u2018Sele\u00e7ao\u2019 en la Eurocopa 2016, Ronaldo disputar\u00e1 su sexta competici\u00f3n del viejo continente, un nuevo r\u00e9cord de participaciones en este torneo continental para quien ya suma 206 encuentros con su selecci\u00f3n y 128 goles.<\/p>\n<figure class=\"wp-block-embed is-type-rich is-provider-twitter wp-block-embed-twitter\"\/>\n<p>Cristiano Ronaldo, que durante el Mundial 2022 perdi\u00f3 su estatus de titular indiscutible, se ha vuelto imprescindible para Mart\u00ednez, sucesor de Fernando Santos.<\/p>\n<p>Tras quedar en segundo plano durante la \u00faltima Copa Mundial, CR7 volver\u00e1 a ser el jugador de m\u00e1s peso en su conjunto.<\/p>\n<p>El t\u00e9cnico espa\u00f1ol elogia a \u201cun jugador que ha marcado 42 goles en 41 partidos con su club\u201d saudita Al-Nassr y opina que el atacante sigue ofreciendo \u201cuna calidad delante de la porter\u00eda que apreciamos mucho y que necesitamos\u201d, asegur\u00f3.<\/p>\n<div id=\"ez-toc-container\" class=\"ez-toc-v2_0_81 counter-hierarchy ez-toc-counter ez-toc-grey ez-toc-container-direction\">\n<div class=\"ez-toc-title-container\">\n<p class=\"ez-toc-title\" style=\"cursor:inherit\">Tabla de Contenido<\/p>\n<span class=\"ez-toc-title-toggle\"><a href=\"#\" class=\"ez-toc-pull-right ez-toc-btn ez-toc-btn-xs ez-toc-btn-default ez-toc-toggle\" aria-label=\"Alternar tabla de contenidos\"><span class=\"ez-toc-js-icon-con\"><span class=\"\"><span class=\"eztoc-hide\" style=\"display:none;\">Toggle<\/span><span class=\"ez-toc-icon-toggle-span\"><svg style=\"fill: #999;color:#999\" xmlns=\"http:\/\/www.w3.org\/2000\/svg\" class=\"list-377408\" width=\"20px\" height=\"20px\" viewBox=\"0 0 24 24\" fill=\"none\"><path d=\"M6 6H4v2h2V6zm14 0H8v2h12V6zM4 11h2v2H4v-2zm16 0H8v2h12v-2zM4 16h2v2H4v-2zm16 0H8v2h12v-2z\" fill=\"currentColor\"><\/path><\/svg><svg style=\"fill: #999;color:#999\" class=\"arrow-unsorted-368013\" xmlns=\"http:\/\/www.w3.org\/2000\/svg\" width=\"10px\" height=\"10px\" viewBox=\"0 0 24 24\" version=\"1.2\" baseProfile=\"tiny\"><path d=\"M18.2 9.3l-6.2-6.3-6.2 6.3c-.2.2-.3.4-.3.7s.1.5.3.7c.2.2.4.3.7.3h11c.3 0 .5-.1.7-.3.2-.2.3-.5.3-.7s-.1-.5-.3-.7zM5.8 14.7l6.2 6.3 6.2-6.3c.2-.2.3-.5.3-.7s-.1-.5-.3-.7c-.2-.2-.4-.3-.7-.3h-11c-.3 0-.5.1-.7.3-.2.2-.3.5-.3.7s.1.5.3.7z\"\/><\/svg><\/span><\/span><\/span><\/a><\/span><\/div>\n<nav><ul class='ez-toc-list ez-toc-list-level-1 ' ><li class='ez-toc-page-1 ez-toc-heading-level-3'><a class=\"ez-toc-link ez-toc-heading-1\" href=\"https:\/\/enfoquenoticioso.com\/?p=3180\/#El_resto_de_la_seleccion\" >El resto de la selecci\u00f3n:\u00a0<\/a><\/li><\/ul><\/nav><\/div>\n<h3 class=\"wp-block-heading\"><span class=\"ez-toc-section\" id=\"El_resto_de_la_seleccion\"><\/span>El resto de la selecci\u00f3n:\u00a0<span class=\"ez-toc-section-end\"><\/span><\/h3>\n<p>M\u00e1s all\u00e1 de Ronaldo, Mart\u00ednez ha convocado a los atacantes Rafael Leao, Joao F\u00e9lix y Gon\u00e7alo Ramos, adem\u00e1s de Pedro Neto y Francisco Concei\u00e7ao.<\/p>\n<p>Los centros ser\u00e1n: Bruno Fernandes, Bernardo Silva, Vitinha y Otavio, por delante de Joao Palhinha, Ruben Neves o Joao Neves.<\/p>\n<p>Mientras que en la defensa estar\u00e1n: Ruben Dias junto a Danilo Pereira, Antonio Silva o Gon\u00e7alo Inacio. El veterano Pepe, de 41 a\u00f1os, tambi\u00e9n fue convocado dado su \u201crol importante en el vestuario\u201d, explic\u00f3 Mart\u00ednez.<\/p>\n<p>Joao Cancelo, Nuno Mendes, Diogo Dalot y Nelson Semedo ocupar\u00e1n los laterales, mientras que la porter\u00eda ser\u00e1 protegida por Diogo Costa, con Rui Patricio y Jos\u00e9 Sa como sustitutos.<\/p>\n<p>Raphael Guerreiro, lesionado, es la baja m\u00e1s destacada de la lista que fue publicada por el estratega Mart\u00ednez.<\/p>\n<\/div>\n<p><a href=\"https:\/\/www.liderendeportes.com\/noticias\/futbol\/europeo\/cristiano-ronaldo-a-la-cabeza-de-portugal\/\" class=\" target=\" title=\"Cristiano Ronaldo a la cabeza de Portugal\" target=\"_blank\" rel=\"noopener\">Ver fuente<\/a><\/p>\n","protected":false},"excerpt":{"rendered":"<p>Cristiano Ronaldo es uno de los 26 jugadores convocados este martes con Portugal por Roberto Mart\u00ednez para la Eurocopa 2024. El jugador quien ha sido cinco veces ganador del Bal\u00f3n de Oro disputar\u00e1 a sus 39 a\u00f1os torneo internacional n\u00famero once. Lee tambi\u00e9n: Argentina buscar\u00e1 el bicampeonato en Copa Am\u00e9rica Veinte a\u00f1os despu\u00e9s de su [&hellip;]<\/p>\n","protected":false},"author":2,"featured_media":3181,"comment_status":"open","ping_status":"closed","sticky":false,"template":"","format":"standard","meta":{"footnotes":""},"categories":[7],"tags":[],"class_list":["post-3180","post","type-post","status-publish","format-standard","has-post-thumbnail","hentry","category-deporte"],"_links":{"self":[{"href":"https:\/\/enfoquenoticioso.com\/index.php?rest_route=\/wp\/v2\/posts\/3180","targetHints":{"allow":["GET"]}}],"collection":[{"href":"https:\/\/enfoquenoticioso.com\/index.php?rest_route=\/wp\/v2\/posts"}],"about":[{"href":"https:\/\/enfoquenoticioso.com\/index.php?rest_route=\/wp\/v2\/types\/post"}],"author":[{"embeddable":true,"href":"https:\/\/enfoquenoticioso.com\/index.php?rest_route=\/wp\/v2\/users\/2"}],"replies":[{"embeddable":true,"href":"https:\/\/enfoquenoticioso.com\/index.php?rest_route=%2Fwp%2Fv2%2Fcomments&post=3180"}],"version-history":[{"count":0,"href":"https:\/\/enfoquenoticioso.com\/index.php?rest_route=\/wp\/v2\/posts\/3180\/revisions"}],"wp:featuredmedia":[{"embeddable":true,"href":"https:\/\/enfoquenoticioso.com\/index.php?rest_route=\/wp\/v2\/media\/3181"}],"wp:attachment":[{"href":"https:\/\/enfoquenoticioso.com\/index.php?rest_route=%2Fwp%2Fv2%2Fmedia&parent=3180"}],"wp:term":[{"taxonomy":"category","embeddable":true,"href":"https:\/\/enfoquenoticioso.com\/index.php?rest_route=%2Fwp%2Fv2%2Fcategories&post=3180"},{"taxonomy":"post_tag","embeddable":true,"href":"https:\/\/enfoquenoticioso.com\/index.php?rest_route=%2Fwp%2Fv2%2Ftags&post=3180"}],"curies":[{"name":"wp","href":"https:\/\/api.w.org\/{rel}","templated":true}]}}