{"id":3208,"date":"2024-05-22T03:11:53","date_gmt":"2024-05-22T03:11:53","guid":{"rendered":"https:\/\/enfoquenoticioso.com\/entretenimiento\/no-entiendo-nada-pero-gracias-hayao-miyazaki-piensa-que-la-palma-de-oro-de-studio-ghibli-simboliza-un-antes-y-un-despues-en-su-carrera-y-el-final-de-la-edad-dorada-del-anime\/"},"modified":"2024-05-22T03:11:53","modified_gmt":"2024-05-22T03:11:53","slug":"no-entiendo-nada-pero-gracias-hayao-miyazaki-piensa-que-la-palma-de-oro-de-studio-ghibli-simboliza-un-antes-y-un-despues-en-su-carrera-y-el-final-de-la-edad-dorada-del-anime","status":"publish","type":"post","link":"https:\/\/enfoquenoticioso.com\/?p=3208","title":{"rendered":"\u00abNo entiendo nada, pero gracias\u00bb. Hayao Miyazaki piensa que la Palma de Oro de Studio Ghibli simboliza un antes y un despu\u00e9s en su carrera y el final de la edad dorada del anime"},"content":{"rendered":"<div>\n<p>Este a\u00f1o el <strong>Festival de Cannes<\/strong> romp\u00eda <a href=\"https:\/\/www.espinof.com\/festival-cannes\/hayao-miyazaki-studio-ghibli-vuelven-a-hacer-historia-chico-garza-recibiran-palma-oro-honorifica-festival-cannes\" target=\"_blank\" rel=\"noopener\">una peque\u00f1a tradici\u00f3n<\/a> al entregar su Palma de Oro honor\u00edfica a <strong>Studio Ghibli<\/strong>, ya que por primera vez el receptor era un colectivo y no una persona concreta. Durante la entrega del premio<a href=\"https:\/\/www.espinof.com\/anime\/estos-cortos-hayao-miyazaki-studio-ghibli-estaran-disponibles-primera-vez-fuera-japon-ahora-solo-para-unos-pocos-privilegiados\" target=\"_blank\" rel=\"noopener\"> se pudieron ver por primera vez varios cortos de Hayao Miyazaki<\/a> fuera del Museo Ghibli de Jap\u00f3n, y su hijo <strong>Goro Miyazaki <\/strong>recogi\u00f3 el galard\u00f3n en nombre del estudio.<\/p>\n<p><!-- BREAK 1 --> <\/p>\n<div id=\"ez-toc-container\" class=\"ez-toc-v2_0_81 counter-hierarchy ez-toc-counter ez-toc-grey ez-toc-container-direction\">\n<div class=\"ez-toc-title-container\">\n<p class=\"ez-toc-title\" style=\"cursor:inherit\">Tabla de Contenido<\/p>\n<span class=\"ez-toc-title-toggle\"><a href=\"#\" class=\"ez-toc-pull-right ez-toc-btn ez-toc-btn-xs ez-toc-btn-default ez-toc-toggle\" aria-label=\"Alternar tabla de contenidos\"><span class=\"ez-toc-js-icon-con\"><span class=\"\"><span class=\"eztoc-hide\" style=\"display:none;\">Toggle<\/span><span class=\"ez-toc-icon-toggle-span\"><svg style=\"fill: #999;color:#999\" xmlns=\"http:\/\/www.w3.org\/2000\/svg\" class=\"list-377408\" width=\"20px\" height=\"20px\" viewBox=\"0 0 24 24\" fill=\"none\"><path d=\"M6 6H4v2h2V6zm14 0H8v2h12V6zM4 11h2v2H4v-2zm16 0H8v2h12v-2zM4 16h2v2H4v-2zm16 0H8v2h12v-2z\" fill=\"currentColor\"><\/path><\/svg><svg style=\"fill: #999;color:#999\" class=\"arrow-unsorted-368013\" xmlns=\"http:\/\/www.w3.org\/2000\/svg\" width=\"10px\" height=\"10px\" viewBox=\"0 0 24 24\" version=\"1.2\" baseProfile=\"tiny\"><path d=\"M18.2 9.3l-6.2-6.3-6.2 6.3c-.2.2-.3.4-.3.7s.1.5.3.7c.2.2.4.3.7.3h11c.3 0 .5-.1.7-.3.2-.2.3-.5.3-.7s-.1-.5-.3-.7zM5.8 14.7l6.2 6.3 6.2-6.3c.2-.2.3-.5.3-.7s-.1-.5-.3-.7c-.2-.2-.4-.3-.7-.3h-11c-.3 0-.5.1-.7.3-.2.2-.3.5-.3.7s.1.5.3.7z\"\/><\/svg><\/span><\/span><\/span><\/a><\/span><\/div>\n<nav><ul class='ez-toc-list ez-toc-list-level-1 ' ><li class='ez-toc-page-1 ez-toc-heading-level-2'><a class=\"ez-toc-link ez-toc-heading-1\" href=\"https:\/\/enfoquenoticioso.com\/?p=3208\/#Bueno_pues_gracias\" >Bueno, pues gracias<\/a><\/li><\/ul><\/nav><\/div>\n<h2><span class=\"ez-toc-section\" id=\"Bueno_pues_gracias\"><\/span>Bueno, pues gracias<span class=\"ez-toc-section-end\"><\/span><\/h2>\n<p>Goro Miyazaki represent\u00f3 a Studio Ghibli en el Festival de Cannes, y obviamente tras el estreno de &#8216;<a href=\"https:\/\/www.espinof.com\/criticas\/nino-garza-nueva-obra-maestra-hayao-miyazaki-studio-ghibli-que-encapsula-todas-sus-obsesiones-grito-vital-desesperado-festival-san-sebastian-2023\" target=\"_blank\" rel=\"noopener\">El chico y la garza<\/a>&#8216; y la salida del retiro de su padre&#8230; <strong>Ahora todas las preguntas son sobre su pr\u00f3xima pel\u00edcula<\/strong>. Pero el legendario director no suelta prenda sobre el proyecto y vamos a tardar en enterarnos.<\/p>\n<p><!-- BREAK 2 --><\/p>\n<div class=\"article-asset-image article-asset-normal article-asset-center\">\n<div class=\"asset-content\">\n<div class=\"caption-img \">\n                   <img class=\"centro_sinmarco\" height=\"666\" width=\"1000\" loading=\"lazy\" decoding=\"async\" sizes=\"auto, 100vw\" fetchpriority=\"high\" srcset=\"https:\/\/i.blogs.es\/fb189a\/goro-miyazaki\/450_1000.jpeg 450w, https:\/\/i.blogs.es\/fb189a\/goro-miyazaki\/650_1200.jpeg 681w,https:\/\/i.blogs.es\/fb189a\/goro-miyazaki\/1024_2000.jpeg 1024w, https:\/\/i.blogs.es\/fb189a\/goro-miyazaki\/1366_2000.jpeg 1366w\" src=\"https:\/\/i.blogs.es\/fb189a\/goro-miyazaki\/450_1000.jpeg\" alt=\"Goro Miyazaki\"\/><br \/>\n   <img decoding=\"async\" alt=\"Goro Miyazaki\" class=\"centro_sinmarco\" src=\"https:\/\/i.blogs.es\/fb189a\/goro-miyazaki\/450_1000.jpeg\"\/><\/p>\n<p>        <span>Goro Miyazaki en el Festival de Cannes<\/span>\n   <\/div>\n<\/p><\/div>\n<\/div>\n<blockquote><p>\u00abNo le dice a nadie qu\u00e9 es. Absolutamente a nadie\u00bb, sentenci\u00f3 Goro, que desvel\u00f3 que tan pronto como termin\u00f3 de trabajar en &#8216;El chico y la garza&#8217; empez\u00f3 a organizar sus ideas para la siguiente pel\u00edcula. Aunque tambi\u00e9n revel\u00f3 que tardaremos en verla porque en Ghibli a\u00fan se est\u00e1n recuperando de la \u00faltima producci\u00f3n. \u00abTras emplear siete a\u00f1os en una pel\u00edcula animada, el director y todo el equipo est\u00e1n incre\u00edblemente agotados. Creo que el estudio necesita m\u00e1s tiempo para recuperarse\u00bb.<\/p><\/blockquote>\n<p>A pesar de que Hayao Miyazaki ya tiene 83 a\u00f1os, parece que no tiene intenci\u00f3n de (volver a) retirarse pronto. Aunque s\u00ed que cree que tanto &#8216;El chico y la garza&#8217; como <strong>la Palma de Oro supone un antes y despu\u00e9s para su carrera<\/strong>, y para la industria del anime en s\u00ed.<\/p>\n<p><!-- BREAK 3 --> <\/p>\n<div class=\"article-asset article-asset-normal article-asset-center\">\n<div class=\"desvio-container\">\n<div class=\"desvio\">\n<div class=\"desvio-figure js-desvio-figure\">\n    <a href=\"https:\/\/www.espinof.com\/animacion\/world-masterpiece-theater-coleccion-animes-que-adaptaban-clasicos-europeos-que-hayao-miyazaki-dio-sus-primeros-pasos\" target=\"_blank\" rel=\"noopener\"><br \/>\n     <img loading=\"lazy\" decoding=\"async\" alt=\"World Masterpiece Theater, la colecci\u00f3n de animes que adaptaban cl\u00e1sicos europeos en la que Hayao Miyazaki dio sus primeros pasos\" width=\"375\" height=\"142\" src=\"https:\/\/i.blogs.es\/ccabc0\/sekai-meisaku-gekijo\/375_142.jpeg\"\/><br \/>\n    <\/a>\n   <\/div>\n<\/p><\/div>\n<\/p><\/div>\n<\/div>\n<blockquote><p>\u00abEst\u00e1 encantado [con el premio], pero siente que la edad dorada del anime ha terminado. Siente que este galard\u00f3n simboliza el final de su carrera\u00bb, continu\u00f3 Goro, quien tambi\u00e9n dej\u00f3 claro que hay un futuro para Ghibli una vez su padre y Toshio Suzuki se retiren: \u00abIncluso hoy, Hayao Miyazaki y Toshio Suzuki est\u00e1n al mando. Y para todas las grandes decisiones del estudio, sus elecciones pesan m\u00e1s en la balanza&#8230; \u00bfMientras que d\u00f3nde encajo yo? Me digo a mi mismo que ya habr\u00e1 tiempo para preguntar eso cuando ellos ya no est\u00e9n al cargo.\u00bb<\/p><\/blockquote>\n<div class=\"article-asset-image article-asset-normal article-asset-center\">\n<div class=\"asset-content\">\n<div class=\"caption-img \">\n                    <a rel=\"noopener, noreferrer\" href=\"https:\/\/x.com\/catsuka\/status\/1792563154506928467\"><br \/>\n         <img class=\"centro_sinmarco\" height=\"650\" width=\"651\" loading=\"lazy\" decoding=\"async\" sizes=\"auto, 100vw\" fetchpriority=\"high\" srcset=\"https:\/\/i.blogs.es\/067cf1\/miyazaki-y-suzukii\/450_1000.jpeg 450w, https:\/\/i.blogs.es\/067cf1\/miyazaki-y-suzukii\/650_1200.jpeg 681w,https:\/\/i.blogs.es\/067cf1\/miyazaki-y-suzukii\/1024_2000.jpeg 1024w, https:\/\/i.blogs.es\/067cf1\/miyazaki-y-suzukii\/1366_2000.jpeg 1366w\" src=\"https:\/\/i.blogs.es\/067cf1\/miyazaki-y-suzukii\/450_1000.jpeg\" alt=\"Miyazaki Y Suzuki\"\/><br \/>\n    <img decoding=\"async\" alt=\"Miyazaki Y Suzuki\" class=\"centro_sinmarco\" src=\"https:\/\/i.blogs.es\/067cf1\/miyazaki-y-suzukii\/450_1000.jpeg\"\/><br \/>\n     <\/a><\/p>\n<p>        <span>Hayao Miyazaki y Toshio Suzuki<\/span>\n   <\/div>\n<\/p><\/div>\n<\/div>\n<p>Aunque Miyazaki y Suzuki no acudieron en persona a recibir la Palma de Oro honor\u00edfica, durante el evento s\u00ed que se pudo ver <a rel=\"noopener, noreferrer\" href=\"https:\/\/x.com\/MariaCuso\/status\/1792558276883734932\">una grabaci\u00f3n de ambos<\/a> agradeciendo el premio al festival. Y Miyazaki, muy en su l\u00ednea, acept\u00f3 con un lapidario \u00abNo entiendo nada de esto, pero gracias\u00bb.<\/p>\n<p><!-- BREAK 4 --><\/p>\n<p>En Espinof | <a href=\"https:\/\/www.espinof.com\/listas\/mejores-series-2024\" target=\"_blank\" rel=\"noopener\">Las 10 mejores series de 2024&#8230; hasta ahora<\/a><\/p>\n<p><!-- BREAK 5 --><\/p>\n<p>En Espinof | <a href=\"https:\/\/www.espinof.com\/listas\/mejores-animes-ultimos-anos-donde-puedes-ver-streaming\" target=\"_blank\" rel=\"noopener\">Los 25 mejores animes de los \u00faltimos a\u00f1os y d\u00f3nde los puedes ver<\/a><\/p>\n<p><!-- BREAK 6 --> <\/p><\/div>\n<p><a href=\"https:\/\/www.espinof.com\/anime\/no-entiendo-nada-gracias-hayao-miyazaki-piensa-que-palma-oro-studio-ghibli-simboliza-antes-despues-su-carrera-final-edad-dorada-anime\" class=\" target=\" title=\"\" No entiendo pero Hayao Miyazaki piensa que la Palma de Oro Studio Ghibli simboliza un antes  en su carrera el final edad dorada del target=\"_blank\" rel=\"noopener\">Ver fuente<\/a><\/p>\n","protected":false},"excerpt":{"rendered":"<p>Este a\u00f1o el Festival de Cannes romp\u00eda una peque\u00f1a tradici\u00f3n al entregar su Palma de Oro honor\u00edfica a Studio Ghibli, ya que por primera vez el receptor era un colectivo y no una persona concreta. Durante la entrega del premio se pudieron ver por primera vez varios cortos de Hayao Miyazaki fuera del Museo Ghibli [&hellip;]<\/p>\n","protected":false},"author":2,"featured_media":3209,"comment_status":"open","ping_status":"closed","sticky":false,"template":"","format":"standard","meta":{"footnotes":""},"categories":[8],"tags":[],"class_list":["post-3208","post","type-post","status-publish","format-standard","has-post-thumbnail","hentry","category-entretenimiento"],"_links":{"self":[{"href":"https:\/\/enfoquenoticioso.com\/index.php?rest_route=\/wp\/v2\/posts\/3208","targetHints":{"allow":["GET"]}}],"collection":[{"href":"https:\/\/enfoquenoticioso.com\/index.php?rest_route=\/wp\/v2\/posts"}],"about":[{"href":"https:\/\/enfoquenoticioso.com\/index.php?rest_route=\/wp\/v2\/types\/post"}],"author":[{"embeddable":true,"href":"https:\/\/enfoquenoticioso.com\/index.php?rest_route=\/wp\/v2\/users\/2"}],"replies":[{"embeddable":true,"href":"https:\/\/enfoquenoticioso.com\/index.php?rest_route=%2Fwp%2Fv2%2Fcomments&post=3208"}],"version-history":[{"count":0,"href":"https:\/\/enfoquenoticioso.com\/index.php?rest_route=\/wp\/v2\/posts\/3208\/revisions"}],"wp:featuredmedia":[{"embeddable":true,"href":"https:\/\/enfoquenoticioso.com\/index.php?rest_route=\/wp\/v2\/media\/3209"}],"wp:attachment":[{"href":"https:\/\/enfoquenoticioso.com\/index.php?rest_route=%2Fwp%2Fv2%2Fmedia&parent=3208"}],"wp:term":[{"taxonomy":"category","embeddable":true,"href":"https:\/\/enfoquenoticioso.com\/index.php?rest_route=%2Fwp%2Fv2%2Fcategories&post=3208"},{"taxonomy":"post_tag","embeddable":true,"href":"https:\/\/enfoquenoticioso.com\/index.php?rest_route=%2Fwp%2Fv2%2Ftags&post=3208"}],"curies":[{"name":"wp","href":"https:\/\/api.w.org\/{rel}","templated":true}]}}