{"id":3217,"date":"2024-05-22T04:44:10","date_gmt":"2024-05-22T04:44:10","guid":{"rendered":"https:\/\/enfoquenoticioso.com\/deporte\/yankees-tienen-fecha-de-regreso-de-dj-lemahieu\/"},"modified":"2024-05-22T04:44:10","modified_gmt":"2024-05-22T04:44:10","slug":"yankees-tienen-fecha-de-regreso-de-dj-lemahieu","status":"publish","type":"post","link":"https:\/\/enfoquenoticioso.com\/?p=3217","title":{"rendered":"Yankees tienen fecha de regreso de Dj LeMahieu"},"content":{"rendered":"<div data-td-block-uid=\"tdi_91\">\n<div class=\"tdb-block-inner td-fix-index\">\n<p>Los Yankees de Nueva York anunciaron una fecha aproximada para el regreso de DJ LeMahieu. Los neoyorquinos estiman que el tercera base est\u00e9 de vuelta con el equipo el pr\u00f3ximo 28 de mayo, para la serie contra los Angelinos,<\/p>\n<p>Luego de sufrir un golpe en el pie derecho en los entrenamientos primaverales que lo dej\u00f3 fuera del inicio de temporada, el infielder ha mostrado mejor\u00eda en su recuperaci\u00f3n y estar\u00eda pronto de vuelta con el equipo grande.<\/p>\n<p>LeMahieu se encuentra viendo acci\u00f3n en la sucursal AA de los neoyorquinos, en donde est\u00e1 bateando para .500 de average, OBP de .714, .500 de slugging, con dos hits, dos carreras anotadas, una impulsada y tres boletos, en sus dos encuentros disputados.<\/p>\n<p><strong>Lee Tambi\u00e9n: <a href=\"https:\/\/www.liderendeportes.com\/noticias\/venezolanos-mlb\/jesus-bastidas-a-todo-vapor-en-ligas-menores\/\" target=\"_blank\" rel=\"noopener\">Jes\u00fas Bastidas a todo vapor en Ligas Menores<\/a><\/strong><\/p>\n<p>El m\u00e1nager de los \u201cMulos del Bronx\u201d Aaron Boone, indic\u00f3 que el cuatro veces ganador del guante de oro jugar\u00e1 permanentemente en la tercera almohadilla una vez regrese al equipo.<\/p>\n<p>La decisi\u00f3n de Boone deja por sentado que Oswaldo Cabrera y Jon Berti ser\u00e1n los jugadores suplentes de esa posici\u00f3n.<\/p>\n<\/div>\n<\/div>\n<p><a href=\"https:\/\/www.liderendeportes.com\/noticias\/baseball\/baseball-grandes-ligas\/yankees-tienen-fecha-de-regreso-de-dj-lemahieu\/\" class=\" target=\" title=\"Yankees tienen fecha de regreso de Dj LeMahieu\" target=\"_blank\" rel=\"noopener\">Ver fuente<\/a><\/p>\n","protected":false},"excerpt":{"rendered":"<p>Los Yankees de Nueva York anunciaron una fecha aproximada para el regreso de DJ LeMahieu. Los neoyorquinos estiman que el tercera base est\u00e9 de vuelta con el equipo el pr\u00f3ximo 28 de mayo, para la serie contra los Angelinos, Luego de sufrir un golpe en el pie derecho en los entrenamientos primaverales que lo dej\u00f3 [&hellip;]<\/p>\n","protected":false},"author":2,"featured_media":3218,"comment_status":"open","ping_status":"closed","sticky":false,"template":"","format":"standard","meta":{"footnotes":""},"categories":[7],"tags":[],"class_list":["post-3217","post","type-post","status-publish","format-standard","has-post-thumbnail","hentry","category-deporte"],"_links":{"self":[{"href":"https:\/\/enfoquenoticioso.com\/index.php?rest_route=\/wp\/v2\/posts\/3217","targetHints":{"allow":["GET"]}}],"collection":[{"href":"https:\/\/enfoquenoticioso.com\/index.php?rest_route=\/wp\/v2\/posts"}],"about":[{"href":"https:\/\/enfoquenoticioso.com\/index.php?rest_route=\/wp\/v2\/types\/post"}],"author":[{"embeddable":true,"href":"https:\/\/enfoquenoticioso.com\/index.php?rest_route=\/wp\/v2\/users\/2"}],"replies":[{"embeddable":true,"href":"https:\/\/enfoquenoticioso.com\/index.php?rest_route=%2Fwp%2Fv2%2Fcomments&post=3217"}],"version-history":[{"count":0,"href":"https:\/\/enfoquenoticioso.com\/index.php?rest_route=\/wp\/v2\/posts\/3217\/revisions"}],"wp:featuredmedia":[{"embeddable":true,"href":"https:\/\/enfoquenoticioso.com\/index.php?rest_route=\/wp\/v2\/media\/3218"}],"wp:attachment":[{"href":"https:\/\/enfoquenoticioso.com\/index.php?rest_route=%2Fwp%2Fv2%2Fmedia&parent=3217"}],"wp:term":[{"taxonomy":"category","embeddable":true,"href":"https:\/\/enfoquenoticioso.com\/index.php?rest_route=%2Fwp%2Fv2%2Fcategories&post=3217"},{"taxonomy":"post_tag","embeddable":true,"href":"https:\/\/enfoquenoticioso.com\/index.php?rest_route=%2Fwp%2Fv2%2Ftags&post=3217"}],"curies":[{"name":"wp","href":"https:\/\/api.w.org\/{rel}","templated":true}]}}