{"id":3257,"date":"2024-05-22T12:34:30","date_gmt":"2024-05-22T12:34:30","guid":{"rendered":"https:\/\/enfoquenoticioso.com\/internacionales\/adolescente-asesino-a-toda-su-familia-porque-le-quitaron-el-celular\/"},"modified":"2024-05-22T12:34:30","modified_gmt":"2024-05-22T12:34:30","slug":"adolescente-asesino-a-toda-su-familia-porque-le-quitaron-el-celular","status":"publish","type":"post","link":"https:\/\/enfoquenoticioso.com\/?p=3257","title":{"rendered":"Adolescente asesin\u00f3 a toda su familia porque le quitaron el celular"},"content":{"rendered":"<div>\n<p>Un<b>\u00a0terrible crimen familiar\u00a0<\/b>provoc\u00f3 consternaci\u00f3n en\u00a0<b>Brasil<\/b>.\u00a0<b>Un adolescente mat\u00f3 a toda su familia<\/b>, seg\u00fan dijo, enojado\u00a0<b>porque le hab\u00edan rega\u00f1ado y quitado el tel\u00e9fono celular<\/b>. Pas\u00f3 el fin de semana solo, junto a los cuerpos.<span id=\"more-529036\"\/><\/p>\n<p>De acuerdo al relato que entreg\u00f3 el\u00a0<b>menor de 16 a\u00f1os\u00a0<\/b>a la polic\u00eda, las discusiones con sus padres adoptivos eran recurrentes. Asegur\u00f3 que el pasado jueves 16 de mayo, sus progenitores<b>\u00a0lo llamaron \u201cvagabundo\u201d<\/b>\u00a0y\u00a0<b>le quitaron el celular<\/b>, report\u00f3\u00a0<a href=\"https:\/\/g1.globo.com\/sp\/sorocaba-jundiai\/noticia\/2024\/05\/20\/guarda-municipal-de-jundiai-lamenta-assassinato-de-agente-pelo-filho-adotivo.ghtml\" target=\"_blank\" rel=\"noopener\"><i><b>Globo<\/b><\/i><\/a>.<\/p>\n<p>Esa situaci\u00f3n habr\u00eda motivado a que el joven<b>\u00a0planificara el dram\u00e1tico desenlace<\/b>.<\/p>\n<p>Al d\u00eda siguiente, estando solo en su casa del Municipio de Junda\u00ed, en\u00a0<b>Sao Paulo<\/b>, el menor\u00a0<b>rob\u00f3 el arma de su padre<\/b>, que trabajaba en la Guardia Municipal e incluso, se dio el tiempo de probarla con un disparo al aire.<\/p>\n<div id=\"ez-toc-container\" class=\"ez-toc-v2_0_81 counter-hierarchy ez-toc-counter ez-toc-grey ez-toc-container-direction\">\n<div class=\"ez-toc-title-container\">\n<p class=\"ez-toc-title\" style=\"cursor:inherit\">Tabla de Contenido<\/p>\n<span class=\"ez-toc-title-toggle\"><a href=\"#\" class=\"ez-toc-pull-right ez-toc-btn ez-toc-btn-xs ez-toc-btn-default ez-toc-toggle\" aria-label=\"Alternar tabla de contenidos\"><span class=\"ez-toc-js-icon-con\"><span class=\"\"><span class=\"eztoc-hide\" style=\"display:none;\">Toggle<\/span><span class=\"ez-toc-icon-toggle-span\"><svg style=\"fill: #999;color:#999\" xmlns=\"http:\/\/www.w3.org\/2000\/svg\" class=\"list-377408\" width=\"20px\" height=\"20px\" viewBox=\"0 0 24 24\" fill=\"none\"><path d=\"M6 6H4v2h2V6zm14 0H8v2h12V6zM4 11h2v2H4v-2zm16 0H8v2h12v-2zM4 16h2v2H4v-2zm16 0H8v2h12v-2z\" fill=\"currentColor\"><\/path><\/svg><svg style=\"fill: #999;color:#999\" class=\"arrow-unsorted-368013\" xmlns=\"http:\/\/www.w3.org\/2000\/svg\" width=\"10px\" height=\"10px\" viewBox=\"0 0 24 24\" version=\"1.2\" baseProfile=\"tiny\"><path d=\"M18.2 9.3l-6.2-6.3-6.2 6.3c-.2.2-.3.4-.3.7s.1.5.3.7c.2.2.4.3.7.3h11c.3 0 .5-.1.7-.3.2-.2.3-.5.3-.7s-.1-.5-.3-.7zM5.8 14.7l6.2 6.3 6.2-6.3c.2-.2.3-.5.3-.7s-.1-.5-.3-.7c-.2-.2-.4-.3-.7-.3h-11c-.3 0-.5.1-.7.3-.2.2-.3.5-.3.7s.1.5.3.7z\"\/><\/svg><\/span><\/span><\/span><\/a><\/span><\/div>\n<nav><ul class='ez-toc-list ez-toc-list-level-1 ' ><li class='ez-toc-page-1 ez-toc-heading-level-2'><a class=\"ez-toc-link ez-toc-heading-1\" href=\"https:\/\/enfoquenoticioso.com\/?p=3257\/#EL_CRIMEN_QUE_REMECIO_BRASIL\" >EL CRIMEN QUE REMECI\u00d3 BRASIL<\/a><ul class='ez-toc-list-level-4' ><li class='ez-toc-heading-level-4'><ul class='ez-toc-list-level-4' ><li class='ez-toc-heading-level-4'><a class=\"ez-toc-link ez-toc-heading-2\" href=\"https:\/\/enfoquenoticioso.com\/?p=3257\/#Sigue_al_canal_de_noticias_en_Whatsaap\" >Sigue al canal de noticias en Whatsaap\u00a0<\/a><\/li><\/ul><\/li><\/ul><\/li><\/ul><\/nav><\/div>\n<h2 class=\"\"><span class=\"ez-toc-section\" id=\"EL_CRIMEN_QUE_REMECIO_BRASIL\"><\/span>EL CRIMEN QUE REMECI\u00d3 BRASIL<span class=\"ez-toc-section-end\"><\/span><\/h2>\n<p>El pap\u00e1,\u00a0<b>Isac Tavares, de 57 a\u00f1os<\/b>, hab\u00eda pasado al colegio a recoger a su otra hija,<b>\u00a0Let\u00edcia (16)<\/b>. Al llegar a casa, el adolescente le dispar\u00f3. Alertada por el estruendo, la hermana fue a la habitaci\u00f3n a ver qu\u00e9 ocurr\u00eda y\u00a0<b>recibi\u00f3 un balazo en el rostro<\/b>.<\/p>\n<p>Pasar\u00edan varias horas antes que la madre, S<b>olange Aparecida Gomes (50)<\/b>, regresara a casa. Su hijo le abri\u00f3 la puerta y al dar unos pasos se encontr\u00f3 con los cuerpos. Sin alcanzar siquiera a reaccionar,\u00a0<b>el adolescente le dispar\u00f3 por la espalda<\/b>.<\/p>\n<p>La polic\u00eda estableci\u00f3 que, por alg\u00fan motivo, el menor<b>\u00a0incluso clav\u00f3 un cuchillo en el cuerpo sin vida de la mujer<\/b>, al d\u00eda siguiente.<\/p>\n<p><b>Pas\u00f3 todo el fin de semana con los cad\u00e1veres de su familia al interior de la casa<\/b>. Incluso, sigui\u00f3 haciendo su vida normal: fue al gimnasio y a comprar comida a una panader\u00eda.<\/p>\n<p>Reci\u00e9n quiso confesar lo ocurrido a la polic\u00eda militar, la noche del domingo 19 de mayo.<\/p>\n<p>El\u00a0<b>adolescente fue detenido y enviado a un centro de reclusi\u00f3n para menores de edad de Sao Paulo<\/b>, a la espera de ser llevado a juicio por delitos d<b>e homicidio, femicidio, porte ilegal de arma y profanaci\u00f3n de cad\u00e1ver.<\/b><\/p>\n<p>con informaci\u00f3n de <a href=\"https:\/\/g1.globo.com\/sp\/sorocaba-jundiai\/noticia\/2024\/05\/20\/guarda-municipal-de-jundiai-lamenta-assassinato-de-agente-pelo-filho-adotivo.ghtml\" target=\"_blank\" rel=\"noopener\"><i><b>Globo<\/b><\/i><\/a><\/p>\n<h4><span class=\"ez-toc-section\" id=\"Sigue_al_canal_de_noticias_en_Whatsaap\"><\/span><strong><a href=\"https:\/\/whatsapp.com\/channel\/0029VaDXFnLId7nFFiDdVI26?fbclid=IwAR1LnVJqcByTELJH4Ht086FYRmdx18pRnV7CrkzmTJ5JaLHYY0igukfL9Yk\" target=\"_blank\" rel=\"noopener\">Sigue al canal de noticias en Whatsaap\u00a0<\/a><\/strong><span class=\"ez-toc-section-end\"><\/span><\/h4>\n<\/div>\n<p><a href=\"https:\/\/noticiasaldiayalahora.co\/internacionales\/adolescente-asesino-a-toda-su-familia-porque-le-quitaron-el-celular\/\" class=\" target=\" title=\"Adolescente asesin\u00f3 a toda su familia porque le quitaron el celular\" target=\"_blank\" rel=\"noopener\">Ver fuente<\/a><\/p>\n","protected":false},"excerpt":{"rendered":"<p>Un\u00a0terrible crimen familiar\u00a0provoc\u00f3 consternaci\u00f3n en\u00a0Brasil.\u00a0Un adolescente mat\u00f3 a toda su familia, seg\u00fan dijo, enojado\u00a0porque le hab\u00edan rega\u00f1ado y quitado el tel\u00e9fono celular. Pas\u00f3 el fin de semana solo, junto a los cuerpos. De acuerdo al relato que entreg\u00f3 el\u00a0menor de 16 a\u00f1os\u00a0a la polic\u00eda, las discusiones con sus padres adoptivos eran recurrentes. Asegur\u00f3 que el [&hellip;]<\/p>\n","protected":false},"author":2,"featured_media":3258,"comment_status":"open","ping_status":"closed","sticky":false,"template":"","format":"standard","meta":{"footnotes":""},"categories":[6],"tags":[],"class_list":["post-3257","post","type-post","status-publish","format-standard","has-post-thumbnail","hentry","category-internacionales"],"_links":{"self":[{"href":"https:\/\/enfoquenoticioso.com\/index.php?rest_route=\/wp\/v2\/posts\/3257","targetHints":{"allow":["GET"]}}],"collection":[{"href":"https:\/\/enfoquenoticioso.com\/index.php?rest_route=\/wp\/v2\/posts"}],"about":[{"href":"https:\/\/enfoquenoticioso.com\/index.php?rest_route=\/wp\/v2\/types\/post"}],"author":[{"embeddable":true,"href":"https:\/\/enfoquenoticioso.com\/index.php?rest_route=\/wp\/v2\/users\/2"}],"replies":[{"embeddable":true,"href":"https:\/\/enfoquenoticioso.com\/index.php?rest_route=%2Fwp%2Fv2%2Fcomments&post=3257"}],"version-history":[{"count":0,"href":"https:\/\/enfoquenoticioso.com\/index.php?rest_route=\/wp\/v2\/posts\/3257\/revisions"}],"wp:featuredmedia":[{"embeddable":true,"href":"https:\/\/enfoquenoticioso.com\/index.php?rest_route=\/wp\/v2\/media\/3258"}],"wp:attachment":[{"href":"https:\/\/enfoquenoticioso.com\/index.php?rest_route=%2Fwp%2Fv2%2Fmedia&parent=3257"}],"wp:term":[{"taxonomy":"category","embeddable":true,"href":"https:\/\/enfoquenoticioso.com\/index.php?rest_route=%2Fwp%2Fv2%2Fcategories&post=3257"},{"taxonomy":"post_tag","embeddable":true,"href":"https:\/\/enfoquenoticioso.com\/index.php?rest_route=%2Fwp%2Fv2%2Ftags&post=3257"}],"curies":[{"name":"wp","href":"https:\/\/api.w.org\/{rel}","templated":true}]}}