{"id":3267,"date":"2024-05-22T14:29:20","date_gmt":"2024-05-22T14:29:20","guid":{"rendered":"https:\/\/enfoquenoticioso.com\/internacionales\/la-brutal-paliza-que-sufrio-un-joven-venezolano-en-un-autobus-escolar-en-texas\/"},"modified":"2024-05-22T14:29:20","modified_gmt":"2024-05-22T14:29:20","slug":"la-brutal-paliza-que-sufrio-un-joven-venezolano-en-un-autobus-escolar-en-texas","status":"publish","type":"post","link":"https:\/\/enfoquenoticioso.com\/?p=3267","title":{"rendered":"La brutal paliza que sufri\u00f3 un joven venezolano en un autob\u00fas escolar en Texas"},"content":{"rendered":"<div>\n<p>Un adolescente venezolano de 14 a\u00f1os, llamado Xavier Castillo,\u00a0<strong>sufri\u00f3 una brutal golpiza en una secundaria en Texas<\/strong>, Estados Unidos. El joven termin\u00f3 hospitalizado y su familia pide que se haga justicia en este aparente caso de xenofobia.<span id=\"more-529051\"\/><\/p>\n<p>La cuenta de Instagram New Latinos TV public\u00f3 el caso y el video de la agresi\u00f3n. En las im\u00e1genes se ve a varios adolescentes\u00a0<strong>golpeando a Xavier segundos despu\u00e9s de salir del autob\u00fas<\/strong>, ante la mirada de otros estudiantes.<\/p>\n<p>Xavier estaba en el suelo y completamente indefenso, pero siguieron golpe\u00e1ndolo en la cabeza, la espalda y otras partes del cuerpo. La agresi\u00f3n ocurri\u00f3 cuando\u00a0<strong>estaba llegando a clases en la Robert Lee High School<\/strong>.<\/p>\n<p>El joven vive con su mam\u00e1, Keylis Ruiz, en la localidad de Baytown, en Texas. Al igual que millones de venezolanos,\u00a0<strong>migraron hace un a\u00f1o buscando mejores condiciones de vida<\/strong> y m\u00e1s oportunidades a futuro.<\/p>\n<p>La familia de Xavier, quien es originario de Valencia, en el estado Carabobo, exige que las autoridades hagan justicia en el caso. Adem\u00e1s, pidieron a la secundaria que\u00a0<strong>sancione a los responsables de la golpiza<\/strong>.<\/p>\n<blockquote class=\"instagram-media\" style=\"background: #FFF; border: 0; border-radius: 3px; box-shadow: 0 0 1px 0 rgba(0,0,0,0.5),0 1px 10px 0 rgba(0,0,0,0.15); margin: 1px; max-width: 540px; min-width: 326px; padding: 0; width: calc(100% - 2px);\" data-instgrm-captioned=\"\" data-instgrm-permalink=\"https:\/\/www.instagram.com\/reel\/C7PKcYZOWy6\/?utm_source=ig_embed&amp;utm_campaign=loading\" data-instgrm-version=\"14\">\n<\/blockquote>\n<p>\u00abEl incidente ocurrir\u00eda bajo la responsabilidad de la escuela. Xavier Castillo termin\u00f3 estando hospitalizado dos d\u00edas producto de los fuertes golpes\u00bb, explic\u00f3 en su cuenta de Instagram.<\/p>\n<p>Un testigo de la agresi\u00f3n dijo que la agresi\u00f3n se debi\u00f3 \u00fanicamente a que Xavier era venezolano. En tal sentido, la madre del ni\u00f1o reclam\u00f3 en la secundaria, pero se limitaron a responderle que\u00a0<strong>est\u00e1n investigando el caso<\/strong>.<\/p>\n<div id=\"ez-toc-container\" class=\"ez-toc-v2_0_81 counter-hierarchy ez-toc-counter ez-toc-grey ez-toc-container-direction\">\n<div class=\"ez-toc-title-container\">\n<p class=\"ez-toc-title\" style=\"cursor:inherit\">Tabla de Contenido<\/p>\n<span class=\"ez-toc-title-toggle\"><a href=\"#\" class=\"ez-toc-pull-right ez-toc-btn ez-toc-btn-xs ez-toc-btn-default ez-toc-toggle\" aria-label=\"Alternar tabla de contenidos\"><span class=\"ez-toc-js-icon-con\"><span class=\"\"><span class=\"eztoc-hide\" style=\"display:none;\">Toggle<\/span><span class=\"ez-toc-icon-toggle-span\"><svg style=\"fill: #999;color:#999\" xmlns=\"http:\/\/www.w3.org\/2000\/svg\" class=\"list-377408\" width=\"20px\" height=\"20px\" viewBox=\"0 0 24 24\" fill=\"none\"><path d=\"M6 6H4v2h2V6zm14 0H8v2h12V6zM4 11h2v2H4v-2zm16 0H8v2h12v-2zM4 16h2v2H4v-2zm16 0H8v2h12v-2z\" fill=\"currentColor\"><\/path><\/svg><svg style=\"fill: #999;color:#999\" class=\"arrow-unsorted-368013\" xmlns=\"http:\/\/www.w3.org\/2000\/svg\" width=\"10px\" height=\"10px\" viewBox=\"0 0 24 24\" version=\"1.2\" baseProfile=\"tiny\"><path d=\"M18.2 9.3l-6.2-6.3-6.2 6.3c-.2.2-.3.4-.3.7s.1.5.3.7c.2.2.4.3.7.3h11c.3 0 .5-.1.7-.3.2-.2.3-.5.3-.7s-.1-.5-.3-.7zM5.8 14.7l6.2 6.3 6.2-6.3c.2-.2.3-.5.3-.7s-.1-.5-.3-.7c-.2-.2-.4-.3-.7-.3h-11c-.3 0-.5.1-.7.3-.2.2-.3.5-.3.7s.1.5.3.7z\"\/><\/svg><\/span><\/span><\/span><\/a><\/span><\/div>\n<nav><ul class='ez-toc-list ez-toc-list-level-1 ' ><li class='ez-toc-page-1 ez-toc-heading-level-4'><a class=\"ez-toc-link ez-toc-heading-1\" href=\"https:\/\/enfoquenoticioso.com\/?p=3267\/#Sigue_al_canal_de_noticias_en_Whatsaap\" >Sigue al canal de noticias en Whatsaap\u00a0<\/a><\/li><\/ul><\/nav><\/div>\n<h4><span class=\"ez-toc-section\" id=\"Sigue_al_canal_de_noticias_en_Whatsaap\"><\/span><strong><a href=\"https:\/\/whatsapp.com\/channel\/0029VaDXFnLId7nFFiDdVI26?fbclid=IwAR1LnVJqcByTELJH4Ht086FYRmdx18pRnV7CrkzmTJ5JaLHYY0igukfL9Yk\" target=\"_blank\" rel=\"noopener\">Sigue al canal de noticias en Whatsaap\u00a0<\/a><\/strong><span class=\"ez-toc-section-end\"><\/span><\/h4>\n<\/div>\n<p><script async src=\"\/\/www.instagram.com\/embed.js\"><\/script><br \/>\n<br \/><a href=\"https:\/\/noticiasaldiayalahora.co\/internacionales\/la-brutal-paliza-que-sufrio-un-joven-venezolano-en-un-autobus-escolar-en-texas\/\" class=\" target=\" title=\"La brutal paliza que sufri\u00f3 un joven venezolano en un autob\u00fas escolar en Texas\" target=\"_blank\" rel=\"noopener\">Ver fuente<\/a><\/p>\n","protected":false},"excerpt":{"rendered":"<p>Un adolescente venezolano de 14 a\u00f1os, llamado Xavier Castillo,\u00a0sufri\u00f3 una brutal golpiza en una secundaria en Texas, Estados Unidos. El joven termin\u00f3 hospitalizado y su familia pide que se haga justicia en este aparente caso de xenofobia. La cuenta de Instagram New Latinos TV public\u00f3 el caso y el video de la agresi\u00f3n. En las [&hellip;]<\/p>\n","protected":false},"author":2,"featured_media":3268,"comment_status":"open","ping_status":"closed","sticky":false,"template":"","format":"standard","meta":{"footnotes":""},"categories":[6],"tags":[],"class_list":["post-3267","post","type-post","status-publish","format-standard","has-post-thumbnail","hentry","category-internacionales"],"_links":{"self":[{"href":"https:\/\/enfoquenoticioso.com\/index.php?rest_route=\/wp\/v2\/posts\/3267","targetHints":{"allow":["GET"]}}],"collection":[{"href":"https:\/\/enfoquenoticioso.com\/index.php?rest_route=\/wp\/v2\/posts"}],"about":[{"href":"https:\/\/enfoquenoticioso.com\/index.php?rest_route=\/wp\/v2\/types\/post"}],"author":[{"embeddable":true,"href":"https:\/\/enfoquenoticioso.com\/index.php?rest_route=\/wp\/v2\/users\/2"}],"replies":[{"embeddable":true,"href":"https:\/\/enfoquenoticioso.com\/index.php?rest_route=%2Fwp%2Fv2%2Fcomments&post=3267"}],"version-history":[{"count":0,"href":"https:\/\/enfoquenoticioso.com\/index.php?rest_route=\/wp\/v2\/posts\/3267\/revisions"}],"wp:featuredmedia":[{"embeddable":true,"href":"https:\/\/enfoquenoticioso.com\/index.php?rest_route=\/wp\/v2\/media\/3268"}],"wp:attachment":[{"href":"https:\/\/enfoquenoticioso.com\/index.php?rest_route=%2Fwp%2Fv2%2Fmedia&parent=3267"}],"wp:term":[{"taxonomy":"category","embeddable":true,"href":"https:\/\/enfoquenoticioso.com\/index.php?rest_route=%2Fwp%2Fv2%2Fcategories&post=3267"},{"taxonomy":"post_tag","embeddable":true,"href":"https:\/\/enfoquenoticioso.com\/index.php?rest_route=%2Fwp%2Fv2%2Ftags&post=3267"}],"curies":[{"name":"wp","href":"https:\/\/api.w.org\/{rel}","templated":true}]}}