{"id":3275,"date":"2024-05-22T15:37:38","date_gmt":"2024-05-22T15:37:38","guid":{"rendered":"https:\/\/enfoquenoticioso.com\/tecnologia\/renault-quiere-ser-algo-mas-que-una-empresa-de-coches-y-esta-cabina-medica-con-ruedas-es-su-primer-experimento\/"},"modified":"2024-05-22T15:37:38","modified_gmt":"2024-05-22T15:37:38","slug":"renault-quiere-ser-algo-mas-que-una-empresa-de-coches-y-esta-cabina-medica-con-ruedas-es-su-primer-experimento","status":"publish","type":"post","link":"https:\/\/enfoquenoticioso.com\/?p=3275","title":{"rendered":"Renault quiere ser algo m\u00e1s que una empresa de coches y esta cabina m\u00e9dica con ruedas es su primer experimento"},"content":{"rendered":"<div>\n<p>La industria del autom\u00f3vil est\u00e1 en un profundo proceso de cambio. El coche el\u00e9ctrico ha tra\u00eddo un nuevo contexto mundial que empieza a difuminar las barreras de qu\u00e9 es y qu\u00e9 no es un coche o qu\u00e9 puede o no puede ofrecer una compa\u00f1\u00eda dedicada tradicionalmente a este sector.<\/p>\n<p><!-- BREAK 1 --> <\/p>\n<p>Estamos en un momento que ha ejemplificado bien Kevin Williams en <a rel=\"noopener, noreferrer\" href=\"https:\/\/es.motor1.com\/news\/720285\/coches-chinos-mejores-segun-un-americano\/\" target=\"_blank\"><em>Motor1.com<\/em><\/a>. En su art\u00edculo comenta que durante el Sal\u00f3n del Autom\u00f3vil de Pek\u00edn tuvo la oportunidad de subirse a una docena de coches el\u00e9ctricos chinos y que la impresi\u00f3n es que los fabricantes occidentales <strong>viven a\u00f1os por detr\u00e1s<\/strong> de lo que all\u00ed se present\u00f3.<\/p>\n<p><!-- BREAK 2 --><\/p>\n<p>Uno de los aspectos clave es el software. Desde hace a\u00f1os, los coches han empezado a conquistar a sus clientes por las <a href=\"https:\/\/www.xataka.com\/movilidad\/futuro-solo-importaran-pantallas-coches-este-concepto-bwm-prueba\" target=\"_blank\" rel=\"noopener\">pantallas<\/a> y la conectividad con el tel\u00e9fono m\u00f3vil en detrimento de los motores, las transmisiones o las sensaciones durante la marcha.<\/p>\n<p><!-- BREAK 3 --> <\/p>\n<p>\u00bfQui\u00e9n dio lugar a esto? <strong>\u00bfRegulaci\u00f3n, fabricantes o clientes?<\/strong> Es dif\u00edcil aclararlo y, probablemente, hay un poco de todos los ingredientes en la sopa. Lo que est\u00e1 claro es que hace tiempo que las automovil\u00edsticas ponen ojitos al dinero que pueden traer debajo del brazo todas las funciones relacionadas con el software.<\/p>\n<p><!-- BREAK 4 --><\/p>\n<p>De momento, todo son promesas porque los datos alertan de que, pese a ser la meta, los fabricantes siguen sin tener claro <a href=\"https:\/\/www.xataka.com\/movilidad\/industria-coche-sabe-que-su-futuro-pasa-software-problema-no-saben-como-ganar-dinero\" target=\"_blank\" rel=\"noopener\">c\u00f3mo rentabilizar sus avances<\/a> en este campo. Con todo, <a href=\"https:\/\/www.xataka.com\/movilidad\/tesla-cree-que-puede-vender-sus-coches-ganar-solo-euro-no-necesita-para-ganarle-a-su-competencia\" target=\"_blank\" rel=\"noopener\">para Tesla es una parte fundamental<\/a> y Volkswagen ha llegado a lanzar ambiciosas declaraciones, asegurando que quieren <a rel=\"noopener, noreferrer\" href=\"https:\/\/www.autobild.es\/noticias\/laura-ros-directora-volkswagen-espana-ambicion-convertirnos-marca-software-878715\" target=\"_blank\">reconvertirse en una compa\u00f1\u00eda de software<\/a>.<\/p>\n<p><!-- BREAK 5 --><\/p>\n<p>Renault, sin lanzar mensajes tan ambiciosos, s\u00ed hizo una <strong>dura reconversi\u00f3n<\/strong> de marca en 2021. <a rel=\"noopener, noreferrer\" href=\"https:\/\/www.motorpasion.com\/industria\/renault-apunta-a-recortes-su-plan-estrategico-coches-resurreccion-que-durara-2023\" target=\"_blank\">Renaulution<\/a> ha sido el proyecto, abanderado por Luca de Meo, para relanzar la marca y volverla a situar en una posici\u00f3n competitiva despu\u00e9s de dar s\u00edntomas de agotamiento durante algunos a\u00f1os.<\/p>\n<p><!-- BREAK 6 --> <\/p>\n<p>Como consecuencia de aquel proyecto se decidi\u00f3 que <a href=\"https:\/\/www.xataka.com\/movilidad\/renault-ha-llegado-a-conclusion-trocear-empresa-cinco-partes-unica-forma-sobrevivir\" target=\"_blank\" rel=\"noopener\">Renault partir\u00eda su empresa en cinco<\/a>. Adem\u00e1s de dedicar una parte de la compa\u00f1\u00eda a los motores de combusti\u00f3n <a href=\"https:\/\/www.xataka.com\/movilidad\/fabricar-motores-combustion-hacer-negocio-2023-todavia-posible-horse-project-prueba\" target=\"_blank\" rel=\"noopener\">(Horse Project)<\/a> o la micromovilidad <a href=\"https:\/\/www.xataka.com\/movilidad\/mobilize-duo-coche-electrico-barato-renault-twizy-2-0-que-solo-estara-disponible-suscripcion\" target=\"_blank\" rel=\"noopener\">(Mobilize)<\/a>, una de sus patas m\u00e1s importantes es Ampere, dedicada en exclusiva al desarrollo de sus coches el\u00e9ctricos&#8230; y el software.<\/p>\n<p><!-- BREAK 7 --><\/p>\n<p>En esa b\u00fasqueda de nuevos mercados y <strong>diversificar<\/strong> sus productos, Renault ya formaba parte de <a rel=\"noopener, noreferrer\" href=\"https:\/\/softwarerepublique.eu\/\" target=\"_blank\">Software R\u00e9publique<\/a>. Una asociaci\u00f3n creada en 2021 por \u00a0Dassault Syst\u00e8mes, Eviden, Orange, Renault Group, STMicroelectronics and Thales. En marzo de 2024 se sum\u00f3 a la fiesta JCDecaux, como s\u00e9ptimo miembro.<\/p>\n<p><!-- BREAK 8 --><\/p>\n<p>Esta amalgama de empresas busca crear productos relacionados con la movilidad y la innovaci\u00f3n para ofrecer productos disruptivos. U1st Vision, presentado en <a href=\"https:\/\/www.xataka.com\/movilidad\/hemos-estado-mayor-feria-startups-europa-estos-sus-locos-inventos-para-revolucionar-movilidad\" target=\"_blank\" rel=\"noopener\">VivaTech<\/a>, es su primer producto y en <em>Xataka<\/em> hemos tenido la oportunidad de conocerlo de primera mano.<\/p>\n<p><!-- BREAK 9 --><\/p>\n<div id=\"ez-toc-container\" class=\"ez-toc-v2_0_81 counter-hierarchy ez-toc-counter ez-toc-grey ez-toc-container-direction\">\n<div class=\"ez-toc-title-container\">\n<p class=\"ez-toc-title\" style=\"cursor:inherit\">Tabla de Contenido<\/p>\n<span class=\"ez-toc-title-toggle\"><a href=\"#\" class=\"ez-toc-pull-right ez-toc-btn ez-toc-btn-xs ez-toc-btn-default ez-toc-toggle\" aria-label=\"Alternar tabla de contenidos\"><span class=\"ez-toc-js-icon-con\"><span class=\"\"><span class=\"eztoc-hide\" style=\"display:none;\">Toggle<\/span><span class=\"ez-toc-icon-toggle-span\"><svg style=\"fill: #999;color:#999\" xmlns=\"http:\/\/www.w3.org\/2000\/svg\" class=\"list-377408\" width=\"20px\" height=\"20px\" viewBox=\"0 0 24 24\" fill=\"none\"><path d=\"M6 6H4v2h2V6zm14 0H8v2h12V6zM4 11h2v2H4v-2zm16 0H8v2h12v-2zM4 16h2v2H4v-2zm16 0H8v2h12v-2z\" fill=\"currentColor\"><\/path><\/svg><svg style=\"fill: #999;color:#999\" class=\"arrow-unsorted-368013\" xmlns=\"http:\/\/www.w3.org\/2000\/svg\" width=\"10px\" height=\"10px\" viewBox=\"0 0 24 24\" version=\"1.2\" baseProfile=\"tiny\"><path d=\"M18.2 9.3l-6.2-6.3-6.2 6.3c-.2.2-.3.4-.3.7s.1.5.3.7c.2.2.4.3.7.3h11c.3 0 .5-.1.7-.3.2-.2.3-.5.3-.7s-.1-.5-.3-.7zM5.8 14.7l6.2 6.3 6.2-6.3c.2-.2.3-.5.3-.7s-.1-.5-.3-.7c-.2-.2-.4-.3-.7-.3h-11c-.3 0-.5.1-.7.3-.2.2-.3.5-.3.7s.1.5.3.7z\"\/><\/svg><\/span><\/span><\/span><\/a><\/span><\/div>\n<nav><ul class='ez-toc-list ez-toc-list-level-1 ' ><li class='ez-toc-page-1 ez-toc-heading-level-2'><a class=\"ez-toc-link ez-toc-heading-1\" href=\"https:\/\/enfoquenoticioso.com\/?p=3275\/#Transitando_por_caminos_diferentes\" >Transitando por caminos diferentes<\/a><\/li><li class='ez-toc-page-1 ez-toc-heading-level-2'><a class=\"ez-toc-link ez-toc-heading-2\" href=\"https:\/\/enfoquenoticioso.com\/?p=3275\/#Que_generara_controversia\" >Que generar\u00e1 controversia<\/a><\/li><li class='ez-toc-page-1 ez-toc-heading-level-2'><a class=\"ez-toc-link ez-toc-heading-3\" href=\"https:\/\/enfoquenoticioso.com\/?p=3275\/#La_importancia_de_apuntar_al_lugar_correcto\" >La importancia de apuntar al lugar correcto<\/a><\/li><\/ul><\/nav><\/div>\n<h2><span class=\"ez-toc-section\" id=\"Transitando_por_caminos_diferentes\"><\/span>Transitando por caminos diferentes<span class=\"ez-toc-section-end\"><\/span><\/h2>\n<p>Hace unos d\u00edas, en <em>Xataka<\/em> tuvimos la oportunidad de conocer el <a href=\"https:\/\/www.xataka.com\/movilidad\/renault-tiene-claro-como-debe-ser-robotaxi-futuro-tiene-uno-preparado-nos-hemos-subido\" target=\"_blank\" rel=\"noopener\">robotaxi que Renault utilizar\u00e1 en Roland Garros<\/a> para trasladar a los espectadores sin ning\u00fan tipo de intervenci\u00f3n humana. El veh\u00edculo era una de las dos sorpresas que la compa\u00f1\u00eda del rombo ten\u00eda pensadas para este mes de mayo.<\/p>\n<p><!-- BREAK 10 --> <\/p>\n<p>El segundo es <strong>U1st Vision<\/strong>, un producto que combina la movilidad con los servicios aportados por las 22 empresas que han formado parte del proyecto. Adem\u00e1s de las siete compa\u00f1\u00edas principales que conforman Software R\u00e9publique, otras tres empresas han ejercido como consultoras en temas m\u00e9dicos y otras doce sociedades han tomado parte, de una manera o de otra, aportando su granito de arena.<\/p>\n<p><!-- BREAK 11 --><\/p>\n<div class=\"article-asset-image article-asset-normal article-asset-center\">\n<div class=\"asset-content\">\n                   <img class=\"centro_sinmarco\" height=\"2352\" width=\"4183\" loading=\"lazy\" decoding=\"async\" sizes=\"auto, 100vw\" fetchpriority=\"high\" srcset=\"https:\/\/i.blogs.es\/a04474\/dsc01612-1\/450_1000.jpeg 450w, https:\/\/i.blogs.es\/a04474\/dsc01612-1\/650_1200.jpeg 681w,https:\/\/i.blogs.es\/a04474\/dsc01612-1\/1024_2000.jpeg 1024w, https:\/\/i.blogs.es\/a04474\/dsc01612-1\/1366_2000.jpeg 1366w\" src=\"https:\/\/i.blogs.es\/a04474\/dsc01612-1\/450_1000.jpeg\" alt=\"Dsc01612 1\"\/><br \/>\n   <img decoding=\"async\" alt=\"Dsc01612 1\" class=\"centro_sinmarco\" src=\"https:\/\/i.blogs.es\/a04474\/dsc01612-1\/450_1000.jpeg\"\/><\/p><\/div>\n<\/div>\n<p>\u00bfQu\u00e9 es U1st Vision? Renault lo define como un concept \u00abm\u00e1s cercano al ciudadano, ofreciendo un f\u00e1cil acceso a una gama de diversos servicios de proximidad personalizados y seguros\u00bb. Si zarandemos el \u00e1rbol, lo que nos encontramos es el prototipo de una caja multimodal para ofrecer todo tipo de servicios, con la ventaja de que es f\u00e1cilmente trasnportable.<\/p>\n<p><!-- BREAK 12 --><\/p>\n<p>Como si de una casa prefabricada se tratara, el prototipo presentado por Renault y sus seis socios es una furgoneta el\u00e9ctrica que <strong>puede desembarazarse de su parte trasera<\/strong>. Esta funciona por s\u00ed misma con todas las conexiones telem\u00e1ticas necesarias y puede ser provista del material t\u00e9cnico deseado.<\/p>\n<p><!-- BREAK 13 --><\/p>\n<p>Renault dice que el producto puede ser ofrecido a ayuntamientos, empresas o todo tipo de organismos para ofrecer en \u00e9l servicios de todo tipo. Ponen como ejemplo un taller de reparaci\u00f3n de bicicletas o un lugar donde reciclar productos electr\u00f3nicos. Pero, durante la presentaci\u00f3n, Renault ha puesto encima de la mesa un uso que muchos considerar\u00e1n pol\u00e9mico: una cabina m\u00e9dica.<\/p>\n<p><!-- BREAK 14 --><\/p>\n<div class=\"article-asset-image article-asset-normal article-asset-center\">\n<div class=\"asset-content\">\n                   <img class=\"centro_sinmarco\" height=\"8363\" width=\"14999\" loading=\"lazy\" decoding=\"async\" sizes=\"auto, 100vw\" fetchpriority=\"high\" srcset=\"https:\/\/i.blogs.es\/ba0217\/dsc01647-1\/450_1000.jpeg 450w, https:\/\/i.blogs.es\/ba0217\/dsc01647-1\/650_1200.jpeg 681w,https:\/\/i.blogs.es\/ba0217\/dsc01647-1\/1024_2000.jpeg 1024w, https:\/\/i.blogs.es\/ba0217\/dsc01647-1\/1366_2000.jpeg 1366w\" src=\"https:\/\/i.blogs.es\/ba0217\/dsc01647-1\/450_1000.jpeg\" alt=\"Dsc01647 1\"\/><br \/>\n   <img decoding=\"async\" alt=\"Dsc01647 1\" class=\"centro_sinmarco\" src=\"https:\/\/i.blogs.es\/ba0217\/dsc01647-1\/450_1000.jpeg\"\/><\/p><\/div>\n<\/div>\n<h2><span class=\"ez-toc-section\" id=\"Que_generara_controversia\"><\/span>Que generar\u00e1 controversia<span class=\"ez-toc-section-end\"><\/span><\/h2>\n<p>Software R\u00e9publique ha elegido el sector m\u00e9dico como m\u00e1xima expresi\u00f3n de lo que puede hacer con esta caja, como opci\u00f3n m\u00e1s ambiciosa. Lo que en <em>Xataka<\/em> hemos podido ver y tocar es un espacio muy luminoso con una camilla, una pantalla y multitud de muebles donde guardar herramientas m\u00e9dicas. Seg\u00fan Renault, un m\u00e9dico puede realizar una consulta a distancia y conocer nuestro estado de salud general sin necesidad de desplazamientos.<\/p>\n<p><!-- BREAK 15 --> <\/p>\n<p>El pa\u00eds galo sufre lo que denominan <strong>\u00abdesiertos m\u00e9dicos\u00bb<\/strong>. Son grandes extensiones donde se carece de m\u00e9dicos suficientes para atender a pacientes en \u00e1reas muy poco pobladas del pa\u00eds. La musiquilla nos suena familiar.<\/p>\n<p><!-- BREAK 16 --><\/p>\n<p>En el pa\u00eds vecino, los m\u00e9dicos generalistas trabajan por cuenta propia. Al cliente le facturan una cantidad muy peque\u00f1a de dinero y, con el comprobante del trabajo realizado, el Estado paga lo correspondiente por sesi\u00f3n. M\u00e1s pacientes, m\u00e1s facturan. Esto es un problema en la zona norte, donde la poblaci\u00f3n es cada vez menor, lo que exige mayores desplazamientos con la p\u00e9rdida correspondiente de tiempo y dinero para el m\u00e9dico. La zona es poco atractiva econ\u00f3micamente y hay poco personal.<\/p>\n<p><!-- BREAK 17 --><\/p>\n<div class=\"article-asset-image article-asset-normal article-asset-center\">\n<div class=\"asset-content\">\n                   <img class=\"centro_sinmarco\" height=\"8434\" width=\"14999\" loading=\"lazy\" decoding=\"async\" sizes=\"auto, 100vw\" fetchpriority=\"high\" srcset=\"https:\/\/i.blogs.es\/80c8e3\/dsc01625-1\/450_1000.jpeg 450w, https:\/\/i.blogs.es\/80c8e3\/dsc01625-1\/650_1200.jpeg 681w,https:\/\/i.blogs.es\/80c8e3\/dsc01625-1\/1024_2000.jpeg 1024w, https:\/\/i.blogs.es\/80c8e3\/dsc01625-1\/1366_2000.jpeg 1366w\" src=\"https:\/\/i.blogs.es\/80c8e3\/dsc01625-1\/450_1000.jpeg\" alt=\"Dsc01625 1\"\/><br \/>\n   <img decoding=\"async\" alt=\"Dsc01625 1\" class=\"centro_sinmarco\" src=\"https:\/\/i.blogs.es\/80c8e3\/dsc01625-1\/450_1000.jpeg\"\/><\/p><\/div>\n<\/div>\n<p>Lo que ofrece Software R\u00e9publique con esta cabina multimodal es un espacio donde un m\u00e9dico en remoto pueda hacer seguimiento de una enfermedad o <strong>diagnosticar enfermedades leves<\/strong>. Nos explicaban que puede, por ejemplo, quedarse como \u00abcentro m\u00e9dico\u00bb no asistido en un pueblo o utilizar una misma cabina entre varios n\u00facleos poblacionales y rotar entre ellos.<\/p>\n<p><!-- BREAK 18 --><\/p>\n<p>La cabina, adem\u00e1s, podr\u00eda integrarse con los dispositivos de control de salud y forma f\u00edsica de los propios pacientes, como los smartwatch o las pulseras de actividad. Se\u00f1alan que, combinando todos los par\u00e1metros, el m\u00e9dico puede hacerse una mejor idea en remoto de nuestro estado de salud.<\/p>\n<p><!-- BREAK 19 --><\/p>\n<p>Preguntado sobre el control de los datos, en Renault se escudan en que trabajan \u00abcon empresas con mucha experiencia en el sector y que l<strong>a privacidad est\u00e1 completamente garantizada<\/strong>\u00bb aunque no se dieron detalles t\u00e9cnicos sobre este asunto.<\/p>\n<p><!-- BREAK 20 --><\/p>\n<p>Tampoco se mojaron mucho m\u00e1s cuando inquirimos sobre la perspectiva \u00e9tica del asunto. Renault dice \u00abofrecer un producto exclusivamente relacionado con la movilidad. Esto puede ser una cabina m\u00e9dica pero tambi\u00e9n puede ser cualquier otro servicio que demande un organismo o una instituci\u00f3n\u00bb.<\/p>\n<p><!-- BREAK 21 --> <\/p>\n<p>Hacerse con una de estas cabinas tendr\u00eda un coste de unos 200.000 euros, representando la mayor parte del gasto la inversi\u00f3n que hay que hacer en garantizar las comunicaciones telem\u00e1ticas y la gesti\u00f3n segura de los datos. Pero a esto hay que sumar el coste de los materiales utilizados en el interior. \u00abNo es lo mismo el material para una consulta general que para un oculista, por ejemplo\u00bb, nos aseguraron desde la marca.<\/p>\n<p><!-- BREAK 22 --><\/p>\n<div class=\"article-asset-image article-asset-normal article-asset-center\">\n<div class=\"asset-content\">\n                   <img class=\"centro_sinmarco\" height=\"8434\" width=\"14999\" loading=\"lazy\" decoding=\"async\" sizes=\"auto, 100vw\" fetchpriority=\"high\" srcset=\"https:\/\/i.blogs.es\/fcbc7d\/dsc01653-1\/450_1000.jpeg 450w, https:\/\/i.blogs.es\/fcbc7d\/dsc01653-1\/650_1200.jpeg 681w,https:\/\/i.blogs.es\/fcbc7d\/dsc01653-1\/1024_2000.jpeg 1024w, https:\/\/i.blogs.es\/fcbc7d\/dsc01653-1\/1366_2000.jpeg 1366w\" src=\"https:\/\/i.blogs.es\/fcbc7d\/dsc01653-1\/450_1000.jpeg\" alt=\"Dsc01653 1\"\/><br \/>\n   <img decoding=\"async\" alt=\"Dsc01653 1\" class=\"centro_sinmarco\" src=\"https:\/\/i.blogs.es\/fcbc7d\/dsc01653-1\/450_1000.jpeg\"\/><\/p><\/div>\n<\/div>\n<h2><span class=\"ez-toc-section\" id=\"La_importancia_de_apuntar_al_lugar_correcto\"><\/span>La importancia de apuntar al lugar correcto<span class=\"ez-toc-section-end\"><\/span><\/h2>\n<p>Entiendo la propuesta de Renault y Software R\u00e9publique pero la duda es c\u00f3mo sacar un mayor partido a lo ofrecido por la compa\u00f1\u00eda y esta asociaci\u00f3n de empresas.<\/p>\n<p><!-- BREAK 23 --><\/p>\n<p>Dejando a un lado el debate \u00e9tico, puedo comprender la funcionalidad y la ventaja de ofrecer una cabina aut\u00f3noma que pueda<strong> \u00ababandonarse\u00bb en un espacio urbano o rural<\/strong> para, llegado el caso, hacer un seguimiento m\u00e9dico de un paciente. Incluso, es evidente que mejora a una consulta telef\u00f3nica por la facilidad con la que se pueden recopilar y gestionar los datos m\u00e9dicos.<\/p>\n<p><!-- BREAK 24 --><\/p>\n<p>Los ejemplos propuestos por Renault, haciendo referencia a \u00abun taller de bicicletas o un punto de reciclaje de productos electr\u00f3nicos\u00bb nos deja un poco fr\u00edos porque creemos que no saca provecho del verdadero potencial de esta cabina modular y f\u00e1cilmente transportable: su conectividad.<\/p>\n<p><!-- BREAK 25 --><\/p>\n<p>Es la gesti\u00f3n de los datos y la garant\u00eda de que \u00e9stos van a enviarse de forma estable o segura lo que realmente distingue el producto de otras aproximaciones que hemos podido ver en Espa\u00f1a. En nuestro pa\u00eds, las zonas rurales m\u00e1s despobladas tienen opciones de <a rel=\"noopener, noreferrer\" href=\"https:\/\/bibliobuses.com\/directorio-2\/\" target=\"_blank\">bibliob\u00fas<\/a> o <a rel=\"noopener, noreferrer\" href=\"https:\/\/www.diariodeavila.es\/noticia\/z61aecc47-d507-7f1b-b8d5e774649e8487\/202308\/el-banco-movil-de-127-pueblos-de-la-provincia\" target=\"_blank\">banca m\u00f3vil<\/a>. Opciones que como las antes comentadas no necesitan de la infraestructura conectada que s\u00ed es requerida para un servicio m\u00e9dico.<\/p>\n<p><!-- BREAK 26 --><\/p>\n<p>Pese a que no nos convencieran los ejemplos propuestos, s\u00ed hay funciones que pueden ser interesantes y a las que Software R\u00e9publique puede dar servicio con este tipo de cabinas multimodales. Por ejemplo, una oficina conectada que garantice tr\u00e1mites burocr\u00e1ticos a los ciudadanos con la seguridad de que sus datos est\u00e1n a buen recaudo o, con remolques de mayor tama\u00f1o, puntos de teletrabajo que sirvan como \u00abpunto wifi\u00bb en aquellos <a href=\"https:\/\/www.xataka.com\/empresas-y-economia\/nadie-queria-llevar-fibra-optica-a-estos-pueblos-rurales-segovia-no-ser-rentable-que-llego-emilio-nordesnet\" target=\"_blank\" rel=\"noopener\">lugares donde todav\u00eda no ha llegado la fibra \u00f3ptica<\/a>.<\/p>\n<p><!-- BREAK 27 --><\/p>\n<p>U1st Vision es, de momento, un concepto pero no hay dudas de que tiene cierto potencial, siempre y cuando se d\u00e9 apueste por el verdadero punto diferencial del mismo que no deja de ser el de un espacio conectado a una red segura all\u00ed donde los servicios p\u00fablicos son demasiado costosos o deficitarios.<\/p>\n<p><!-- BREAK 28 --> <\/p>\n<p>Im\u00e1genes | Renault<\/p>\n<p>En Xataka | <a href=\"https:\/\/www.xataka.com\/movilidad\/renault-tiene-claro-como-debe-ser-robotaxi-futuro-tiene-uno-preparado-nos-hemos-subido\" target=\"_blank\" rel=\"noopener\">Renault tiene claro c\u00f3mo debe ser el robotaxi del futuro. Ya tiene uno preparado y nos hemos subido<\/a><\/p>\n<p><!-- BREAK 29 --><\/p><\/div>\n<p><a href=\"https:\/\/www.xataka.com\/movilidad\/u1st-vision-renault-quiere-ser-algo-que-empresa-coches-esta-cabina-medica-ruedas-su-primer-experimento\" class=\" target=\" title=\"Renault quiere ser algo m\u00e1s que una empresa de coches y esta cabina m\u00e9dica con ruedas es su primer experimento\" target=\"_blank\" rel=\"noopener\">Ver fuente<\/a><\/p>\n","protected":false},"excerpt":{"rendered":"<p>La industria del autom\u00f3vil est\u00e1 en un profundo proceso de cambio. El coche el\u00e9ctrico ha tra\u00eddo un nuevo contexto mundial que empieza a difuminar las barreras de qu\u00e9 es y qu\u00e9 no es un coche o qu\u00e9 puede o no puede ofrecer una compa\u00f1\u00eda dedicada tradicionalmente a este sector. Estamos en un momento que ha [&hellip;]<\/p>\n","protected":false},"author":2,"featured_media":3276,"comment_status":"open","ping_status":"closed","sticky":false,"template":"","format":"standard","meta":{"footnotes":""},"categories":[9],"tags":[],"class_list":["post-3275","post","type-post","status-publish","format-standard","has-post-thumbnail","hentry","category-tecnologia"],"_links":{"self":[{"href":"https:\/\/enfoquenoticioso.com\/index.php?rest_route=\/wp\/v2\/posts\/3275","targetHints":{"allow":["GET"]}}],"collection":[{"href":"https:\/\/enfoquenoticioso.com\/index.php?rest_route=\/wp\/v2\/posts"}],"about":[{"href":"https:\/\/enfoquenoticioso.com\/index.php?rest_route=\/wp\/v2\/types\/post"}],"author":[{"embeddable":true,"href":"https:\/\/enfoquenoticioso.com\/index.php?rest_route=\/wp\/v2\/users\/2"}],"replies":[{"embeddable":true,"href":"https:\/\/enfoquenoticioso.com\/index.php?rest_route=%2Fwp%2Fv2%2Fcomments&post=3275"}],"version-history":[{"count":0,"href":"https:\/\/enfoquenoticioso.com\/index.php?rest_route=\/wp\/v2\/posts\/3275\/revisions"}],"wp:featuredmedia":[{"embeddable":true,"href":"https:\/\/enfoquenoticioso.com\/index.php?rest_route=\/wp\/v2\/media\/3276"}],"wp:attachment":[{"href":"https:\/\/enfoquenoticioso.com\/index.php?rest_route=%2Fwp%2Fv2%2Fmedia&parent=3275"}],"wp:term":[{"taxonomy":"category","embeddable":true,"href":"https:\/\/enfoquenoticioso.com\/index.php?rest_route=%2Fwp%2Fv2%2Fcategories&post=3275"},{"taxonomy":"post_tag","embeddable":true,"href":"https:\/\/enfoquenoticioso.com\/index.php?rest_route=%2Fwp%2Fv2%2Ftags&post=3275"}],"curies":[{"name":"wp","href":"https:\/\/api.w.org\/{rel}","templated":true}]}}