{"id":32858,"date":"2024-11-13T20:45:41","date_gmt":"2024-11-13T20:45:41","guid":{"rendered":"https:\/\/enfoquenoticioso.com\/noticias\/popovich-sufrio-un-derrame-cerebral-leve-dicen-los-spurs\/"},"modified":"2024-11-13T20:45:41","modified_gmt":"2024-11-13T20:45:41","slug":"popovich-sufrio-un-derrame-cerebral-leve-dicen-los-spurs","status":"publish","type":"post","link":"https:\/\/enfoquenoticioso.com\/?p=32858","title":{"rendered":"Popovich sufri\u00f3 un \u00abderrame cerebral leve\u00bb, dicen los Spurs"},"content":{"rendered":"<div id=\"post-542123\">\n<div class=\"entry-thumbnail\">\n<img width=\"777\" height=\"437\" src=\"https:\/\/i0.wp.com\/noticiasaldiayalahora.co\/wp-content\/uploads\/2024\/11\/gregg-popovich--scaled.jpg?resize=777%2C437&amp;ssl=1\" class=\"attachment-content-single size-content-single wp-post-image\" alt=\"\" decoding=\"async\" fetchpriority=\"high\" srcset=\"https:\/\/i0.wp.com\/noticiasaldiayalahora.co\/wp-content\/uploads\/2024\/11\/gregg-popovich--scaled.jpg?w=1280&amp;ssl=1 1280w, https:\/\/i0.wp.com\/noticiasaldiayalahora.co\/wp-content\/uploads\/2024\/11\/gregg-popovich--scaled.jpg?resize=300%2C169&amp;ssl=1 300w, https:\/\/i0.wp.com\/noticiasaldiayalahora.co\/wp-content\/uploads\/2024\/11\/gregg-popovich--scaled.jpg?resize=1024%2C576&amp;ssl=1 1024w, https:\/\/i0.wp.com\/noticiasaldiayalahora.co\/wp-content\/uploads\/2024\/11\/gregg-popovich--scaled.jpg?resize=768%2C432&amp;ssl=1 768w, https:\/\/i0.wp.com\/noticiasaldiayalahora.co\/wp-content\/uploads\/2024\/11\/gregg-popovich--scaled.jpg?resize=1536%2C864&amp;ssl=1 1536w, https:\/\/i0.wp.com\/noticiasaldiayalahora.co\/wp-content\/uploads\/2024\/11\/gregg-popovich--scaled.jpg?resize=777%2C437&amp;ssl=1 777w, https:\/\/i0.wp.com\/noticiasaldiayalahora.co\/wp-content\/uploads\/2024\/11\/gregg-popovich--scaled.jpg?resize=180%2C101&amp;ssl=1 180w, https:\/\/i0.wp.com\/noticiasaldiayalahora.co\/wp-content\/uploads\/2024\/11\/gregg-popovich--scaled.jpg?resize=260%2C146&amp;ssl=1 260w, https:\/\/i0.wp.com\/noticiasaldiayalahora.co\/wp-content\/uploads\/2024\/11\/gregg-popovich--scaled.jpg?resize=373%2C210&amp;ssl=1 373w, https:\/\/i0.wp.com\/noticiasaldiayalahora.co\/wp-content\/uploads\/2024\/11\/gregg-popovich--scaled.jpg?resize=120%2C67&amp;ssl=1 120w\" sizes=\"(max-width: 777px) 100vw, 777px\"\/><\/div>\n<p class=\"entry-meta\">\n<span class=\"entry-meta-author vcard author\">Por: <a class=\"fn\" href=\"https:\/\/noticiasaldiayalahora.co\/author\/noticias\/\" target=\"_blank\" rel=\"noopener\">AL D\u00eda y a la Hora | @Notidiahora<\/a><\/span><br \/>\n<span class=\"entry-meta-date updated\">13 noviembre, 2024<\/span>\n<\/p>\n<div class=\"entry-content clearfix\">\n<p>El entrenador de los San Antonio Spurs, Gregg Popovich, sufri\u00f3 un \u00abderrame cerebral leve\u00bb a principios de noviembre, pero se espera que su recuperaci\u00f3n sea total, dijo el mi\u00e9rcoles el equipo de la NBA.<\/p>\n<p>El emblem\u00e1tico entrenador, de 75 a\u00f1os, estuvo fuera de los \u00faltimos seis partidos de su equipo, pero reci\u00e9n este mi\u00e9rcoles los Spurs informaron que Popovich hab\u00eda sufrido un derrame cerebral el 2 de noviembre pasado, en la previa de la victoria en casa del equipo ante los Minnesota Tiberwolves.<\/p>\n<p>El puesto de Popovich fue cubierto por el entrenador asistente Mitch Johnson, quien seguir\u00e1 en el cargo sin que el equipo determine a\u00fan un cronograma para el regreso a las canchas del hist\u00f3rico timonel.<\/p>\n<p>Popovich, el entrenador m\u00e1s veterano en actividad en la historia de la NBA, es el l\u00edder de todos los tiempos de la Liga en victorias con 1.390 en temporada regular y 170 triunfos en postemporada.<\/p>\n<p>Los Spurs conquistaron 5 t\u00edtulos durante las 29 temporadas que el entrenador ha estado al frente del equipo. AFP<\/p>\n<p>\u00a0<\/p>\n<\/p><\/div>\n<\/div>\n<p><a href=\"https:\/\/noticiasaldiayalahora.co\/deportes\/popovich-sufrio-un-derrame-cerebral-leve-dicen-los-spurs\/\" class=\" target=\" title=\"Popovich sufri\u00f3 un \" derrame cerebral dicen los target=\"_blank\" rel=\"noopener\">Ver fuente<\/a><\/p>\n","protected":false},"excerpt":{"rendered":"<p>Por: AL D\u00eda y a la Hora | @Notidiahora 13 noviembre, 2024 El entrenador de los San Antonio Spurs, Gregg Popovich, sufri\u00f3 un \u00abderrame cerebral leve\u00bb a principios de noviembre, pero se espera que su recuperaci\u00f3n sea total, dijo el mi\u00e9rcoles el equipo de la NBA. El emblem\u00e1tico entrenador, de 75 a\u00f1os, estuvo fuera de [&hellip;]<\/p>\n","protected":false},"author":2,"featured_media":32859,"comment_status":"open","ping_status":"closed","sticky":false,"template":"","format":"standard","meta":{"footnotes":""},"categories":[1],"tags":[],"class_list":["post-32858","post","type-post","status-publish","format-standard","has-post-thumbnail","hentry","category-noticias"],"_links":{"self":[{"href":"https:\/\/enfoquenoticioso.com\/index.php?rest_route=\/wp\/v2\/posts\/32858","targetHints":{"allow":["GET"]}}],"collection":[{"href":"https:\/\/enfoquenoticioso.com\/index.php?rest_route=\/wp\/v2\/posts"}],"about":[{"href":"https:\/\/enfoquenoticioso.com\/index.php?rest_route=\/wp\/v2\/types\/post"}],"author":[{"embeddable":true,"href":"https:\/\/enfoquenoticioso.com\/index.php?rest_route=\/wp\/v2\/users\/2"}],"replies":[{"embeddable":true,"href":"https:\/\/enfoquenoticioso.com\/index.php?rest_route=%2Fwp%2Fv2%2Fcomments&post=32858"}],"version-history":[{"count":0,"href":"https:\/\/enfoquenoticioso.com\/index.php?rest_route=\/wp\/v2\/posts\/32858\/revisions"}],"wp:featuredmedia":[{"embeddable":true,"href":"https:\/\/enfoquenoticioso.com\/index.php?rest_route=\/wp\/v2\/media\/32859"}],"wp:attachment":[{"href":"https:\/\/enfoquenoticioso.com\/index.php?rest_route=%2Fwp%2Fv2%2Fmedia&parent=32858"}],"wp:term":[{"taxonomy":"category","embeddable":true,"href":"https:\/\/enfoquenoticioso.com\/index.php?rest_route=%2Fwp%2Fv2%2Fcategories&post=32858"},{"taxonomy":"post_tag","embeddable":true,"href":"https:\/\/enfoquenoticioso.com\/index.php?rest_route=%2Fwp%2Fv2%2Ftags&post=32858"}],"curies":[{"name":"wp","href":"https:\/\/api.w.org\/{rel}","templated":true}]}}