{"id":3295,"date":"2024-05-22T19:51:48","date_gmt":"2024-05-22T19:51:48","guid":{"rendered":"https:\/\/enfoquenoticioso.com\/internacionales\/tipos-de-cambio-paralelos-reviven-en-argentina-en-medio-del-ajuste-de-javier-milei\/"},"modified":"2024-05-22T19:51:48","modified_gmt":"2024-05-22T19:51:48","slug":"tipos-de-cambio-paralelos-reviven-en-argentina-en-medio-del-ajuste-de-javier-milei","status":"publish","type":"post","link":"https:\/\/enfoquenoticioso.com\/?p=3295","title":{"rendered":"Tipos de cambio paralelos reviven en Argentina en medio del ajuste de Javier Milei"},"content":{"rendered":"<div>\n<p>Los tipos de cambio paralelos est\u00e1n sufriendo un reacomodamiento al alza en Argentina, donde las expectativas est\u00e1n atadas al valor del d\u00f3lar estadounidense, debido a que la tranquilidad financiera de los primeros meses del Gobierno de Javier Milei se ve interrumpida por un nuevo recorte de las tasas de inter\u00e9s de referencia.<\/p>\n<p>La preocupaci\u00f3n por el aumento del tipo de cambio en lo que va de esta semana -el financiero llamado \u2018contado con liquidaci\u00f3n\u2019 trep\u00f3 12%, a 1.242,08 pesos por d\u00f3lar, al igual que el informal o \u2018blue\u2019, que alcanza 1.255 pesos este mi\u00e9rcoles- lleg\u00f3 a la rueda de prensa diaria del portavoz presidencial, Manuel Adorni, quien descart\u00f3 alg\u00fan tipo de \u00abintervenci\u00f3n\u00bb para aplacar la subida.<\/p>\n<p>\u00abNo hay raz\u00f3n alguna para que esto tenga una implicancia en precios, m\u00e1s que el problema inflacionario que estamos viviendo por los desajustes en materia monetaria y fiscal en Argentina\u00bb, respondi\u00f3 Adorni en la sede del Ejecutivo.<\/p>\n<p>Luego de la devaluaci\u00f3n del 50% de la moneda local que convalid\u00f3 el Gobierno de Milei tras asumir en diciembre pasado, Argentina estaba atravesando una cierta estabilidad en las cotizaciones cambiarias debido al super\u00e1vit fiscal en el primer cuatrimestre del 0,2 % del PIB y la desaceleraci\u00f3n de la inflaci\u00f3n mensual a 8,8 % en abril \u00faltimo.<\/p>\n<p>Pero el Banco Central de Argentina (BCRA) redujo el martes de la semana pasada la tasa de referencia al 40%, lo que se traduce en una tasa de 3,3% efectiva mensual, que queda poco por delante de la depreciaci\u00f3n mensual del 2% que convalida la autoridad monetaria en el tipo de cambio oficial.<\/p>\n<p>Tras ese recorte de tasas los operadores prefieren comprar d\u00f3lares, ante el riesgo de una tasa negativa no s\u00f3lo respecto de la inflaci\u00f3n, sino tambi\u00e9n de la depreciaci\u00f3n cambiaria.<\/p>\n<p>\u00abEl recorte de tasas ha tenido una fuerte influencia en despertar a los d\u00f3lares financieros y libre, tambi\u00e9n lo est\u00e1 generando el menor ritmo de liquidaciones\u00bb, afirma el reporte diario de mercados de Gustavo Ber.<\/p>\n<p>La subida de los d\u00f3lares paralelos en las \u00faltimas ruedas tambi\u00e9n se debe a la d\u00e9bil liquidaci\u00f3n de divisas de los exportadores, por debajo de las expectativas de lo que se esperaba este trimestre cuando tiene lugar la venta de la cosecha gruesa, lo que reduce la oferta de moneda dura.<\/p>\n<p>De esta manera, la brecha con el d\u00f3lar oficial se sit\u00faa en el entorno de 35%, m\u00e1s de diez puntos por encima de las semanas previas.<\/p>\n<p>\u00abLo que suceda en las pr\u00f3ximas semanas podr\u00eda imprimir mayor volatilidad en el tipo de cambio libre, generando cambios en las expectativas de los inversores\u00bb, advirti\u00f3 un informe del Banco CMF. EFE<\/p>\n<\/div>\n<p><a href=\"https:\/\/noticiasaldiayalahora.co\/internacionales\/tipos-de-cambio-paralelos-reviven-en-argentina-en-medio-del-ajuste-de-javier-milei\/\" class=\" target=\" title=\"Tipos de cambio paralelos reviven en Argentina en medio del ajuste de Javier Milei\" target=\"_blank\" rel=\"noopener\">Ver fuente<\/a><\/p>\n","protected":false},"excerpt":{"rendered":"<p>Los tipos de cambio paralelos est\u00e1n sufriendo un reacomodamiento al alza en Argentina, donde las expectativas est\u00e1n atadas al valor del d\u00f3lar estadounidense, debido a que la tranquilidad financiera de los primeros meses del Gobierno de Javier Milei se ve interrumpida por un nuevo recorte de las tasas de inter\u00e9s de referencia. La preocupaci\u00f3n por [&hellip;]<\/p>\n","protected":false},"author":2,"featured_media":3296,"comment_status":"open","ping_status":"closed","sticky":false,"template":"","format":"standard","meta":{"footnotes":""},"categories":[6],"tags":[],"class_list":["post-3295","post","type-post","status-publish","format-standard","has-post-thumbnail","hentry","category-internacionales"],"_links":{"self":[{"href":"https:\/\/enfoquenoticioso.com\/index.php?rest_route=\/wp\/v2\/posts\/3295","targetHints":{"allow":["GET"]}}],"collection":[{"href":"https:\/\/enfoquenoticioso.com\/index.php?rest_route=\/wp\/v2\/posts"}],"about":[{"href":"https:\/\/enfoquenoticioso.com\/index.php?rest_route=\/wp\/v2\/types\/post"}],"author":[{"embeddable":true,"href":"https:\/\/enfoquenoticioso.com\/index.php?rest_route=\/wp\/v2\/users\/2"}],"replies":[{"embeddable":true,"href":"https:\/\/enfoquenoticioso.com\/index.php?rest_route=%2Fwp%2Fv2%2Fcomments&post=3295"}],"version-history":[{"count":0,"href":"https:\/\/enfoquenoticioso.com\/index.php?rest_route=\/wp\/v2\/posts\/3295\/revisions"}],"wp:featuredmedia":[{"embeddable":true,"href":"https:\/\/enfoquenoticioso.com\/index.php?rest_route=\/wp\/v2\/media\/3296"}],"wp:attachment":[{"href":"https:\/\/enfoquenoticioso.com\/index.php?rest_route=%2Fwp%2Fv2%2Fmedia&parent=3295"}],"wp:term":[{"taxonomy":"category","embeddable":true,"href":"https:\/\/enfoquenoticioso.com\/index.php?rest_route=%2Fwp%2Fv2%2Fcategories&post=3295"},{"taxonomy":"post_tag","embeddable":true,"href":"https:\/\/enfoquenoticioso.com\/index.php?rest_route=%2Fwp%2Fv2%2Ftags&post=3295"}],"curies":[{"name":"wp","href":"https:\/\/api.w.org\/{rel}","templated":true}]}}