{"id":3305,"date":"2024-05-22T22:45:36","date_gmt":"2024-05-22T22:45:36","guid":{"rendered":"https:\/\/enfoquenoticioso.com\/internacionales\/republica-dominicana-deja-sin-efecto-la-revocacion-de-las-operaciones-de-aerolineas-venezolanas\/"},"modified":"2024-05-22T22:45:36","modified_gmt":"2024-05-22T22:45:36","slug":"republica-dominicana-deja-sin-efecto-la-revocacion-de-las-operaciones-de-aerolineas-venezolanas","status":"publish","type":"post","link":"https:\/\/enfoquenoticioso.com\/?p=3305","title":{"rendered":"Rep\u00fablica Dominicana deja sin efecto la revocaci\u00f3n de las operaciones de aerol\u00edneas venezolanas"},"content":{"rendered":"<div id=\"post-529086\">\n<div class=\"entry-thumbnail\">\n<img width=\"768\" height=\"437\" src=\"https:\/\/i0.wp.com\/noticiasaldiayalahora.co\/wp-content\/uploads\/2017\/12\/laser-airlines-768x497.jpg?resize=768%2C437&amp;ssl=1\" class=\"attachment-content-single size-content-single wp-post-image\" alt=\"Laser\" decoding=\"async\" fetchpriority=\"high\" srcset=\"https:\/\/i0.wp.com\/noticiasaldiayalahora.co\/wp-content\/uploads\/2017\/12\/laser-airlines-768x497.jpg?resize=768%2C437&amp;ssl=1 768w, https:\/\/i0.wp.com\/noticiasaldiayalahora.co\/wp-content\/uploads\/2017\/12\/laser-airlines-768x497.jpg?resize=180%2C101&amp;ssl=1 180w, https:\/\/i0.wp.com\/noticiasaldiayalahora.co\/wp-content\/uploads\/2017\/12\/laser-airlines-768x497.jpg?resize=120%2C67&amp;ssl=1 120w\" sizes=\"(max-width: 768px) 100vw, 768px\"\/><\/div>\n<p class=\"entry-meta\">\n<span class=\"entry-meta-author vcard author\">Por: <a class=\"fn\" href=\"https:\/\/noticiasaldiayalahora.co\/author\/noticias\/\" target=\"_blank\" rel=\"noopener\">AL D\u00eda y a la Hora | @Notidiahora<\/a><\/span><br \/>\n<span class=\"entry-meta-date updated\">22 mayo, 2024<\/span>\n<\/p>\n<div class=\"entry-content clearfix\">\n<p>El presidente de la Junta de Aviaci\u00f3n Civil (JAC) de Rep\u00fablica Dominicana, Marte Piantini, inform\u00f3 que luego de conversar v\u00eda telef\u00f3nica con el ministro de Transporte de Venezuela, Ram\u00f3n Vel\u00e1squez Araguay\u00e1n, queda sin efecto la revocaci\u00f3n de las operaciones de las aerol\u00edneas de Venezuela acordada previamente para el 27 de mayo.<\/p>\n<p>Ambos acordaron la creaci\u00f3n de una mesa de trabajo para revisar las asignaciones de rutas y frecuencias, agreg\u00f3 Piantini.<\/p>\n<p>Agreg\u00f3 que las operaciones a\u00e9reas entre ambos pa\u00edses se mantendr\u00e1n en su normalidad y trabajar\u00e1n juntos para modernizar los acuerdos bilaterales en materia de aviaci\u00f3n en beneficio de las aerol\u00edneas.<\/p>\n<blockquote class=\"twitter-tweet\">\n<p dir=\"ltr\" lang=\"es\">(2\/2) Por ende, comunico que queda sin efecto la revocaci\u00f3n de las operaciones a\u00e9reas de las aerol\u00edneas de Venezuela, que estaba programada para el 27 de mayo del 2024, por lo que, las operaciones a\u00e9reas entre ambos pa\u00edses se mantienen en su normalidad.<\/p>\n<p>\u2014 Marte Piantini (@MartePiantini) <a href=\"https:\/\/twitter.com\/MartePiantini\/status\/1793352127789621671?ref_src=twsrc%5Etfw\" target=\"_blank\" rel=\"noopener\">May 22, 2024<\/a><\/p>\n<\/blockquote>\n<p>Previo a esta informaci\u00f3n, la JAC hab\u00eda anunciado el inicio de un periodo de reevaluaci\u00f3n del comportamiento de las l\u00edneas a\u00e9reas que operan en la isla, provenientes desde Venezuela, debido a una \u00abreevaluaci\u00f3n de las aerol\u00edneas, con la finalidad de garantizar la sostenibilidad de cada ruta\u00bb.<\/p>\n<p>\u00a0<\/p>\n<\/div>\n<\/div>\n<p><script async src=\"\/\/platform.twitter.com\/widgets.js\" charset=\"utf-8\"><\/script><br \/>\n<br \/><a href=\"https:\/\/noticiasaldiayalahora.co\/internacionales\/republica-dominicana-deja-sin-efecto-la-revocacion-de-las-operaciones-de-aerolineas-venezolanas\/\" class=\" target=\" title=\"Rep\u00fablica Dominicana deja sin efecto la revocaci\u00f3n de las operaciones de aerol\u00edneas venezolanas\" target=\"_blank\" rel=\"noopener\">Ver fuente<\/a><\/p>\n","protected":false},"excerpt":{"rendered":"<p>Por: AL D\u00eda y a la Hora | @Notidiahora 22 mayo, 2024 El presidente de la Junta de Aviaci\u00f3n Civil (JAC) de Rep\u00fablica Dominicana, Marte Piantini, inform\u00f3 que luego de conversar v\u00eda telef\u00f3nica con el ministro de Transporte de Venezuela, Ram\u00f3n Vel\u00e1squez Araguay\u00e1n, queda sin efecto la revocaci\u00f3n de las operaciones de las aerol\u00edneas de [&hellip;]<\/p>\n","protected":false},"author":2,"featured_media":3306,"comment_status":"open","ping_status":"closed","sticky":false,"template":"","format":"standard","meta":{"footnotes":""},"categories":[6],"tags":[],"class_list":["post-3305","post","type-post","status-publish","format-standard","has-post-thumbnail","hentry","category-internacionales"],"_links":{"self":[{"href":"https:\/\/enfoquenoticioso.com\/index.php?rest_route=\/wp\/v2\/posts\/3305","targetHints":{"allow":["GET"]}}],"collection":[{"href":"https:\/\/enfoquenoticioso.com\/index.php?rest_route=\/wp\/v2\/posts"}],"about":[{"href":"https:\/\/enfoquenoticioso.com\/index.php?rest_route=\/wp\/v2\/types\/post"}],"author":[{"embeddable":true,"href":"https:\/\/enfoquenoticioso.com\/index.php?rest_route=\/wp\/v2\/users\/2"}],"replies":[{"embeddable":true,"href":"https:\/\/enfoquenoticioso.com\/index.php?rest_route=%2Fwp%2Fv2%2Fcomments&post=3305"}],"version-history":[{"count":0,"href":"https:\/\/enfoquenoticioso.com\/index.php?rest_route=\/wp\/v2\/posts\/3305\/revisions"}],"wp:featuredmedia":[{"embeddable":true,"href":"https:\/\/enfoquenoticioso.com\/index.php?rest_route=\/wp\/v2\/media\/3306"}],"wp:attachment":[{"href":"https:\/\/enfoquenoticioso.com\/index.php?rest_route=%2Fwp%2Fv2%2Fmedia&parent=3305"}],"wp:term":[{"taxonomy":"category","embeddable":true,"href":"https:\/\/enfoquenoticioso.com\/index.php?rest_route=%2Fwp%2Fv2%2Fcategories&post=3305"},{"taxonomy":"post_tag","embeddable":true,"href":"https:\/\/enfoquenoticioso.com\/index.php?rest_route=%2Fwp%2Fv2%2Ftags&post=3305"}],"curies":[{"name":"wp","href":"https:\/\/api.w.org\/{rel}","templated":true}]}}