{"id":3317,"date":"2024-05-23T00:26:38","date_gmt":"2024-05-23T00:26:38","guid":{"rendered":"https:\/\/enfoquenoticioso.com\/deporte\/carlos-mendoza-pierde-a-raley-por-tommy-john\/"},"modified":"2024-05-23T00:26:38","modified_gmt":"2024-05-23T00:26:38","slug":"carlos-mendoza-pierde-a-raley-por-tommy-john","status":"publish","type":"post","link":"https:\/\/enfoquenoticioso.com\/?p=3317","title":{"rendered":"Carlos Mendoza pierde a Raley por Tommy John"},"content":{"rendered":"<div data-td-block-uid=\"tdi_91\">\n<div class=\"tdb-block-inner td-fix-index\">\n<p>El lanzador de los Mets de Nueva York, Brooks Raley, se perder\u00e1 lo que resta de temporada en las Grandes Ligas debido a que se tendr\u00e1 que someter a una cirug\u00eda Tommy John.<\/p>\n<p>La informaci\u00f3n la dio a conocer el manager de la franquicia estadounidense, el venezolano Carlos Mendoza, quien dio a conocer la baja luego de la derrota 7-6 ante los Guardianes de Cleveland.<\/p>\n<p>El relevista zurdo de 35 a\u00f1os ser\u00e1 operado la pr\u00f3xima semana y pone en una situaci\u00f3n bastante complicada su futuro con los Mets debido a que ser\u00e1 agente libre al finalizar la campa\u00f1a.\u00a0<\/p>\n<p><strong>Lee tambi\u00e9n: <a href=\"https:\/\/www.liderendeportes.com\/noticias\/venezolanos-mlb\/ezequiel-tovar-mostro-su-poder-con-dos-jonrones\/\" target=\"_blank\" rel=\"noopener\">Ezequiel Tovar mostr\u00f3 su poder con dos jonrones<\/a><\/strong><\/p>\n<p>\u201cEs desafortunado porque dio todo lo que ten\u00eda. Segu\u00eda sintiendo algo all\u00ed y ahora vamos a entrar y ver qu\u00e9 est\u00e1 pasando\u201d, expres\u00f3 Mendoza a SNY.<\/p>\n<p>Raley se uni\u00f3 a los Mets antes de la temporada 2023 procedente de los Rays de Tampa Bay y r\u00e1pidamente se convirti\u00f3 en un referente de la lomita para los neoyorquinos.\u00a0<\/p>\n<p>En la presente temporada manten\u00eda un r\u00e9cord de 1-0 con una efectividad de 0.00 en siete innings lanzados divididos en ocho partidos. Adem\u00e1s hab\u00eda ponchado a un total de nueve rivales.\u00a0<\/p>\n<p>Los Mets se ubican en la cuarta posici\u00f3n de la Divisi\u00f3n Este de la Liga Nacional con una marca de 21 victorias y 27 derrotas.\u00a0<\/p>\n<\/div>\n<\/div>\n<p><a href=\"https:\/\/www.liderendeportes.com\/noticias\/baseball\/baseball-grandes-ligas\/carlos-mendoza-pierde-a-raley-por-tommy-john\/\" class=\" target=\" title=\"Carlos Mendoza pierde a Raley por Tommy John\" target=\"_blank\" rel=\"noopener\">Ver fuente<\/a><\/p>\n","protected":false},"excerpt":{"rendered":"<p>El lanzador de los Mets de Nueva York, Brooks Raley, se perder\u00e1 lo que resta de temporada en las Grandes Ligas debido a que se tendr\u00e1 que someter a una cirug\u00eda Tommy John. La informaci\u00f3n la dio a conocer el manager de la franquicia estadounidense, el venezolano Carlos Mendoza, quien dio a conocer la baja [&hellip;]<\/p>\n","protected":false},"author":2,"featured_media":3318,"comment_status":"open","ping_status":"closed","sticky":false,"template":"","format":"standard","meta":{"footnotes":""},"categories":[7],"tags":[],"class_list":["post-3317","post","type-post","status-publish","format-standard","has-post-thumbnail","hentry","category-deporte"],"_links":{"self":[{"href":"https:\/\/enfoquenoticioso.com\/index.php?rest_route=\/wp\/v2\/posts\/3317","targetHints":{"allow":["GET"]}}],"collection":[{"href":"https:\/\/enfoquenoticioso.com\/index.php?rest_route=\/wp\/v2\/posts"}],"about":[{"href":"https:\/\/enfoquenoticioso.com\/index.php?rest_route=\/wp\/v2\/types\/post"}],"author":[{"embeddable":true,"href":"https:\/\/enfoquenoticioso.com\/index.php?rest_route=\/wp\/v2\/users\/2"}],"replies":[{"embeddable":true,"href":"https:\/\/enfoquenoticioso.com\/index.php?rest_route=%2Fwp%2Fv2%2Fcomments&post=3317"}],"version-history":[{"count":0,"href":"https:\/\/enfoquenoticioso.com\/index.php?rest_route=\/wp\/v2\/posts\/3317\/revisions"}],"wp:featuredmedia":[{"embeddable":true,"href":"https:\/\/enfoquenoticioso.com\/index.php?rest_route=\/wp\/v2\/media\/3318"}],"wp:attachment":[{"href":"https:\/\/enfoquenoticioso.com\/index.php?rest_route=%2Fwp%2Fv2%2Fmedia&parent=3317"}],"wp:term":[{"taxonomy":"category","embeddable":true,"href":"https:\/\/enfoquenoticioso.com\/index.php?rest_route=%2Fwp%2Fv2%2Fcategories&post=3317"},{"taxonomy":"post_tag","embeddable":true,"href":"https:\/\/enfoquenoticioso.com\/index.php?rest_route=%2Fwp%2Fv2%2Ftags&post=3317"}],"curies":[{"name":"wp","href":"https:\/\/api.w.org\/{rel}","templated":true}]}}