{"id":3319,"date":"2024-05-23T01:13:54","date_gmt":"2024-05-23T01:13:54","guid":{"rendered":"https:\/\/enfoquenoticioso.com\/tecnologia\/en-el-siglo-xx-la-langosta-fue-un-icono-de-las-rias-baixas-codiciado-en-las-cocinas-de-espana-hoy-esta-desaparecida\/"},"modified":"2024-05-23T01:13:54","modified_gmt":"2024-05-23T01:13:54","slug":"en-el-siglo-xx-la-langosta-fue-un-icono-de-las-rias-baixas-codiciado-en-las-cocinas-de-espana-hoy-esta-desaparecida","status":"publish","type":"post","link":"https:\/\/enfoquenoticioso.com\/?p=3319","title":{"rendered":"En el siglo XX la langosta fue un icono de las R\u00edas Baixas codiciado en las cocinas de Espa\u00f1a. Hoy est\u00e1 desaparecida"},"content":{"rendered":"<div>\n<p>En la segunda mitad de los <a rel=\"noopener, noreferrer\" href=\"https:\/\/www.farodevigo.es\/gran-vigo\/2015\/11\/26\/robert-stenuit-evoca-salvaje-mar-16757892.html\" target=\"_blank\">a\u00f1os 50<\/a> el cazatesoros y arque\u00f3logo belga <a rel=\"noopener, noreferrer\" href=\"https:\/\/en.wikipedia.org\/wiki\/Robert_St%C3%A9nuit\" target=\"_blank\">Robert St\u00e9nuit<\/a> se zambull\u00f3 en las aguas de la R\u00eda de Vigo para buscar un antiguo gale\u00f3n con tesoros hundido durante la <a rel=\"noopener, noreferrer\" href=\"https:\/\/es.wikipedia.org\/wiki\/Batalla_de_Rande\" target=\"_blank\">batalla de Rande<\/a>, el combate que \u2014con el tel\u00f3n de la Guerra de Sucesi\u00f3n Espa\u00f1ola\u2014 se libr\u00f3 en oto\u00f1o de 1702 en la ensenada de San Sim\u00f3n, al sur de Galicia. No encontr\u00f3 oro. Ni plata. Ni joyas. Pero St\u00e9nuit dio con algo mejor: una rica biodiversidad que le permiti\u00f3 a \u00e9l y sus colegas ver a diario enormes bogavantes y langostas en los alrededores de las Islas C\u00edes.<\/p>\n<p><!-- BREAK 1 --> <\/p>\n<p>Seis d\u00e9cadas despu\u00e9s las notas que dej\u00f3 St\u00e9nuit suenan a ciencia ficci\u00f3n. Y es as\u00ed por una raz\u00f3n sencilla: las langostas casi han desaparecido de esas aguas.<\/p>\n<p><!-- BREAK 2 --><\/p>\n<p><strong>Las R\u00edas Baixas, un vergel<\/strong>. La historia acaba de rescatarla en un breve documental <a rel=\"noopener, noreferrer\" href=\"https:\/\/www.linkedin.com\/in\/joseirisarri\/?originalSubdomain=es\" target=\"_blank\">Jos\u00e9 Irisarri<\/a>, un veterano y <a rel=\"noopener, noreferrer\" href=\"https:\/\/www.farodevigo.es\/gran-vigo\/2014\/11\/09\/documental-vigues-pesca-sostenible-primer-17072877.html\" target=\"_blank\">reconocido<\/a> documentalista submarino. En <a rel=\"noopener, noreferrer\" href=\"https:\/\/www.youtube.com\/watch?v=Iw38NjegwZk\" target=\"_blank\">la pieza<\/a>, de seis minutos y colgada en YouTube hace unos d\u00edas, el experto recuerda c\u00f3mo cuando el belga se sumergi\u00f3 en las R\u00edas Baixas \u2014m\u00e1s concretamente en el entorno de las Islas C\u00edes\u2014 se encontr\u00f3 con una rica biodiversidad de la que dej\u00f3 constancia tanto en sus notas como en fotograf\u00edas. Su prop\u00f3sito era buscar un gale\u00f3n hundido siglos antes, pero la fauna y flora lo cautivaron hasta el punto de coger papel y tinta para plasmar por escrito sus impresiones como buzo.<\/p>\n<p><!-- BREAK 3 --> <\/p>\n<p><strong>De la \u00abexuberancia\u00bb a la desaparici\u00f3n<\/strong>. \u00abNo hallaron ni oro ni plata, pero s\u00ed una biodiversidad exuberante bajo el mar\u00bb, recoge el documental. Entre esa fauna y flora hab\u00eda una especie particularmente interesante, sobre todo por su valor en el mercado: la <a rel=\"noopener, noreferrer\" href=\"https:\/\/deondesenon.xunta.gal\/es\/productos-de-la-marca\/que-productos-me-ofrece-la-marca\/crustaceos\/especie?id=543\" target=\"_blank\"><em>Palinurus elephas<\/em><\/a>, o langosta, de la que St\u00e9nuit habla en sus escritos. Hoy la situaci\u00f3n es bastante distinta. \u00abYo nac\u00ed el mismo a\u00f1o en que Robert y sus compa\u00f1eros buscaban el gale\u00f3n hundido y llevo toda mi vida intentando conseguir im\u00e1genes de langostas en las Islas C\u00edes\u00bb, <a rel=\"noopener, noreferrer\" href=\"https:\/\/www.youtube.com\/watch?v=Iw38NjegwZk\" target=\"_blank\">relata Irisarri<\/a>: \u00abHe buceado much\u00edsimas veces en los mismos arrecifes que ellos exploraron, pero nunca he visto una\u00bb.<\/p>\n<p><!-- BREAK 4 --><\/p>\n<div class=\"article-asset-video article-asset-normal\">\n<div class=\"asset-content\">\n<p>\n   <iframe loading=\"lazy\" title=\"Islas C\u00edes: biodiversidad amenazada.\" width=\"640\" height=\"360\" src=\"https:\/\/www.youtube.com\/embed\/Iw38NjegwZk?feature=oembed\" frameborder=\"0\" allow=\"accelerometer; autoplay; clipboard-write; encrypted-media; gyroscope; picture-in-picture; web-share\" referrerpolicy=\"strict-origin-when-cross-origin\" allowfullscreen><\/iframe>\n  <\/p>\n<\/p><\/div>\n<\/div>\n<p><strong>Herencia de la sobrepesca<\/strong>. El documental relata c\u00f3mo, hace no tanto, a lo largo de la costa gallega, desde <a rel=\"noopener, noreferrer\" href=\"https:\/\/es.wikipedia.org\/wiki\/Ribadeo\" target=\"_blank\">Ribadeo<\/a>, en el extremo nororiental de Galicia, hasta <a rel=\"noopener, noreferrer\" href=\"https:\/\/es.wikipedia.org\/wiki\/La_Guardia_(Pontevedra)\" target=\"_blank\">A Guarda<\/a>, casi ya en <a rel=\"noopener, noreferrer\" href=\"https:\/\/gl.wikipedia.org\/wiki\/A_Raia\" target=\"_blank\">la Raia<\/a>, navegaban decenas de barcos dedicados a la captura de langosta. Los crust\u00e1ceos se manten\u00edan luego con vida en cet\u00e1reas hasta su env\u00edo a otros puntos de Espa\u00f1a o incluso de Europa. Prueba de la intensa actividad que generaba es que algunos de estos viveros eran enormes, como <a rel=\"noopener, noreferrer\" href=\"https:\/\/www.rtve.es\/television\/20220108\/cetarea-antigua-espana-rinlo\/2239758.shtml\" target=\"_blank\">el de Rinlo<\/a>, donde cab\u00edan cerca de 20.000 kilos de crust\u00e1ceo, recuerda el documentalista. Fue ese enorme inter\u00e9s comercial el que acab\u00f3 condenando a las langostas de la zona.<\/p>\n<p><!-- BREAK 5 --><\/p>\n<p>\u00abFue totalmente esquilmada, v\u00edctima de la sobrepesca. En la d\u00e9cada de 1970 las capturas se redujeron a m\u00ednimos y su pesquer\u00eda colaps\u00f3. Por toda la costa gallega se encuentran instalaciones abandonadas, como la cet\u00e1rea redonda de A Guarda o la &#8216;casa das langostas&#8217; en C\u00edes, mudos testigos de una especie desaparecida\u00bb, <a rel=\"noopener, noreferrer\" href=\"https:\/\/www.youtube.com\/watch?v=Iw38NjegwZk\" target=\"_blank\">incide el documental<\/a>. La propia <a rel=\"noopener, noreferrer\" href=\"https:\/\/illasatlanticas.gal\/es\/el-parque\/cultura-e-historia-del-parque-nacional\/historia-y-patrimonio-de-las-islas-cies\" target=\"_blank\">presentaci\u00f3n<\/a> del Parque Nacional Illas Atl\u00e1nticas recuerda que, en las C\u00edes, el Lago se us\u00f3 como vivero de langostas.<\/p>\n<p><!-- BREAK 6 --> <\/p>\n<p><strong>Cifras para la reflexi\u00f3n<\/strong>. El documentalista aporta algunas cifras que ayudan a entender el declive de la especie. Se sabe que en 1775 los catalanes dispon\u00edan en la R\u00eda de Vigo m\u00e1s de mil nasas probablemente dedicadas a la langosta y a finales del XIX se origina en el norte de Espa\u00f1a una intensa pesquer\u00eda del crust\u00e1ceo.<\/p>\n<p><!-- BREAK 7 --><\/p>\n<p>\u00abEn esta \u00e9poca casi todas las nasas de Galicia y el Cant\u00e1brico eran de langosta. El n\u00famero estimado de nasas empleadas en el Cant\u00e1brico para la captura de langosta era de 10.870 de cuatro clases distintas\u00bb, <a rel=\"noopener, noreferrer\" href=\"https:\/\/galimar.es\/D\/post\/la-pesca-con-nasas-en-galicia-una-vision-historica\/\" target=\"_blank\">precisa<\/a> el estudio &#8216;La pesca con nasas en Galicia: una visi\u00f3n hist\u00f3rica&#8217;. Sus autores hablan de capturas anuales de decenas de toneladas y una actividad que empleaba a cerca de 2.000 pescadores.<\/p>\n<p><!-- BREAK 8 --><\/p>\n<div class=\"article-asset-image article-asset-normal article-asset-center\">\n<div class=\"asset-content\">\n<div class=\"caption-img \">\n                    <a rel=\"noopener, noreferrer\" href=\"https:\/\/x.com\/vozvigo\/status\/1792128334438060264\"><br \/>\n         <img class=\"centro_sinmarco\" height=\"465\" width=\"596\" loading=\"lazy\" decoding=\"async\" sizes=\"auto, 100vw\" fetchpriority=\"high\" srcset=\"https:\/\/i.blogs.es\/e293df\/captura-de-pantalla-2024-05-22-110339\/450_1000.jpeg 450w, https:\/\/i.blogs.es\/e293df\/captura-de-pantalla-2024-05-22-110339\/650_1200.jpeg 681w,https:\/\/i.blogs.es\/e293df\/captura-de-pantalla-2024-05-22-110339\/1024_2000.jpeg 1024w, https:\/\/i.blogs.es\/e293df\/captura-de-pantalla-2024-05-22-110339\/1366_2000.jpeg 1366w\" src=\"https:\/\/i.blogs.es\/e293df\/captura-de-pantalla-2024-05-22-110339\/450_1000.jpeg\" alt=\"Captura De Pantalla 2024 05 22 110339\"\/><br \/>\n    <img decoding=\"async\" alt=\"Captura De Pantalla 2024 05 22 110339\" class=\"centro_sinmarco\" src=\"https:\/\/i.blogs.es\/e293df\/captura-de-pantalla-2024-05-22-110339\/450_1000.jpeg\"\/><br \/>\n     <\/a><\/p>\n<p>        <span>Click en la imagen para ir al tweet.<\/span>\n   <\/div>\n<\/p><\/div>\n<\/div>\n<p><strong>Desembarcos masivos<\/strong>. Hacia mediados del siglo XX los desembarques de langosta a\u00fan eran \u00abimportantes\u00bb, precisa Irisarri, que habla de unos <a rel=\"noopener, noreferrer\" href=\"https:\/\/www.youtube.com\/watch?v=Iw38NjegwZk\" target=\"_blank\">4.000 kilos por barco<\/a> durante los tres meses de campa\u00f1a. Otra idea de la cantidad de langostas que hab\u00eda en aguas gallegas la deja Francisco P\u00e9rez, el antiguo responsable de la cofrad\u00eda de pescadores Santa Tecla, de A Guarda, quien recuerda que a finales de los 60 los pescadores locales a\u00fan capturaban <a rel=\"noopener, noreferrer\" href=\"https:\/\/www.youtube.com\/watch?v=Iw38NjegwZk\" target=\"_blank\">enormes cantidades<\/a> cada mes.<\/p>\n<p><!-- BREAK 9 --><\/p>\n<p><a rel=\"noopener, noreferrer\" href=\"https:\/\/www.lavozdegalicia.es\/noticia\/vigo\/2024\/05\/19\/rastro-langosta-icono-rias-baixas\/0003_202405V19C2991.htm\" target=\"_blank\"><em>La Voz de Galicia<\/em> habla<\/a> de lonjas en los que se descargaban entre 2.000 y 5.000 kilos semanales. Solo unos a\u00f1os despu\u00e9s, a mediados de los 70, la presencia de este crust\u00e1ceo en aguas del litoral gallego y luso se hab\u00eda reducido hasta tal extremo que los barcos de A Guarda se vieron obligados a desplazarse a Marruecos.<\/p>\n<p><!-- BREAK 10 --> <\/p>\n<p><strong>\u00abDesapareci\u00f3 de las C\u00edes en los a\u00f1os 80\u00bb<\/strong>. Aunque las C\u00edes son hoy un espacio protegido y forman parte del Parque Nacional Illas Atl\u00e1nticas, si St\u00e9nuit se sumergiese hoy en sus aguas probablemente se encontrar\u00eda con un panorama bien distinto al que disfrut\u00f3 en la d\u00e9cada de 1950. Por lo pronto, no lo tendr\u00eda tan f\u00e1cil para ver ejemplares de <em>Palinurus elephas<\/em>. \u00abLa langosta desapareci\u00f3 de las Islas C\u00edes a mediados de los a\u00f1os 80\u00bb, lamenta Irisarri. Esa deriva y el hecho de que se trate de una \u00abespecie simb\u00f3lica\u00bb deber\u00eda servir de alerta, <a rel=\"noopener, noreferrer\" href=\"https:\/\/www.youtube.com\/watch?v=Iw38NjegwZk\" target=\"_blank\">en opini\u00f3n de Irisarri<\/a>, sobre la enorme \u00abfragilidad de la biodiversidad\u00bb ante la sobrepesca.<\/p>\n<p><!-- BREAK 11 --><\/p>\n<p>Al fin y al cabo la <em>Palinurus elephas<\/em><strong> <\/strong>no es la \u00fanica especie que pasa por horas bajas. Hay estudios que alertan ya de la situaci\u00f3n de la cigala en Galicia. <a href=\"https:\/\/www.xataka.com\/ecologia-y-naturaleza\/espana-ama-muchisimo-a-cigalas-gallegas-que-ha-conducido-practicamente-a-extincion\" target=\"_blank\" rel=\"noopener\">Hace un a\u00f1o<\/a> os habl\u00e1bamos de hecho de uno del IEO-CSIC que conclu\u00eda que la poblaci\u00f3n del noroeste ib\u00e9rico se reduj\u00f3 <a href=\"https:\/\/www.xataka.com\/ecologia-y-naturaleza\/espana-ama-muchisimo-a-cigalas-gallegas-que-ha-conducido-practicamente-a-extincion\" target=\"_blank\" rel=\"noopener\">cerca de un 94%<\/a> en solo 26 a\u00f1os, entre 1983 y 2009. En el caso de la langosta hay se\u00f1ales preocupantes tambi\u00e9n, como recuerda<em> La Voz de Galicia<\/em>. En 2005 en A Guarda no se descargaron ni 500 kg de langosta, lejos de los vol\u00famenes de actividad de los a\u00f1os 60 que a\u00fan recuerdan sus veteranos.<\/p>\n<p><!-- BREAK 12 --><\/p>\n<p>Hoy las capturas, <a rel=\"noopener, noreferrer\" href=\"https:\/\/www.lavozdegalicia.es\/noticia\/vigo\/2024\/05\/19\/rastro-langosta-icono-rias-baixas\/0003_202405V19C2991.htm\" target=\"_blank\">explican al rotativo<\/a> gallego, responden casi a golpes de suerte. Los registros tambi\u00e9n se han desplomado en otras lonjas de las R\u00edas Baixas.<\/p>\n<p><!-- BREAK 13 --><\/p>\n<p><strong>\u00bfC\u00f3mo solucionarlo?<\/strong> El documental de Irisarri deja botando una propuesta, sugerida, asegura, por el propio St\u00e9nuit: crear un \u00e1rea marina protegida en la que puedan asentarse las larvas de otras zonas para desarrollarse hasta su edad adulta. A su favor, la idea tiene otros precedentes de \u00e9xito, como los logrados en las islas Columbretes, Medas o Cabo de Palos: \u00abSon buenas referencias que nos marcan el rumbo que deber\u00edamos seguir en las C\u00edes, tanto para recuperar las langostas como evitar que otras especies amenazadas sufran el mismo destino y desaparezcan\u00bb.<\/p>\n<p><!-- BREAK 14 --><\/p>\n<p>La <a rel=\"noopener, noreferrer\" href=\"https:\/\/www.bucearencolumbretes.es\/la-langosta-de-las-columbretes-la-reina-del-fondo-de-las-islas\/\" target=\"_blank\">reserva de Columbretes<\/a> se cre\u00f3 a comienzos de los 90 y apenas dos d\u00e9cadas despu\u00e9s, en 2010, su poblaci\u00f3n de langostas era ya unas 20 veces mayor que la registrada en aguas fuera de las \u00e1reas protegidas. Otra se\u00f1al esperanzadora es que, a pesar de que la zona blindada ocupa un espacio relativamente reducido, aporta la inmensa mayor\u00eda, <a rel=\"noopener, noreferrer\" href=\"https:\/\/www.youtube.com\/watch?v=Iw38NjegwZk\" target=\"_blank\">alrededor del 80%<\/a>, de las larvas registradas en el entorno.<\/p>\n<p><!-- BREAK 15 --> <\/p>\n<p>Im\u00e1genes | <a rel=\"noopener, noreferrer\" href=\"https:\/\/es.wikipedia.org\/wiki\/Archivo:Palinurus_elephas.001_-_Aquarium_Finisterrae.jpg\" target=\"_blank\">Wikipedia (Fernando Losada Rodr\u00edguez)<\/a><\/p>\n<p><!-- BREAK 16 --><\/p>\n<p>En Xataka | <a href=\"https:\/\/www.xataka.com\/magnet\/galicia-hay-pueblos-que-estan-peleando-invasiones-moscas-problema-que-nos-dicen-esas-infestaciones\" target=\"_blank\" rel=\"noopener\">\u00abEstamos ante una tormenta perfecta\u00bb: por qu\u00e9 hay pueblos de Galicia peleando con una invasi\u00f3n masiva de moscas<\/a><\/p>\n<p><!-- BREAK 17 --><\/p><\/div>\n<p><a href=\"https:\/\/www.xataka.com\/magnet\/siglo-xx-langosta-fue-icono-rias-baixas-marisco-codiciado-espana-hoy-esta-casi-desaparecida\" class=\" target=\" title=\"En el siglo XX la langosta fue un icono de las R\u00edas Baixas codiciado en las cocinas de Espa\u00f1a. Hoy est\u00e1 desaparecida\" target=\"_blank\" rel=\"noopener\">Ver fuente<\/a><\/p>\n","protected":false},"excerpt":{"rendered":"<p>En la segunda mitad de los a\u00f1os 50 el cazatesoros y arque\u00f3logo belga Robert St\u00e9nuit se zambull\u00f3 en las aguas de la R\u00eda de Vigo para buscar un antiguo gale\u00f3n con tesoros hundido durante la batalla de Rande, el combate que \u2014con el tel\u00f3n de la Guerra de Sucesi\u00f3n Espa\u00f1ola\u2014 se libr\u00f3 en oto\u00f1o de [&hellip;]<\/p>\n","protected":false},"author":2,"featured_media":3320,"comment_status":"open","ping_status":"closed","sticky":false,"template":"","format":"standard","meta":{"footnotes":""},"categories":[9],"tags":[],"class_list":["post-3319","post","type-post","status-publish","format-standard","has-post-thumbnail","hentry","category-tecnologia"],"_links":{"self":[{"href":"https:\/\/enfoquenoticioso.com\/index.php?rest_route=\/wp\/v2\/posts\/3319","targetHints":{"allow":["GET"]}}],"collection":[{"href":"https:\/\/enfoquenoticioso.com\/index.php?rest_route=\/wp\/v2\/posts"}],"about":[{"href":"https:\/\/enfoquenoticioso.com\/index.php?rest_route=\/wp\/v2\/types\/post"}],"author":[{"embeddable":true,"href":"https:\/\/enfoquenoticioso.com\/index.php?rest_route=\/wp\/v2\/users\/2"}],"replies":[{"embeddable":true,"href":"https:\/\/enfoquenoticioso.com\/index.php?rest_route=%2Fwp%2Fv2%2Fcomments&post=3319"}],"version-history":[{"count":0,"href":"https:\/\/enfoquenoticioso.com\/index.php?rest_route=\/wp\/v2\/posts\/3319\/revisions"}],"wp:featuredmedia":[{"embeddable":true,"href":"https:\/\/enfoquenoticioso.com\/index.php?rest_route=\/wp\/v2\/media\/3320"}],"wp:attachment":[{"href":"https:\/\/enfoquenoticioso.com\/index.php?rest_route=%2Fwp%2Fv2%2Fmedia&parent=3319"}],"wp:term":[{"taxonomy":"category","embeddable":true,"href":"https:\/\/enfoquenoticioso.com\/index.php?rest_route=%2Fwp%2Fv2%2Fcategories&post=3319"},{"taxonomy":"post_tag","embeddable":true,"href":"https:\/\/enfoquenoticioso.com\/index.php?rest_route=%2Fwp%2Fv2%2Ftags&post=3319"}],"curies":[{"name":"wp","href":"https:\/\/api.w.org\/{rel}","templated":true}]}}