{"id":33251,"date":"2024-11-16T00:47:02","date_gmt":"2024-11-16T00:47:02","guid":{"rendered":"https:\/\/enfoquenoticioso.com\/noticias\/carrera-21k-el-1-de-diciembre-a-beneficio-de-programas-educativos-para-ninos-de-caucaguita\/"},"modified":"2024-11-16T00:47:02","modified_gmt":"2024-11-16T00:47:02","slug":"carrera-21k-el-1-de-diciembre-a-beneficio-de-programas-educativos-para-ninos-de-caucaguita","status":"publish","type":"post","link":"https:\/\/enfoquenoticioso.com\/?p=33251","title":{"rendered":"Carrera 21K el 1\u00b0 de diciembre a beneficio de programas educativos para ni\u00f1os de Caucag\u00fcita"},"content":{"rendered":"<div>\n<p><b>Llega la 5ta edici\u00f3n del Reto Impronta\u00a0<\/b><\/p>\n<p><b>Corre el domingo 01 de diciembre 5K, 10K o 21K por una causa: m\u00e1s deporte y m\u00e1s educaci\u00f3n para los ni\u00f1os de Caucag\u00fcita, en el estado Miranda<\/b><\/p>\n<p>\u00a0<\/p>\n<p><span style=\"font-weight: 400;\">El primero de diciembre se correr\u00e1 en Caracas y por quinto a\u00f1o consecutivo el Reto Impronta, una carrera pro-fondos de los programas deportivos y educativos que desarrolla Fundaci\u00f3n Impronta en la parroquia Caucag\u00fcita, detr\u00e1s de Petare en el municipio Sucre del estado Miranda, y que benefician en forma directa a m\u00e1s de 1.500 ni\u00f1os y adolescentes que viven en condici\u00f3n vulnerable.<\/span><\/p>\n<p>\u00a0<\/p>\n<p><b>Alianza con la Media Hipereventos \u2013 JFSports\u00a0<\/b><\/p>\n<p><span style=\"font-weight: 400;\">Desde el a\u00f1o pasado y como parte de su acci\u00f3n social, Hipereventos ha acogido al Reto Impronta, fusionando esta carrera con su media marat\u00f3n y elevando la experiencia para los 400 corredores que espera la Fundaci\u00f3n Impronta este a\u00f1o. Ellos podr\u00e1n participar con la misma ruta certificada en <\/span><b>tres distancias: 5k, 10k y 21k<\/b><span style=\"font-weight: 400;\">, y contar\u00e1n con los mismos beneficios de la Media.<\/span><\/p>\n<p><a href=\"https:\/\/i0.wp.com\/noticiasaldiayalahora.co\/wp-content\/uploads\/2024\/11\/Reto-Impronta-Caracas_2-scaled.jpg?ssl=1\" target=\"_blank\" rel=\"noopener\"><img loading=\"lazy\" data-recalc-dims=\"1\" decoding=\"async\" class=\"alignnone size-large wp-image-542328\" src=\"https:\/\/i0.wp.com\/noticiasaldiayalahora.co\/wp-content\/uploads\/2024\/11\/Reto-Impronta-Caracas_2.jpg?resize=777%2C527&amp;ssl=1\" alt=\"\" width=\"777\" height=\"527\" srcset=\"https:\/\/i0.wp.com\/noticiasaldiayalahora.co\/wp-content\/uploads\/2024\/11\/Reto-Impronta-Caracas_2-scaled.jpg?resize=1024%2C694&amp;ssl=1 1024w, https:\/\/i0.wp.com\/noticiasaldiayalahora.co\/wp-content\/uploads\/2024\/11\/Reto-Impronta-Caracas_2-scaled.jpg?resize=300%2C203&amp;ssl=1 300w, https:\/\/i0.wp.com\/noticiasaldiayalahora.co\/wp-content\/uploads\/2024\/11\/Reto-Impronta-Caracas_2-scaled.jpg?resize=768%2C521&amp;ssl=1 768w, https:\/\/i0.wp.com\/noticiasaldiayalahora.co\/wp-content\/uploads\/2024\/11\/Reto-Impronta-Caracas_2-scaled.jpg?resize=1536%2C1042&amp;ssl=1 1536w, https:\/\/i0.wp.com\/noticiasaldiayalahora.co\/wp-content\/uploads\/2024\/11\/Reto-Impronta-Caracas_2-scaled.jpg?resize=2048%2C1389&amp;ssl=1 2048w, https:\/\/i0.wp.com\/noticiasaldiayalahora.co\/wp-content\/uploads\/2024\/11\/Reto-Impronta-Caracas_2-scaled.jpg?w=1280&amp;ssl=1 1280w\" sizes=\"auto, (max-width: 777px) 100vw, 777px\"\/><\/a><\/p>\n<p><span style=\"font-weight: 400;\">La carrera ser\u00e1 en Caracas el domingo 01 de diciembre, desde la Av. R\u00edo de Janeiro, en Las Mercedes. Las inscripciones est\u00e1n abiertas en <\/span><a href=\"http:\/\/www.hipereventos.com\" target=\"_blank\" rel=\"noopener\"><span style=\"font-weight: 400;\">www.hipereventos.com<\/span><\/a><span style=\"font-weight: 400;\">. Los tiempos ser\u00e1n v\u00e1lidos para el registro en el Marat\u00f3n CAF 2025 y los ganadores en 21k tendr\u00e1n acceso a los premios de Hipereventos-JFSport.\u00a0<\/span><\/p>\n<p>\u00a0<\/p>\n<p><b>Destino de la recaudaci\u00f3n<\/b><\/p>\n<p><span style=\"font-weight: 400;\">Desde el 2020, los fondos recaudados cada a\u00f1o a trav\u00e9s del Reto Impronta han dado viabilidad a la acci\u00f3n social de Fundaci\u00f3n Impronta en la parroquia Caucag\u00fcita. Han permitido la recuperaci\u00f3n de dos canchas deportivas, la dotaci\u00f3n de escuelas comunitarias y el financiamiento del Fondo de Becas Impronta, que acompa\u00f1a econ\u00f3micamente a estudiantes en sus carreras universitarias o t\u00e9cnicas.\u00a0<\/span><\/p>\n<p>\u00a0<\/p>\n<p><span style=\"font-weight: 400;\">En esta 5ta edici\u00f3n del Reto Impronta -y gracias a los patrocinadores y aliados: Acumuladores Duncan, Simple TV, Gama, Grupo Lockey, Tecni-ciencia Libros, Movilla, Hipereventos, JFSports y Gatorade- los fondos recaudados se destinar\u00e1n principalmente a <\/span><b>programas educativos que buscan mitigar el rezago escolar y fortalecer habilidades b\u00e1sicas como leer y escribir en ni\u00f1os entre 6 y 12 a\u00f1os, que viven en condici\u00f3n vulnerable a causa de la pobreza.<\/b><\/p>\n<p>\u00a0<\/p>\n<p><span style=\"font-weight: 400;\">El Reto Impronta naci\u00f3 en pandemia como un marat\u00f3n virtual que se corr\u00eda en equipos y en cualquier parte del mundo. Con el paso de los a\u00f1os y el fin del confinamiento, ha evolucionado a dos carreras 100% presenciales, en Caracas y el Doral, pero sin perder el v\u00ednculo con los venezolanos esparcidos por el planeta. En sus cuatro ediciones, 2.269 corredores se han movilizado con el Reto Impronta en 137 ciudades, en los 5 continentes.\u00a0\u00a0<\/span><\/p>\n<p><a href=\"https:\/\/i0.wp.com\/noticiasaldiayalahora.co\/wp-content\/uploads\/2024\/11\/Reto-Impronta-Caracas_1-scaled.jpeg?ssl=1\" target=\"_blank\" rel=\"noopener\"><img loading=\"lazy\" data-recalc-dims=\"1\" decoding=\"async\" class=\"alignnone size-large wp-image-542329\" src=\"https:\/\/i0.wp.com\/noticiasaldiayalahora.co\/wp-content\/uploads\/2024\/11\/Reto-Impronta-Caracas_1.jpeg?resize=777%2C517&amp;ssl=1\" alt=\"\" width=\"777\" height=\"517\" srcset=\"https:\/\/i0.wp.com\/noticiasaldiayalahora.co\/wp-content\/uploads\/2024\/11\/Reto-Impronta-Caracas_1-scaled.jpeg?resize=1024%2C682&amp;ssl=1 1024w, https:\/\/i0.wp.com\/noticiasaldiayalahora.co\/wp-content\/uploads\/2024\/11\/Reto-Impronta-Caracas_1-scaled.jpeg?resize=300%2C200&amp;ssl=1 300w, https:\/\/i0.wp.com\/noticiasaldiayalahora.co\/wp-content\/uploads\/2024\/11\/Reto-Impronta-Caracas_1-scaled.jpeg?resize=768%2C512&amp;ssl=1 768w, https:\/\/i0.wp.com\/noticiasaldiayalahora.co\/wp-content\/uploads\/2024\/11\/Reto-Impronta-Caracas_1-scaled.jpeg?resize=1536%2C1023&amp;ssl=1 1536w, https:\/\/i0.wp.com\/noticiasaldiayalahora.co\/wp-content\/uploads\/2024\/11\/Reto-Impronta-Caracas_1-scaled.jpeg?w=1280&amp;ssl=1 1280w\" sizes=\"auto, (max-width: 777px) 100vw, 777px\"\/><\/a><\/p>\n<p><b>Ellos tambi\u00e9n sudan la camiseta<\/b><\/p>\n<p><span style=\"font-weight: 400;\">En el marco del Reto Impronta se realizar\u00e1, el s\u00e1bado 23 de noviembre, la tradicional carrera 5K en la propia parroquia Caucag\u00fcita, con la participaci\u00f3n de los beneficiarios de los programas de la Fundaci\u00f3n, l\u00edderes comunitarios y voluntarios que se suman a la campa\u00f1a.\u00a0<\/span><\/p>\n<p><span style=\"font-weight: 400;\">Para conocer m\u00e1s de la labor de Fundaci\u00f3n Impronta, sumarse como voluntario o donante, visite <\/span><a href=\"http:\/\/www.impronta.org.ve\" target=\"_blank\" rel=\"noopener\"><span style=\"font-weight: 400;\">www.impronta.org.ve<\/span><\/a><span style=\"font-weight: 400;\"> o s\u00edgalos en sus redes sociales de Instagram y X @improntavzla<\/span><\/p>\n<\/p><\/div>\n<p><a href=\"https:\/\/noticiasaldiayalahora.co\/deportes\/carrera-21k-el-1-de-diciembre-a-beneficio-de-programas-educativos-para-ninos-de-caucaguita\/\" class=\" target=\" title=\"Carrera 21K el 1\u00b0 de diciembre a beneficio de programas educativos para ni\u00f1os de Caucag\u00fcita\" target=\"_blank\" rel=\"noopener\">Ver fuente<\/a><\/p>\n","protected":false},"excerpt":{"rendered":"<p>Llega la 5ta edici\u00f3n del Reto Impronta\u00a0 Corre el domingo 01 de diciembre 5K, 10K o 21K por una causa: m\u00e1s deporte y m\u00e1s educaci\u00f3n para los ni\u00f1os de Caucag\u00fcita, en el estado Miranda \u00a0 El primero de diciembre se correr\u00e1 en Caracas y por quinto a\u00f1o consecutivo el Reto Impronta, una carrera pro-fondos de [&hellip;]<\/p>\n","protected":false},"author":2,"featured_media":33252,"comment_status":"open","ping_status":"closed","sticky":false,"template":"","format":"standard","meta":{"footnotes":""},"categories":[1],"tags":[],"class_list":["post-33251","post","type-post","status-publish","format-standard","has-post-thumbnail","hentry","category-noticias"],"_links":{"self":[{"href":"https:\/\/enfoquenoticioso.com\/index.php?rest_route=\/wp\/v2\/posts\/33251","targetHints":{"allow":["GET"]}}],"collection":[{"href":"https:\/\/enfoquenoticioso.com\/index.php?rest_route=\/wp\/v2\/posts"}],"about":[{"href":"https:\/\/enfoquenoticioso.com\/index.php?rest_route=\/wp\/v2\/types\/post"}],"author":[{"embeddable":true,"href":"https:\/\/enfoquenoticioso.com\/index.php?rest_route=\/wp\/v2\/users\/2"}],"replies":[{"embeddable":true,"href":"https:\/\/enfoquenoticioso.com\/index.php?rest_route=%2Fwp%2Fv2%2Fcomments&post=33251"}],"version-history":[{"count":0,"href":"https:\/\/enfoquenoticioso.com\/index.php?rest_route=\/wp\/v2\/posts\/33251\/revisions"}],"wp:featuredmedia":[{"embeddable":true,"href":"https:\/\/enfoquenoticioso.com\/index.php?rest_route=\/wp\/v2\/media\/33252"}],"wp:attachment":[{"href":"https:\/\/enfoquenoticioso.com\/index.php?rest_route=%2Fwp%2Fv2%2Fmedia&parent=33251"}],"wp:term":[{"taxonomy":"category","embeddable":true,"href":"https:\/\/enfoquenoticioso.com\/index.php?rest_route=%2Fwp%2Fv2%2Fcategories&post=33251"},{"taxonomy":"post_tag","embeddable":true,"href":"https:\/\/enfoquenoticioso.com\/index.php?rest_route=%2Fwp%2Fv2%2Ftags&post=33251"}],"curies":[{"name":"wp","href":"https:\/\/api.w.org\/{rel}","templated":true}]}}