{"id":3348,"date":"2024-05-23T09:49:35","date_gmt":"2024-05-23T09:49:35","guid":{"rendered":"https:\/\/enfoquenoticioso.com\/deporte\/asi-vamos-ellos-seran-venezuela-en-paris-2024\/"},"modified":"2024-05-23T09:49:35","modified_gmt":"2024-05-23T09:49:35","slug":"asi-vamos-ellos-seran-venezuela-en-paris-2024","status":"publish","type":"post","link":"https:\/\/enfoquenoticioso.com\/?p=3348","title":{"rendered":"\u00a1As\u00ed vamos! Ellos ser\u00e1n Venezuela en Par\u00eds 2024"},"content":{"rendered":"<div data-td-block-uid=\"tdi_91\">\n<div class=\"tdb-block-inner td-fix-index\">\n<p>Cada vez falta menos para los Juegos Ol\u00edmpicos, Par\u00eds 2024. Miles de atletas de todas partes del mundo est\u00e1n en la recta final de la carrera por la clasificaci\u00f3n. Y muchos otros ya tienen el boleto asegurado, entre ellos 26 venezolanos.<\/p>\n<p>Aqu\u00ed est\u00e1 la lista completa es:<\/p>\n<p><strong>ATLETISMO<\/strong><\/p>\n<ul>\n<li>Joselyn Brea \u2013 5000 metros<\/li>\n<\/ul>\n<p><strong>NATACI\u00d3N <\/strong><\/p>\n<ul>\n<li>\u00a0Alberto Mestre \u2013 50 metros libres<\/li>\n<li>Alfonso Mestre \u2013 400 y 800 metros libres<\/li>\n<\/ul>\n<figure class=\"wp-block-image size-large\"><img decoding=\"async\" src=\"https:\/\/www.liderendeportes.com\/wp-content\/uploads\/2023\/07\/Alfonso-Mestre-1024x768.png\" alt=\"Alfonso Mestre\" class=\"wp-image-2199247 lazyload\"\/><img fetchpriority=\"high\" decoding=\"async\" width=\"696\" height=\"522\" src=\"https:\/\/i0.wp.com\/www.liderendeportes.com\/wp-content\/uploads\/2023\/07\/Alfonso-Mestre.png?resize=696%2C522&amp;ssl=1\" alt=\"Alfonso Mestre\" class=\"wp-image-2199247 lazyload\" srcset=\"https:\/\/i0.wp.com\/www.liderendeportes.com\/wp-content\/uploads\/2023\/07\/Alfonso-Mestre.png?resize=1024%2C768&amp;ssl=1 1024w, https:\/\/i0.wp.com\/www.liderendeportes.com\/wp-content\/uploads\/2023\/07\/Alfonso-Mestre.png?resize=300%2C225&amp;ssl=1 300w, https:\/\/i0.wp.com\/www.liderendeportes.com\/wp-content\/uploads\/2023\/07\/Alfonso-Mestre.png?resize=768%2C576&amp;ssl=1 768w, https:\/\/i0.wp.com\/www.liderendeportes.com\/wp-content\/uploads\/2023\/07\/Alfonso-Mestre.png?resize=696%2C522&amp;ssl=1 696w, https:\/\/i0.wp.com\/www.liderendeportes.com\/wp-content\/uploads\/2023\/07\/Alfonso-Mestre.png?resize=1068%2C801&amp;ssl=1 1068w, https:\/\/i0.wp.com\/www.liderendeportes.com\/wp-content\/uploads\/2023\/07\/Alfonso-Mestre.png?w=1200&amp;ssl=1 1200w\" sizes=\"(max-width: 696px) 100vw, 696px\" data-recalc-dims=\"1\"\/><figcaption class=\"wp-element-caption\">Alfonso Mestre. (Foto: COV)<\/figcaption><\/figure>\n<p><strong>TIRO DEPORTIVO <\/strong><\/p>\n<ul>\n<li> Douglas G\u00f3mez \u2013 Pistola r\u00e1pida 25 metros<\/li>\n<li> Leonel Mart\u00ednez \u2013 Trap<\/li>\n<\/ul>\n<p><strong>BOXEO<\/strong><\/p>\n<ul>\n<li>Omailyn Alcal\u00e1 \u2013 57 kg<\/li>\n<li>Jes\u00fas Cova \u2013 63.5 kg<\/li>\n<\/ul>\n<figure class=\"wp-block-image size-large\"><img decoding=\"async\" src=\"https:\/\/www.liderendeportes.com\/wp-content\/uploads\/2024\/03\/Jesus-Cova-1-1024x768.jpg\" alt=\"Jes\u00fas Cova (Foto: @indeporteve)\" class=\"wp-image-2230581 lazyload\"\/><img loading=\"lazy\" decoding=\"async\" width=\"696\" height=\"522\" src=\"https:\/\/i0.wp.com\/www.liderendeportes.com\/wp-content\/uploads\/2024\/03\/Jesus-Cova-1.jpg?resize=696%2C522&amp;ssl=1\" alt=\"Jes\u00fas Cova (Foto: @indeporteve)\" class=\"wp-image-2230581 lazyload\" srcset=\"https:\/\/i0.wp.com\/www.liderendeportes.com\/wp-content\/uploads\/2024\/03\/Jesus-Cova-1.jpg?resize=1024%2C768&amp;ssl=1 1024w, https:\/\/i0.wp.com\/www.liderendeportes.com\/wp-content\/uploads\/2024\/03\/Jesus-Cova-1.jpg?resize=300%2C225&amp;ssl=1 300w, https:\/\/i0.wp.com\/www.liderendeportes.com\/wp-content\/uploads\/2024\/03\/Jesus-Cova-1.jpg?resize=768%2C576&amp;ssl=1 768w, https:\/\/i0.wp.com\/www.liderendeportes.com\/wp-content\/uploads\/2024\/03\/Jesus-Cova-1.jpg?resize=696%2C522&amp;ssl=1 696w, https:\/\/i0.wp.com\/www.liderendeportes.com\/wp-content\/uploads\/2024\/03\/Jesus-Cova-1.jpg?resize=1068%2C801&amp;ssl=1 1068w, https:\/\/i0.wp.com\/www.liderendeportes.com\/wp-content\/uploads\/2024\/03\/Jesus-Cova-1.jpg?w=1200&amp;ssl=1 1200w\" sizes=\"auto, (max-width: 696px) 100vw, 696px\" data-recalc-dims=\"1\"\/><figcaption class=\"wp-element-caption\">Jes\u00fas Cova (Foto: @indeporteve)<\/figcaption><\/figure>\n<p><strong>ECUESTRE <\/strong><\/p>\n<ul>\n<li>Patricia Ferrando \u2013 Adiestramiento<\/li>\n<li>Luis Fernando Larraz\u00e1bal \u2013 Salto<\/li>\n<\/ul>\n<p><strong>LUCHA <\/strong><\/p>\n<ul>\n<li>Raiber Rodr\u00edguez \u2013 Grecorromana, 60 kg<\/li>\n<li>Betzabeth Arguello \u2013 Lucha libre, 53 kg<\/li>\n<li>Soleymi Caraballo \u2013 Lucha libre, 68 kg<\/li>\n<li>Anthony Montero \u2013 Lucha libre, 74 kg<\/li>\n<\/ul>\n<p><strong>ESGRIMA <\/strong><\/p>\n<ul>\n<li>Katherine Paredes \u2013 Sable<\/li>\n<li>Rub\u00e9n, Francisco y Jes\u00fas Limardo junto a Grabiel Lugo \u2013 Espada por equipos<\/li>\n<\/ul>\n<figure class=\"wp-block-image size-large\"><img decoding=\"async\" src=\"https:\/\/www.liderendeportes.com\/wp-content\/uploads\/2023\/07\/Equipo-de-espada-1024x768.jpg\" alt=\"\" class=\"wp-image-2200341 lazyload\"\/><img loading=\"lazy\" decoding=\"async\" width=\"696\" height=\"522\" src=\"https:\/\/i0.wp.com\/www.liderendeportes.com\/wp-content\/uploads\/2023\/07\/Equipo-de-espada-1024x768.jpg?resize=696%2C522&amp;ssl=1\" alt=\"\" class=\"wp-image-2200341 lazyload\" srcset=\"https:\/\/i0.wp.com\/www.liderendeportes.com\/wp-content\/uploads\/2023\/07\/Equipo-de-espada.jpg?resize=1024%2C768&amp;ssl=1 1024w, https:\/\/i0.wp.com\/www.liderendeportes.com\/wp-content\/uploads\/2023\/07\/Equipo-de-espada.jpg?resize=300%2C225&amp;ssl=1 300w, https:\/\/i0.wp.com\/www.liderendeportes.com\/wp-content\/uploads\/2023\/07\/Equipo-de-espada.jpg?resize=768%2C576&amp;ssl=1 768w, https:\/\/i0.wp.com\/www.liderendeportes.com\/wp-content\/uploads\/2023\/07\/Equipo-de-espada.jpg?resize=696%2C522&amp;ssl=1 696w, https:\/\/i0.wp.com\/www.liderendeportes.com\/wp-content\/uploads\/2023\/07\/Equipo-de-espada.jpg?resize=1068%2C801&amp;ssl=1 1068w, https:\/\/i0.wp.com\/www.liderendeportes.com\/wp-content\/uploads\/2023\/07\/Equipo-de-espada.jpg?w=1200&amp;ssl=1 1200w\" sizes=\"auto, (max-width: 696px) 100vw, 696px\" data-recalc-dims=\"1\"\/><figcaption class=\"wp-element-caption\">Equipo de espada (Foto: Archivo)<\/figcaption><\/figure>\n<p><strong>LEVANTAMIENTO DE PESAS <\/strong><\/p>\n<ul>\n<li>Katherin Echandia, 49 kg<\/li>\n<li>Anyelin Venegas, 59 kg<\/li>\n<li>Julio Mayora, 73 kg<\/li>\n<li>Keydomar Vallenilla, 89 kg<\/li>\n<li>Naryury P\u00e9rez, +87 kg<\/li>\n<\/ul>\n<div id=\"ez-toc-container\" class=\"ez-toc-v2_0_81 counter-hierarchy ez-toc-counter ez-toc-grey ez-toc-container-direction\">\n<div class=\"ez-toc-title-container\">\n<p class=\"ez-toc-title\" style=\"cursor:inherit\">Tabla de Contenido<\/p>\n<span class=\"ez-toc-title-toggle\"><a href=\"#\" class=\"ez-toc-pull-right ez-toc-btn ez-toc-btn-xs ez-toc-btn-default ez-toc-toggle\" aria-label=\"Alternar tabla de contenidos\"><span class=\"ez-toc-js-icon-con\"><span class=\"\"><span class=\"eztoc-hide\" style=\"display:none;\">Toggle<\/span><span class=\"ez-toc-icon-toggle-span\"><svg style=\"fill: #999;color:#999\" xmlns=\"http:\/\/www.w3.org\/2000\/svg\" class=\"list-377408\" width=\"20px\" height=\"20px\" viewBox=\"0 0 24 24\" fill=\"none\"><path d=\"M6 6H4v2h2V6zm14 0H8v2h12V6zM4 11h2v2H4v-2zm16 0H8v2h12v-2zM4 16h2v2H4v-2zm16 0H8v2h12v-2z\" fill=\"currentColor\"><\/path><\/svg><svg style=\"fill: #999;color:#999\" class=\"arrow-unsorted-368013\" xmlns=\"http:\/\/www.w3.org\/2000\/svg\" width=\"10px\" height=\"10px\" viewBox=\"0 0 24 24\" version=\"1.2\" baseProfile=\"tiny\"><path d=\"M18.2 9.3l-6.2-6.3-6.2 6.3c-.2.2-.3.4-.3.7s.1.5.3.7c.2.2.4.3.7.3h11c.3 0 .5-.1.7-.3.2-.2.3-.5.3-.7s-.1-.5-.3-.7zM5.8 14.7l6.2 6.3 6.2-6.3c.2-.2.3-.5.3-.7s-.1-.5-.3-.7c-.2-.2-.4-.3-.7-.3h-11c-.3 0-.5.1-.7.3-.2.2-.3.5-.3.7s.1.5.3.7z\"\/><\/svg><\/span><\/span><\/span><\/a><\/span><\/div>\n<nav><ul class='ez-toc-list ez-toc-list-level-1 ' ><li class='ez-toc-page-1 ez-toc-heading-level-2'><a class=\"ez-toc-link ez-toc-heading-1\" href=\"https:\/\/enfoquenoticioso.com\/?p=3348\/#TAEKWONDO\" >TAEKWONDO<\/a><ul class='ez-toc-list-level-3' ><li class='ez-toc-heading-level-3'><a class=\"ez-toc-link ez-toc-heading-2\" href=\"https:\/\/enfoquenoticioso.com\/?p=3348\/#SIN_YULIMAR\" >SIN YULIMAR<\/a><\/li><\/ul><\/li><\/ul><\/nav><\/div>\n<h2 class=\"wp-block-heading\"><span class=\"ez-toc-section\" id=\"TAEKWONDO\"><\/span><span id=\"docs-internal-guid-59c2ed31-7fff-3d2a-398a-3c5eab69f3f1\"><span style=\"font-size: 11pt; font-family: Arial, sans-serif; background-color: transparent; font-variant-numeric: normal; font-variant-east-asian: normal; font-variant-alternates: normal; font-variant-position: normal; vertical-align: baseline;\"><strong>TAEKWONDO<\/strong><\/span><\/span><span class=\"ez-toc-section-end\"><\/span><\/h2>\n<ul>\n<li>\u00a0Yohandri Granado, -58 kilogramos<\/li>\n<\/ul>\n<h3 class=\"wp-block-heading\"><span class=\"ez-toc-section\" id=\"SIN_YULIMAR\"><\/span><strong>SIN YULIMAR <\/strong><span class=\"ez-toc-section-end\"><\/span><\/h3>\n<p>La campeona ol\u00edmpica de Tokio 2020, subcampeona de R\u00edo 2016 y siete veces campeona del mundo, Yulimar Rojas, fue la primera criolla en clasificar a la m\u00e1xima cita. Pero una lesi\u00f3n en el tend\u00f3n de Aquiles puso fin a sus aspiraciones.<\/p>\n<\/div>\n<\/div>\n<p><a href=\"https:\/\/www.liderendeportes.com\/noticias\/mas-deportes\/asi-vamos-ellos-seran-venezuela-en-paris-2024\/\" class=\" target=\" title=\"\u00a1As\u00ed vamos! Ellos ser\u00e1n Venezuela en Par\u00eds 2024\" target=\"_blank\" rel=\"noopener\">Ver fuente<\/a><\/p>\n","protected":false},"excerpt":{"rendered":"<p>Cada vez falta menos para los Juegos Ol\u00edmpicos, Par\u00eds 2024. Miles de atletas de todas partes del mundo est\u00e1n en la recta final de la carrera por la clasificaci\u00f3n. Y muchos otros ya tienen el boleto asegurado, entre ellos 26 venezolanos. Aqu\u00ed est\u00e1 la lista completa es: ATLETISMO Joselyn Brea \u2013 5000 metros NATACI\u00d3N \u00a0Alberto [&hellip;]<\/p>\n","protected":false},"author":2,"featured_media":3349,"comment_status":"open","ping_status":"closed","sticky":false,"template":"","format":"standard","meta":{"footnotes":""},"categories":[7],"tags":[],"class_list":["post-3348","post","type-post","status-publish","format-standard","has-post-thumbnail","hentry","category-deporte"],"_links":{"self":[{"href":"https:\/\/enfoquenoticioso.com\/index.php?rest_route=\/wp\/v2\/posts\/3348","targetHints":{"allow":["GET"]}}],"collection":[{"href":"https:\/\/enfoquenoticioso.com\/index.php?rest_route=\/wp\/v2\/posts"}],"about":[{"href":"https:\/\/enfoquenoticioso.com\/index.php?rest_route=\/wp\/v2\/types\/post"}],"author":[{"embeddable":true,"href":"https:\/\/enfoquenoticioso.com\/index.php?rest_route=\/wp\/v2\/users\/2"}],"replies":[{"embeddable":true,"href":"https:\/\/enfoquenoticioso.com\/index.php?rest_route=%2Fwp%2Fv2%2Fcomments&post=3348"}],"version-history":[{"count":0,"href":"https:\/\/enfoquenoticioso.com\/index.php?rest_route=\/wp\/v2\/posts\/3348\/revisions"}],"wp:featuredmedia":[{"embeddable":true,"href":"https:\/\/enfoquenoticioso.com\/index.php?rest_route=\/wp\/v2\/media\/3349"}],"wp:attachment":[{"href":"https:\/\/enfoquenoticioso.com\/index.php?rest_route=%2Fwp%2Fv2%2Fmedia&parent=3348"}],"wp:term":[{"taxonomy":"category","embeddable":true,"href":"https:\/\/enfoquenoticioso.com\/index.php?rest_route=%2Fwp%2Fv2%2Fcategories&post=3348"},{"taxonomy":"post_tag","embeddable":true,"href":"https:\/\/enfoquenoticioso.com\/index.php?rest_route=%2Fwp%2Fv2%2Ftags&post=3348"}],"curies":[{"name":"wp","href":"https:\/\/api.w.org\/{rel}","templated":true}]}}