{"id":3406,"date":"2024-05-24T01:32:30","date_gmt":"2024-05-24T01:32:30","guid":{"rendered":"https:\/\/enfoquenoticioso.com\/tecnologia\/xiaomi-poco-f6-pro-opiniones-tras-la-primera-toma-de-contacto-con-fotos\/"},"modified":"2024-05-24T01:32:30","modified_gmt":"2024-05-24T01:32:30","slug":"xiaomi-poco-f6-pro-opiniones-tras-la-primera-toma-de-contacto-con-fotos","status":"publish","type":"post","link":"https:\/\/enfoquenoticioso.com\/?p=3406","title":{"rendered":"Xiaomi POCO F6 Pro, opiniones tras la primera toma de contacto con fotos"},"content":{"rendered":"<div>\n<p>La de los POCO es una dinast\u00eda de tel\u00e9fonos con buena relaci\u00f3n calidad precio. Si adem\u00e1s le a\u00f1adimos los apellidos &#8216;F&#8217; y &#8216;Pro&#8217; el list\u00f3n se va a lo m\u00e1s alto. A los hechos nos remitimos: si el anterior <a href=\"https:\/\/www.xataka.com\/analisis\/poco-f5-pro-analisis-caracteristicas-precio-especificaciones\" target=\"_blank\" rel=\"noopener\">POCO F5 Pro<\/a> ofrec\u00eda la experiencia de un m\u00f3vil de gama alta a precio de gama media, <strong>este POCO F6 Pro sube de nivel.<\/strong><\/p>\n<p><!-- BREAK 1 --> <\/p>\n<p>Porque ojo, si su antecesor ya brillaba en los apartados de<strong> <\/strong>pantalla, rendimiento y autonom\u00eda, te adelanto desde ya que en los pocos d\u00edas que llevo probando este POCO F6 Pro, <strong>mantiene su esencia y pule algunas debilidades<\/strong>. As\u00ed, la llegada HyperOS le ha sentado de cine y tiene un dise\u00f1o m\u00e1s premium que nunca.<\/p>\n<p><!-- BREAK 2 --><\/p>\n<p>Si buscas potencia a raudales y una ficha t\u00e9cnica de impresi\u00f3n y tu presupuesto te aboca a la gama media, estas primeras pinceladas del POCO F6 Pro apuntan a ser <strong>un candidato dif\u00edcil de mejorar<\/strong>.<\/p>\n<p><!-- BREAK 3 --> <\/p>\n<div id=\"ez-toc-container\" class=\"ez-toc-v2_0_81 counter-hierarchy ez-toc-counter ez-toc-grey ez-toc-container-direction\">\n<div class=\"ez-toc-title-container\">\n<p class=\"ez-toc-title\" style=\"cursor:inherit\">Tabla de Contenido<\/p>\n<span class=\"ez-toc-title-toggle\"><a href=\"#\" class=\"ez-toc-pull-right ez-toc-btn ez-toc-btn-xs ez-toc-btn-default ez-toc-toggle\" aria-label=\"Alternar tabla de contenidos\"><span class=\"ez-toc-js-icon-con\"><span class=\"\"><span class=\"eztoc-hide\" style=\"display:none;\">Toggle<\/span><span class=\"ez-toc-icon-toggle-span\"><svg style=\"fill: #999;color:#999\" xmlns=\"http:\/\/www.w3.org\/2000\/svg\" class=\"list-377408\" width=\"20px\" height=\"20px\" viewBox=\"0 0 24 24\" fill=\"none\"><path d=\"M6 6H4v2h2V6zm14 0H8v2h12V6zM4 11h2v2H4v-2zm16 0H8v2h12v-2zM4 16h2v2H4v-2zm16 0H8v2h12v-2z\" fill=\"currentColor\"><\/path><\/svg><svg style=\"fill: #999;color:#999\" class=\"arrow-unsorted-368013\" xmlns=\"http:\/\/www.w3.org\/2000\/svg\" width=\"10px\" height=\"10px\" viewBox=\"0 0 24 24\" version=\"1.2\" baseProfile=\"tiny\"><path d=\"M18.2 9.3l-6.2-6.3-6.2 6.3c-.2.2-.3.4-.3.7s.1.5.3.7c.2.2.4.3.7.3h11c.3 0 .5-.1.7-.3.2-.2.3-.5.3-.7s-.1-.5-.3-.7zM5.8 14.7l6.2 6.3 6.2-6.3c.2-.2.3-.5.3-.7s-.1-.5-.3-.7c-.2-.2-.4-.3-.7-.3h-11c-.3 0-.5.1-.7.3-.2.2-.3.5-.3.7s.1.5.3.7z\"\/><\/svg><\/span><\/span><\/span><\/a><\/span><\/div>\n<nav><ul class='ez-toc-list ez-toc-list-level-1 ' ><li class='ez-toc-page-1 ez-toc-heading-level-2'><a class=\"ez-toc-link ez-toc-heading-1\" href=\"https:\/\/enfoquenoticioso.com\/?p=3406\/#Ficha_tecnica_del_POCO_F6_Pro\" >Ficha t\u00e9cnica del POCO F6 Pro<\/a><\/li><li class='ez-toc-page-1 ez-toc-heading-level-2'><a class=\"ez-toc-link ez-toc-heading-2\" href=\"https:\/\/enfoquenoticioso.com\/?p=3406\/#Diseno_y_pantalla_en_busca_del_sobresaliente\" >Dise\u00f1o y pantalla: en busca del sobresaliente<\/a><\/li><li class='ez-toc-page-1 ez-toc-heading-level-2'><a class=\"ez-toc-link ez-toc-heading-3\" href=\"https:\/\/enfoquenoticioso.com\/?p=3406\/#Rendimiento_y_autonomia_a_nivel_superlativo\" >Rendimiento y autonom\u00eda: a nivel superlativo<\/a><\/li><li class='ez-toc-page-1 ez-toc-heading-level-2'><a class=\"ez-toc-link ez-toc-heading-4\" href=\"https:\/\/enfoquenoticioso.com\/?p=3406\/#Fotografia_tiene_tres_lentes_probablemente_solo_uses_dos\" >Fotograf\u00eda: tiene tres lentes, probablemente solo uses dos<\/a><\/li><li class='ez-toc-page-1 ez-toc-heading-level-2'><a class=\"ez-toc-link ez-toc-heading-5\" href=\"https:\/\/enfoquenoticioso.com\/?p=3406\/#Xiaomi_POCO_F6_Pro_tan_potente_por_dentro_como_bonito_por_fuera\" >Xiaomi POCO F6 Pro, tan potente por dentro como bonito por fuera<\/a><\/li><li class='ez-toc-page-1 ez-toc-heading-level-2'><a class=\"ez-toc-link ez-toc-heading-6\" href=\"https:\/\/enfoquenoticioso.com\/?p=3406\/#Bonus_En_que_se_diferencian_el_POCO_F6_y_el_POCO_F6_Pro\" >Bonus: En qu\u00e9 se diferencian el POCO F6 y el POCO F6 Pro<\/a><\/li><\/ul><\/nav><\/div>\n<h2 id=\"ficha-tecnica-poco-f6-pro-1\" class=\"toc-enabled\"><span class=\"ez-toc-section\" id=\"Ficha_tecnica_del_POCO_F6_Pro\"><\/span><span class=\"toc-shortcut-icon\" title=\"Ver \u00cdndice de contenido\"\/>Ficha t\u00e9cnica del POCO F6 Pro<span class=\"ez-toc-section-end\"><\/span><\/h2>\n<div class=\"article-asset-table article-asset-normal\">\n<div class=\"asset-content\">\n<table class=\"tabla-datos\">\n<thead>\n<tr>\n<th class=\"align-left\">\n<\/th>\n<th class=\"align-left\">\n<p>POCO F6 PRo<\/p>\n<\/th>\n<\/tr>\n<\/thead>\n<tbody>\n<tr>\n<th class=\"align-left\">\n<p>Dimensiones y peso<\/p>\n<\/th>\n<td class=\"align-left\">\n<p>160,86 x 74,95 x 8,21 mm<\/p>\n<p>209 g<\/p>\n<\/td>\n<\/tr>\n<tr>\n<th class=\"align-left\">\n<p>Pantalla<\/p>\n<\/th>\n<td class=\"align-left\">\n<p>6,67&#8243; Flow AMOLED WQHD+ con Dolby Vision y HDR10+<\/p>\n<p>3.200 x 1.440 px (2K)<\/p>\n<p>120 Hz<\/p>\n<p>Hasta 4.000 nits (pico)<\/p>\n<p>3.840 Hz PWM dimming<\/p>\n<p>DCI-P3 wide color gamut<\/p>\n<\/td>\n<\/tr>\n<tr>\n<th class=\"align-left\">\n<p>Procesador<\/p>\n<\/th>\n<td class=\"align-left\">\n<p>Snapdragon 8 Gen 2<\/p>\n<\/td>\n<\/tr>\n<tr>\n<th class=\"align-left\">\n<p>Memoria<\/p>\n<\/th>\n<td class=\"align-left\">\n<p>12\/ 16 GB<\/p>\n<\/td>\n<\/tr>\n<tr>\n<th class=\"align-left\">\n<p>Almacenamiento<\/p>\n<\/th>\n<td class=\"align-left\">\n<p>256 GB \/ 512 GB \/ 1TB<\/p>\n<p>UFS 4.0<\/p>\n<\/td>\n<\/tr>\n<tr>\n<th class=\"align-left\">\n<p>bater\u00eda<\/p>\n<\/th>\n<td class=\"align-left\">\n<p>5.000 mAh<\/p>\n<p>Carga r\u00e1pida a 120W (cargador incluido)<\/p>\n<\/td>\n<\/tr>\n<tr>\n<th class=\"align-left\">\n<p>C\u00e1maras traseras<\/p>\n<\/th>\n<td class=\"align-left\">\n<p>Principal: 50MP, \u00a0f\/1.6, OIS<\/p>\n<p>Macro: 2MP, f\/2.4<\/p>\n<p>Gran angular: 8 MP, f\/2.2<\/p>\n<p>Modo R\u00e1faga 2.0<\/p>\n<\/td>\n<\/tr>\n<tr>\n<th class=\"align-left\">\n<p>C\u00e1mara frontal<\/p>\n<\/th>\n<td class=\"align-left\">\n<p>16 MP<\/p>\n<\/td>\n<\/tr>\n<tr>\n<th class=\"align-left\">\n<p>SIstema operativo<\/p>\n<\/th>\n<td class=\"align-left\">\n<p>HyperOS basado en Android 14<\/p>\n<\/td>\n<\/tr>\n<tr>\n<th class=\"align-left\">\n<p>Sonido<\/p>\n<\/th>\n<td class=\"align-left\">\n<p>Altavoces duales est\u00e9rep<\/p>\n<\/td>\n<\/tr>\n<tr>\n<th class=\"align-left\">\n<p>Conectividad<\/p>\n<\/th>\n<td class=\"align-left\">\n<p>Wi-Fi 7<br \/>Bluetooth 5.3<br \/>GPS, GLONASS, Galileo, QZSS, Beidou<br \/>NFC<br \/>Infrarrojos<br \/>USB Type-C 2.0<\/p>\n<\/td>\n<\/tr>\n<tr>\n<th class=\"align-left\">\n<p>OTROS<\/p>\n<\/th>\n<td class=\"align-left\">\n<p>Sensor de huellas integrado en pantalla<\/p>\n<\/td>\n<\/tr>\n<tr>\n<th class=\"align-left\">\n<p>precio<\/p>\n<\/th>\n<td class=\"align-left\">\n<p>desde 499,99 euros (promoci\u00f3n lanzamiento. Despu\u00e9s 579,99 euros)<\/p>\n<\/td>\n<\/tr>\n<\/tbody>\n<\/table><\/div>\n<\/div>\n<div class=\"hook js-hook m-hook-redesign\">\n<div class=\"hook-content-container\">\n<div class=\"hook-content\">\n<div class=\"hook-content-img-container js-hook-content-img-container\">\n    <a rel=\"nofollow, noopener, noreferrer\" href=\"https:\/\/bit.ly\/44gXfjO\" target=\"_blank\"><\/p>\n<div class=\"article-asset-image article-asset-small\">\n<div class=\"asset-content\">\n                 <img loading=\"lazy\" decoding=\"async\" class=\"sf-lazy centro_sinmarco\" width=\"130\" height=\"130\" src=\"data:image\/gif;base64,R0lGODlhAQABAIAAAAAAAP\/\/\/yH5BAEAAAAALAAAAAABAAEAAAIBRAA7\" data-sf-srcset=\"https:\/\/i.blogs.es\/fa6e8f\/producto_backmarket\/450_1000.jpeg 450w, https:\/\/i.blogs.es\/fa6e8f\/producto_backmarket\/650_1200.jpeg 681w,https:\/\/i.blogs.es\/fa6e8f\/producto_backmarket\/1024_2000.jpeg 1024w, https:\/\/i.blogs.es\/fa6e8f\/producto_backmarket\/1366_2000.jpeg 1366w\" data-sf-src=\"https:\/\/i.blogs.es\/fa6e8f\/producto_backmarket\/450_1000.jpeg\" alt=\"Back Market\"\/><br \/>\n   <img decoding=\"async\" alt=\"Back Market\" class=\"centro_sinmarco\" src=\"https:\/\/i.blogs.es\/fa6e8f\/producto_backmarket\/450_1000.jpeg\"\/><\/p><\/div>\n<\/p><\/div>\n<p>    <\/a>\n   <\/div>\n<div>\n<p>Tablets, m\u00f3viles, videoconsolas, port\u00e1tiles&#8230; En Back Market, el marketplace l\u00edder en<strong> tecnolog\u00eda reacondicionada<\/strong>, encontrar\u00e1s todo tipo de dispositivos con un <strong>descuento de hasta el 60%<\/strong>. Todo renovado por expertos, con<strong> 30 d\u00edas de prueba \u00a0y 2 a\u00f1os de garant\u00eda<\/strong>.<\/p>\n<\/p><\/div>\n<\/p><\/div>\n<p>  <span class=\"hook-disclaimer\">Consejo ofrecido por la marca<\/span>\n <\/div>\n<\/div>\n<h2 id=\"-2\" class=\"toc-enabled\"><span class=\"toc-shortcut-icon\" title=\"Ver \u00cdndice de contenido\"\/><br \/><\/h2>\n<h2 id=\"diseno-pantalla-busca-sobresaliente-3\" class=\"toc-enabled\"><span class=\"ez-toc-section\" id=\"Diseno_y_pantalla_en_busca_del_sobresaliente\"><\/span><span class=\"toc-shortcut-icon\" title=\"Ver \u00cdndice de contenido\"\/>Dise\u00f1o y pantalla: en busca del sobresaliente<span class=\"ez-toc-section-end\"><\/span><\/h2>\n<div class=\"article-asset-image article-asset-large article-asset-center\">\n<div class=\"asset-content\">\n                   <img class=\"\" height=\"2723\" width=\"3654\" loading=\"lazy\" decoding=\"async\" sizes=\"auto, 100vw\" fetchpriority=\"high\" srcset=\"https:\/\/i.blogs.es\/ea6a06\/img_6675\/450_1000.jpeg 450w, https:\/\/i.blogs.es\/ea6a06\/img_6675\/650_1200.jpeg 681w,https:\/\/i.blogs.es\/ea6a06\/img_6675\/1024_2000.jpeg 1024w, https:\/\/i.blogs.es\/ea6a06\/img_6675\/1366_2000.jpeg 1366w\" src=\"https:\/\/i.blogs.es\/ea6a06\/img_6675\/450_1000.jpeg\" alt=\"Img 6675\"\/><br \/>\n   <img decoding=\"async\" alt=\"Img 6675\" class=\"\" src=\"https:\/\/i.blogs.es\/ea6a06\/img_6675\/450_1000.jpeg\"\/><\/p><\/div>\n<\/div>\n<p>Este POCO F6 Pro es lo mejor de la casa y eso se nota nada m\u00e1s sacarlo de la caja: <strong>grita premium por los cuatro costados<\/strong>. Tiene un elegante marco met\u00e1lico bastante plano y la trasera del que nos ha tocado probar es de un blanco hielo con estr\u00edas nacaradas que recuerdan a una encimera de Silestone. De hecho, la combinaci\u00f3n de cuatro protuberancias (las tres lentes y el flash) circulares id\u00e9nticas dispuestas dos a dos y ese acabado recuerdan, salvando las distancias, a una encimera de una cocina de dise\u00f1o.<\/p>\n<p><!-- BREAK 4 --><\/p>\n<p>La construcci\u00f3n est\u00e1 esmerada y el conjunto luce tan bien que el pl\u00e1stico de la parte trasera pasa desapercibido. Quiero decir, s\u00ed, es pl\u00e1stico, pero cuela envuelta entre esos biseles de metal y el m\u00f3dulo de c\u00e1maras de cristal rectangular. A t\u00edtulo personal, <strong>la nota discordante la da precisamente su m\u00f3dulo<\/strong>: est\u00e9ticamente ese rect\u00e1ngulo queda algo tosco y si optamos por llevarlo sin funda, que sea una zona que sobresale constituye un riesgo.<\/p>\n<p><!-- BREAK 5 --><\/p>\n<div class=\"article-asset-image article-asset-large article-asset-center\">\n<div class=\"asset-content\">\n                   <img class=\"\" height=\"4202\" width=\"5076\" loading=\"lazy\" decoding=\"async\" sizes=\"auto, 100vw\" fetchpriority=\"high\" srcset=\"https:\/\/i.blogs.es\/045253\/img_6565\/450_1000.jpeg 450w, https:\/\/i.blogs.es\/045253\/img_6565\/650_1200.jpeg 681w,https:\/\/i.blogs.es\/045253\/img_6565\/1024_2000.jpeg 1024w, https:\/\/i.blogs.es\/045253\/img_6565\/1366_2000.jpeg 1366w\" src=\"https:\/\/i.blogs.es\/045253\/img_6565\/450_1000.jpeg\" alt=\"Img 6565\"\/><br \/>\n   <img decoding=\"async\" alt=\"Img 6565\" class=\"\" src=\"https:\/\/i.blogs.es\/045253\/img_6565\/450_1000.jpeg\"\/><\/p><\/div>\n<\/div>\n<p>Lo bueno es que en la caja viene una funda que lo cubre. Lo malo es que es una sencilla funda negra que lo desluce completamente. As\u00ed, normalmente <strong>lo he llevado a pelo<\/strong>, a lo que ha ayudado tanto su buen agarre como que la trasera no se ensucia con la grasilla de los dedos.<\/p>\n<p><!-- BREAK 6 --> <\/p>\n<p>Comparando dimensi\u00f3n a dimensi\u00f3n con su antecesor, vemos que esta nueva versi\u00f3n ha limado levemente el ancho, alto y largo. Eso s\u00ed, a cambio ha ganado 5 gramos de peso. Como ves, son cifras tan insignificante que podr\u00eda decirse que es pr\u00e1cticamente igual. <strong>No es un tel\u00e9fono compacto ni ligero, pero es ergon\u00f3mico<\/strong>.<\/p>\n<p><!-- BREAK 7 --><\/p>\n<div class=\"article-asset-image article-asset-large article-asset-center\">\n<div class=\"asset-content\">\n                   <img class=\"\" height=\"2881\" width=\"3841\" loading=\"lazy\" decoding=\"async\" sizes=\"auto, 100vw\" fetchpriority=\"high\" srcset=\"https:\/\/i.blogs.es\/af85eb\/img_6705\/450_1000.jpeg 450w, https:\/\/i.blogs.es\/af85eb\/img_6705\/650_1200.jpeg 681w,https:\/\/i.blogs.es\/af85eb\/img_6705\/1024_2000.jpeg 1024w, https:\/\/i.blogs.es\/af85eb\/img_6705\/1366_2000.jpeg 1366w\" src=\"https:\/\/i.blogs.es\/af85eb\/img_6705\/450_1000.jpeg\" alt=\"Img 6705\"\/><br \/>\n   <img decoding=\"async\" alt=\"Img 6705\" class=\"\" src=\"https:\/\/i.blogs.es\/af85eb\/img_6705\/450_1000.jpeg\"\/><\/p><\/div>\n<\/div>\n<p>Tiene un dise\u00f1o rectangular con bordes levemente redondeados, una trasera plana a excepci\u00f3n de la protuberancia del m\u00f3dulo de c\u00e1maras y si le damos la vuelta, nos encontramos una pantalla con un agujero en la parte superior central donde alberga la c\u00e1mara selfie.<\/p>\n<p><!-- BREAK 8 --><\/p>\n<div class=\"article-asset-image article-asset-large article-asset-center\">\n<div class=\"asset-content\">\n                   <img class=\"\" height=\"4284\" width=\"5712\" loading=\"lazy\" decoding=\"async\" sizes=\"auto, 100vw\" fetchpriority=\"high\" srcset=\"https:\/\/i.blogs.es\/184fbc\/img_6674\/450_1000.jpeg 450w, https:\/\/i.blogs.es\/184fbc\/img_6674\/650_1200.jpeg 681w,https:\/\/i.blogs.es\/184fbc\/img_6674\/1024_2000.jpeg 1024w, https:\/\/i.blogs.es\/184fbc\/img_6674\/1366_2000.jpeg 1366w\" src=\"https:\/\/i.blogs.es\/184fbc\/img_6674\/450_1000.jpeg\" alt=\"Img 6674\"\/><br \/>\n   <img decoding=\"async\" alt=\"Img 6674\" class=\"\" src=\"https:\/\/i.blogs.es\/184fbc\/img_6674\/450_1000.jpeg\"\/><\/p><\/div>\n<\/div>\n<p>A falta del an\u00e1lisis exhaustivo posterior, <strong>la pantalla me ha parecido uno de los puntos fuertes<\/strong> de este terminal. Es plana y tiene unas especificaciones de primer nivel: de tipo OLED con 6,67 pulgadas de diagonal y resoluci\u00f3n Quad HD+, 120 Hz de tasa de refresco, compatibilidad tanto con Dolby Vision como con HDR10+ y brillo de hasta 4.000 nits. Aunque mucho ojo con esa cifra: se trata de un pico que queda restringido a zonas peque\u00f1as de la pantalla en contenidos HDR, porque el brillo m\u00e1ximo que veremos en autom\u00e1tico es el HBM y en este caso es de 1.200 nits.<\/p>\n<p><!-- BREAK 9 --><\/p>\n<p>He tenido la oportunidad de probarlo <strong>bajo la luz solar y se defiende bastante bien<\/strong>. Adem\u00e1s, resuelve los \u00e1ngulos de visi\u00f3n de forma m\u00e1s que correcta incluso aunque lo inclinemos al m\u00e1ximo sin azulear la pantalla y la reproducci\u00f3n de color es adecuada.<\/p>\n<p><!-- BREAK 10 --> <\/p>\n<p>Para el audio, este tel\u00e9fono dispone de un doble altavoz est\u00e9reo capaz de reproducir el sonido de forma bastante generosa conforme aumentamos el volumen, si bien al llevarlo a las zonas m\u00e1s altas se aprecia cierta saturaci\u00f3n.<\/p>\n<p><!-- BREAK 11 --><\/p>\n<h2 id=\"rendimiento-autonomia-a-nivel-superlativo-4\" class=\"toc-enabled\"><span class=\"ez-toc-section\" id=\"Rendimiento_y_autonomia_a_nivel_superlativo\"><\/span><span class=\"toc-shortcut-icon\" title=\"Ver \u00cdndice de contenido\"\/>Rendimiento y autonom\u00eda: a nivel superlativo<span class=\"ez-toc-section-end\"><\/span><\/h2>\n<div class=\"article-asset-image article-asset-large article-asset-center\">\n<div class=\"asset-content\">\n                   <img class=\"\" height=\"2900\" width=\"3867\" loading=\"lazy\" decoding=\"async\" sizes=\"auto, 100vw\" fetchpriority=\"high\" srcset=\"https:\/\/i.blogs.es\/340455\/img_6679\/450_1000.jpeg 450w, https:\/\/i.blogs.es\/340455\/img_6679\/650_1200.jpeg 681w,https:\/\/i.blogs.es\/340455\/img_6679\/1024_2000.jpeg 1024w, https:\/\/i.blogs.es\/340455\/img_6679\/1366_2000.jpeg 1366w\" src=\"https:\/\/i.blogs.es\/340455\/img_6679\/450_1000.jpeg\" alt=\"Img 6679\"\/><br \/>\n   <img decoding=\"async\" alt=\"Img 6679\" class=\"\" src=\"https:\/\/i.blogs.es\/340455\/img_6679\/450_1000.jpeg\"\/><\/p><\/div>\n<\/div>\n<p>Aunque tendremos tiempo en la review de exprimir a fondo el hardware de este m\u00f3vil, la realidad es que <strong>su ficha t\u00e9cnica apunta alto<\/strong>. Y es que aunque el <a href=\"https:\/\/www.xatakamovil.com\/procesadores\/snapdragon-8-gen-2-oficial-procesador-gama-alta-android-2023-promete-potencia-descomunal\" target=\"_blank\" rel=\"noopener\">Snapdragon 8 Gen 2<\/a> no es ni el m\u00e1s actual ni el m\u00e1s potente chip de Qualcomm, est\u00e1 presente en la vasta mayor\u00eda de gama alta Android de 2023, entre ellos el <a href=\"https:\/\/www.xataka.com\/analisis\/xiaomi-13-ultra-analisis-caracteristicas-precio-especificaciones\" target=\"_blank\" rel=\"noopener\">Xiaomi 13 Ultra<\/a> o el <a href=\"https:\/\/www.xataka.com\/analisis\/oneplus-11-analisis-caracteristicas-precio-especificaciones\" target=\"_blank\" rel=\"noopener\">OnePlus 11<\/a>, por lo que el buen desempe\u00f1o est\u00e1 asegurado.<\/p>\n<p><!-- BREAK 12 --><\/p>\n<p>En esta versi\u00f3n que estamos probando le acompa\u00f1an 16 GB de RAM y 1 TB de ROM <strong>para no andar con problemas ni de multitarea ni de espacio<\/strong>, tampoco con muchas aplicaciones abiertas, con procesos en segundo plano, si nos gusta instalar muchas apps o acumular fotos y v\u00eddeos. El sistema operativo del POCO F6 Pro es Android 14 con la ROM <a href=\"https:\/\/www.xataka.com\/aplicaciones\/hyperos-opiniones-toma-contacto-video-fotos\" target=\"_blank\" rel=\"noopener\">HyperOS<\/a> que, si bien sigue recordando bastante a MIUI, se siente m\u00e1s liviana de forma general.<\/p>\n<p><!-- BREAK 13 --><\/p>\n<p>En este tiempo de prueba lo he usado como mi m\u00f3vil personal, combinando aplicaciones de mensajer\u00eda con Chrome para navegar por internet, el correo de Gmail, ver alg\u00fan que otro v\u00eddeo, usar la c\u00e1mara y las redes sociales que m\u00e1s uso: Twitter e Instagram. La sensaci\u00f3n en el d\u00eda a d\u00eda es de m\u00e1xima fluidez, tanto en en las tareas en s\u00ed como con la propia interfaz: <strong>todo va como un tiro<\/strong>.<\/p>\n<p><!-- BREAK 14 --><\/p>\n<p>Para ponerlo a prueba con algo m\u00e1s exigente, he instalado tres juegos ambiciosos: \u00a0&#8216;Genshin Impact&#8217;, &#8216;CarX Street&#8217; y &#8216;Diablo inmortal&#8217; y tras jugar algunas partidas con todos ellos, los ha movido con soltura con su configuraci\u00f3n de serie.<\/p>\n<p><!-- BREAK 15 --> <\/p>\n<p>La bater\u00eda que alberga tiene 5.000 mAh de capacidad, lo que me ha dado con un uso normal para superar sin problema el d\u00eda largo de uso, incluso configurando la pantalla a WQHD+ y no FHD+, que es lo que viene por defecto (eso s\u00ed, he dejado el brillo autom\u00e1tico).<\/p>\n<p><!-- BREAK 16 --><\/p>\n<div class=\"article-asset-image article-asset-large article-asset-center\">\n<div class=\"asset-content\">\n                   <img class=\"\" height=\"2811\" width=\"3748\" loading=\"lazy\" decoding=\"async\" sizes=\"auto, 100vw\" fetchpriority=\"high\" srcset=\"https:\/\/i.blogs.es\/fc764f\/img_6726\/450_1000.jpeg 450w, https:\/\/i.blogs.es\/fc764f\/img_6726\/650_1200.jpeg 681w,https:\/\/i.blogs.es\/fc764f\/img_6726\/1024_2000.jpeg 1024w, https:\/\/i.blogs.es\/fc764f\/img_6726\/1366_2000.jpeg 1366w\" src=\"https:\/\/i.blogs.es\/fc764f\/img_6726\/450_1000.jpeg\" alt=\"Img 6726\"\/><br \/>\n   <img decoding=\"async\" alt=\"Img 6726\" class=\"\" src=\"https:\/\/i.blogs.es\/fc764f\/img_6726\/450_1000.jpeg\"\/><\/p><\/div>\n<\/div>\n<p>Si hay un reclamo que me ha llamado especialmente la atenci\u00f3n es <strong>la carga a 120W<\/strong>. Dentro de los ajustes del tel\u00e9fono, en la secci\u00f3n de bater\u00eda, est\u00e1 la opci\u00f3n de aumentar la velocidad de carga para verla en todo su esplendor: para pasar de 0 a 100% ha necesitado unos 23 minutos (seg\u00fan la marca, con la pantalla apagada lo hace en 19 minutos), aunque en el estadio inicial es cuando el aporte energ\u00e9tico es m\u00e1s alto.<\/p>\n<p><!-- BREAK 17 --><\/p>\n<h2 id=\"fotografia-tiene-tres-lentes-probablemente-solo-uses-dos-5\" class=\"toc-enabled\"><span class=\"ez-toc-section\" id=\"Fotografia_tiene_tres_lentes_probablemente_solo_uses_dos\"><\/span><span class=\"toc-shortcut-icon\" title=\"Ver \u00cdndice de contenido\"\/>Fotograf\u00eda: tiene tres lentes, probablemente solo uses dos<span class=\"ez-toc-section-end\"><\/span><\/h2>\n<p>El POCO F6 Pro cuenta con <strong>una combinaci\u00f3n vers\u00e1til de lentes<\/strong> conformada por un Omnivision Light Hunter 800 de 50 megap\u00edxeles con un tama\u00f1o de sensor de 1\/1,55 pulgadas, p\u00edxeles de dos micras con pixel binning, OIS y lentes f\/1.6. Le acompa\u00f1a un gran angular de 8 megap\u00edxeles y un macro de 2 megap\u00edxeles.<\/p>\n<p><!-- BREAK 18 --><\/p>\n<p>Explica la marca que cuenta con la tecnolog\u00eda Dual Native ISO Fusion con dos canales, uno de alta y otra de baja ganancia para lograr una diferencia de exposici\u00f3n x16. Asimismo, dispone del modo r\u00e1faga 2.0 y un algoritmo ultra nocturno para capturar im\u00e1genes claras y brillantes con una representaci\u00f3n de color m\u00e1s precisa mediante IA.<\/p>\n<p><!-- BREAK 19 --><\/p>\n<p>Tendremos tiempo para comprobar m\u00e1s a fondo las virtudes de este tr\u00edo de sensores, sus algoritmos, el modo nocturno o su estabilizador en la review, pero en estos d\u00edas para las primeras impresiones nos lo hemos llevado a escenarios diferentes, <strong>destacando especialmente por los resultados de su lente principal<\/strong> en cuanto a intensidad de los colores y nitidez.<\/p>\n<p><!-- BREAK 20 --><\/p>\n<div class=\"article-asset-image article-asset-normal article-asset-center\">\n<div class=\"asset-content\">\n                   <img class=\"\" height=\"3072\" width=\"4096\" loading=\"lazy\" decoding=\"async\" sizes=\"auto, 100vw\" fetchpriority=\"high\" srcset=\"https:\/\/i.blogs.es\/4eedf1\/principal-2\/450_1000.jpeg 450w, https:\/\/i.blogs.es\/4eedf1\/principal-2\/650_1200.jpeg 681w,https:\/\/i.blogs.es\/4eedf1\/principal-2\/1024_2000.jpeg 1024w, https:\/\/i.blogs.es\/4eedf1\/principal-2\/1366_2000.jpeg 1366w\" src=\"https:\/\/i.blogs.es\/4eedf1\/principal-2\/450_1000.jpeg\" alt=\"Principal 2\"\/><br \/>\n   <img decoding=\"async\" alt=\"Principal 2\" class=\"\" src=\"https:\/\/i.blogs.es\/4eedf1\/principal-2\/450_1000.jpeg\"\/><\/p><\/div>\n<\/div>\n<div class=\"article-asset-image article-asset-normal article-asset-center\">\n<div class=\"asset-content\">\n                   <img class=\"\" height=\"3072\" width=\"4096\" loading=\"lazy\" decoding=\"async\" sizes=\"auto, 100vw\" fetchpriority=\"high\" srcset=\"https:\/\/i.blogs.es\/887846\/lente-principal\/450_1000.jpeg 450w, https:\/\/i.blogs.es\/887846\/lente-principal\/650_1200.jpeg 681w,https:\/\/i.blogs.es\/887846\/lente-principal\/1024_2000.jpeg 1024w, https:\/\/i.blogs.es\/887846\/lente-principal\/1366_2000.jpeg 1366w\" src=\"https:\/\/i.blogs.es\/887846\/lente-principal\/450_1000.jpeg\" alt=\"Lente Principal\"\/><br \/>\n   <img decoding=\"async\" alt=\"Lente Principal\" class=\"\" src=\"https:\/\/i.blogs.es\/887846\/lente-principal\/450_1000.jpeg\"\/><\/p><\/div>\n<\/div>\n<div class=\"article-asset-image article-asset-normal article-asset-center\">\n<div class=\"asset-content\">\n<div class=\"caption-img \">\n                   <img class=\"centro_sinmarco\" height=\"3072\" width=\"4096\" loading=\"lazy\" decoding=\"async\" sizes=\"auto, 100vw\" fetchpriority=\"high\" srcset=\"https:\/\/i.blogs.es\/078fae\/img_20240522_224107\/450_1000.jpeg 450w, https:\/\/i.blogs.es\/078fae\/img_20240522_224107\/650_1200.jpeg 681w,https:\/\/i.blogs.es\/078fae\/img_20240522_224107\/1024_2000.jpeg 1024w, https:\/\/i.blogs.es\/078fae\/img_20240522_224107\/1366_2000.jpeg 1366w\" src=\"https:\/\/i.blogs.es\/078fae\/img_20240522_224107\/450_1000.jpeg\" alt=\"Img 20240522 224107\"\/><br \/>\n   <img decoding=\"async\" alt=\"Img 20240522 224107\" class=\"centro_sinmarco\" src=\"https:\/\/i.blogs.es\/078fae\/img_20240522_224107\/450_1000.jpeg\"\/><\/p>\n<p>        <span>Modo nocturno<\/span>\n   <\/div>\n<\/p><\/div>\n<\/div>\n<p>Con el sensor gran angular rescataremos m\u00e1s informaci\u00f3n de la imagen como cabe esperar de este tipo de lente y adem\u00e1s, si nos colocamos bien, resuelve bien las l\u00edneas rectas. Aunque el procesado de la imagen es similar al de la lente principal, el baj\u00f3n de resoluci\u00f3n pasa factura en la calidad, mostrando menos nivel de detalle incluso con buena luz.<\/p>\n<p><!-- BREAK 21 --> <\/p>\n<div class=\"article-asset-image article-asset-normal article-asset-center\">\n<div class=\"asset-content\">\n<div class=\"caption-img \">\n                   <img class=\"\" height=\"2464\" width=\"3280\" loading=\"lazy\" decoding=\"async\" sizes=\"auto, 100vw\" fetchpriority=\"high\" srcset=\"https:\/\/i.blogs.es\/72f481\/gran-angular\/450_1000.jpeg 450w, https:\/\/i.blogs.es\/72f481\/gran-angular\/650_1200.jpeg 681w,https:\/\/i.blogs.es\/72f481\/gran-angular\/1024_2000.jpeg 1024w, https:\/\/i.blogs.es\/72f481\/gran-angular\/1366_2000.jpeg 1366w\" src=\"https:\/\/i.blogs.es\/72f481\/gran-angular\/450_1000.jpeg\" alt=\"Gran Angular\"\/><br \/>\n   <img decoding=\"async\" alt=\"Gran Angular\" class=\"\" src=\"https:\/\/i.blogs.es\/72f481\/gran-angular\/450_1000.jpeg\"\/><\/p>\n<p>        <span>Gran angular<\/span>\n   <\/div>\n<\/p><\/div>\n<\/div>\n<p>POCO ha apostado por integrar un macro en lugar de un teleobjetivo y la verdad es que su presencia es m\u00e1s testimonial que otra cosa, ya que no invita demasiado a ser utilizado.<\/p>\n<p><!-- BREAK 22 --><\/p>\n<div class=\"article-asset-image article-asset-normal article-asset-center\">\n<div class=\"asset-content\">\n<div class=\"caption-img \">\n                   <img class=\"\" height=\"1200\" width=\"1600\" loading=\"lazy\" decoding=\"async\" sizes=\"auto, 100vw\" fetchpriority=\"high\" srcset=\"https:\/\/i.blogs.es\/bf6951\/macro\/450_1000.jpeg 450w, https:\/\/i.blogs.es\/bf6951\/macro\/650_1200.jpeg 681w,https:\/\/i.blogs.es\/bf6951\/macro\/1024_2000.jpeg 1024w, https:\/\/i.blogs.es\/bf6951\/macro\/1366_2000.jpeg 1366w\" src=\"https:\/\/i.blogs.es\/bf6951\/macro\/450_1000.jpeg\" alt=\"Macro\"\/><br \/>\n   <img decoding=\"async\" alt=\"Macro\" class=\"\" src=\"https:\/\/i.blogs.es\/bf6951\/macro\/450_1000.jpeg\"\/><\/p>\n<p>        <span>Macro<\/span>\n   <\/div>\n<\/p><\/div>\n<\/div>\n<p>En definitiva y a falta de una prueba m\u00e1s profunda, la sensaci\u00f3n es que <strong>aqu\u00ed POCO ha pecado de conformista<\/strong>, ya que tanto el gran angular como el macro ya estaban presentes en la generaci\u00f3n anterior y seg\u00fan nuestra experiencia, eran los puntos m\u00e1s d\u00e9biles de la c\u00e1mara.<\/p>\n<p><!-- BREAK 23 --><\/p>\n<h2 id=\"xiaomi-poco-f6-pro-potente-dentro-como-bonito-fuera-6\" class=\"toc-enabled\"><span class=\"ez-toc-section\" id=\"Xiaomi_POCO_F6_Pro_tan_potente_por_dentro_como_bonito_por_fuera\"><\/span><span class=\"toc-shortcut-icon\" title=\"Ver \u00cdndice de contenido\"\/>Xiaomi POCO F6 Pro, tan potente por dentro como bonito por fuera<span class=\"ez-toc-section-end\"><\/span><\/h2>\n<div class=\"article-asset-image article-asset-large article-asset-center\">\n<div class=\"asset-content\">\n                   <img class=\"\" height=\"2298\" width=\"2911\" loading=\"lazy\" decoding=\"async\" sizes=\"auto, 100vw\" fetchpriority=\"high\" srcset=\"https:\/\/i.blogs.es\/f4de02\/img_6714\/450_1000.jpeg 450w, https:\/\/i.blogs.es\/f4de02\/img_6714\/650_1200.jpeg 681w,https:\/\/i.blogs.es\/f4de02\/img_6714\/1024_2000.jpeg 1024w, https:\/\/i.blogs.es\/f4de02\/img_6714\/1366_2000.jpeg 1366w\" src=\"https:\/\/i.blogs.es\/f4de02\/img_6714\/450_1000.jpeg\" alt=\"Img 6714\"\/><br \/>\n   <img decoding=\"async\" alt=\"Img 6714\" class=\"\" src=\"https:\/\/i.blogs.es\/f4de02\/img_6714\/450_1000.jpeg\"\/><\/p><\/div>\n<\/div>\n<p>Mi sensaci\u00f3n tras repasar los apuntes de su predecesor y tener el POCO F6 Pro en las manos ha sido de &#8216;<strong>m\u00e1s madera<\/strong>&#8216;. Quiero decir, si ya sobresal\u00eda en el apartado de pantalla, potencia y rendimiento, ha dado una vuelta de tuerca m\u00e1s para mantener el nivel este a\u00f1o. Otra cosa es si verdaderamente necesitamos tanto o si con otro modelo, incluso de la casa, puede ser suficiente gastando menos.<\/p>\n<p><!-- BREAK 24 --><\/p>\n<p><strong>Fomentar las fortalezas es buena idea, pero si tambi\u00e9n limas las debilidades<\/strong>, todav\u00eda mejor: el aut\u00e9ntico rasgo diferencial de este m\u00f3vil es su cuidado dise\u00f1o, que sin complejos apunta a la gama alta incluso pese a tener un chasis de pl\u00e1stico que qui\u00e9n dir\u00eda que lo es. HyperOS le sienta bien a una marca cuya capa tradicionalmente le ha pasado algo de factura por resultar demasiado.<\/p>\n<p><!-- BREAK 25 --><\/p>\n<p>Un apunte a tener en cuenta: el POCO F5 Pro sali\u00f3 al mercado por 579 euros y esta \u00faltima versi\u00f3n lo hace con id\u00e9ntico precio (ahora en promocion de lanzamiento desde 499,99 euros), una buena noticia en esta \u00e9poca de inflaci\u00f3n generalizada.<\/p>\n<p><!-- BREAK 26 --><\/p>\n<p>Es decir, que estamos ante un m\u00f3vil que como m\u00ednimo cuesta 500 euros y que adem\u00e1s de entrar por los ojos, va a satisfacer a los perfiles m\u00e1s exigentes a nivel de potencia. Pero <strong>tiene que haber sacrificios y concesiones<\/strong> respecto a uno de mil.<\/p>\n<p><!-- BREAK 27 --><\/p>\n<p>A falta de un an\u00e1lisis m\u00e1s completo, <strong>el tal\u00f3n de Aquiles de este tel\u00e9fono<\/strong> apunta a sus lentes, a las que aunque se les intuye un desempe\u00f1o decente, van estar lejos de pelear por <a href=\"https:\/\/www.xataka.com\/seleccion\/moviles-mejor-camara-que-llevamos-2020\" target=\"_blank\" rel=\"noopener\">el m\u00f3vil con mejor c\u00e1mara del a\u00f1o<\/a>, pero tambi\u00e9n del m\u00f3vil con mejor c\u00e1mara en calidad precio.<\/p>\n<p><!-- BREAK 28 --> <\/p>\n<h2 id=\"bonus-que-se-diferencian-poco-f6-poco-f6-pro-7\" class=\"toc-enabled\"><span class=\"ez-toc-section\" id=\"Bonus_En_que_se_diferencian_el_POCO_F6_y_el_POCO_F6_Pro\"><\/span><span class=\"toc-shortcut-icon\" title=\"Ver \u00cdndice de contenido\"\/>Bonus: En qu\u00e9 se diferencian el POCO F6 y el POCO F6 Pro<span class=\"ez-toc-section-end\"><\/span><\/h2>\n<div class=\"article-asset-image article-asset-large article-asset-center\">\n<div class=\"asset-content\">\n                   <img class=\"\" height=\"3024\" width=\"4032\" loading=\"lazy\" decoding=\"async\" sizes=\"auto, 100vw\" fetchpriority=\"high\" srcset=\"https:\/\/i.blogs.es\/f1048f\/img_6804\/450_1000.jpeg 450w, https:\/\/i.blogs.es\/f1048f\/img_6804\/650_1200.jpeg 681w,https:\/\/i.blogs.es\/f1048f\/img_6804\/1024_2000.jpeg 1024w, https:\/\/i.blogs.es\/f1048f\/img_6804\/1366_2000.jpeg 1366w\" src=\"https:\/\/i.blogs.es\/f1048f\/img_6804\/450_1000.jpeg\" alt=\"Img 6804\"\/><br \/>\n   <img decoding=\"async\" alt=\"Img 6804\" class=\"\" src=\"https:\/\/i.blogs.es\/f1048f\/img_6804\/450_1000.jpeg\"\/><\/p><\/div>\n<\/div>\n<p>En nuestro viaje a Dubai para la presentaci\u00f3n hemos tenido la oportunidad de tener entre las manos y probar brevemente tambi\u00e9n su hermano peque\u00f1o, el POCO F6, y la verdad es que mucho porque <strong>el POCO F6 Pro puede tener al enemigo en casa<\/strong>.<\/p>\n<p><!-- BREAK 29 --><\/p>\n<p>Aunque a nivel de dise\u00f1o comparten dimensiones, <strong>hay dos grandes diferencias<\/strong>: el modelo no Pro no tiene esa meseta de la que nacen lentes y flash y la ausencia de esos bordes metalizados que tanto nos han agradado a la vista. Pero no hay mal que por bien no venga: a cambio es notablemente m\u00e1s ligero. Eso s\u00ed, luce m\u00e1s trot\u00f3n, con una carcasa de pl\u00e1stico apa\u00f1ada pero que se raya con facilidad y se mancha, al menos en la versi\u00f3n en negro. De forma global y dejando a un lado los colores, creo que el POCO F6 es m\u00e1s minimalista y eso es un plus, incluso pese a la ausencia de metal (y el verde le sienta de maravilla).<\/p>\n<p><!-- BREAK 30 --><\/p>\n<p>La pantalla era otro punto fuerte del POCO F6 Pro y el POCO F6 a secas queda algo por debajo, simplemente porque tiene una resoluci\u00f3n inferior de 1,5K, menor brillo m\u00e1ximo y un control m\u00e1s modesto. Visualmente en l\u00edneas generales puede pasar desapercibido, pero si ves contenido con cierta calidad o est\u00e1s bajo el sol, se nota.<\/p>\n<p><!-- BREAK 31 --><\/p>\n<p>En hardware, a falta de pruebas sint\u00e9ticas y de usarlo m\u00e1s, hay sorpresas: <strong>el POCO F6 llega con un chip m\u00e1s moderno y potente<\/strong>, el <a href=\"https:\/\/www.xatakamovil.com\/procesadores\/qualcomm-snapdragon-8s-gen-3-caracteristicas-precio-ficha-tecnica\" target=\"_blank\" rel=\"noopener\">Snapdragon 8s Gen 3<\/a>, aunque a cambio las cifras de RAM y almacenamiento son inferiores (en el POCO F6 son 8\/12 de RAM y 256 \/512 GB, por lo que estar\u00e1 re\u00f1ida la cosa. En cualquier caso, la sensaci\u00f3n de fluidez con HyperOS es id\u00e9ntica. La bater\u00eda en ambos tiene la misma capacidad, pero el cargador incluido es de 90W, as\u00ed que estamos hablando de que le costar\u00e1 algunos minutillos m\u00e1s pasar de 0 a 100%.<\/p>\n<p><!-- BREAK 32 --><\/p>\n<p>Sobre el papel la gran diferencia de las c\u00e1maras entre el POCO F6 Pro y el POCO F6 es que este \u00faltimo <strong>se deja en el camino ese macro tan prescindible<\/strong>. Pero est\u00e1 pendiente comprobar los resultados tanto de las funciones propias del Pro como de sus sensores principales, ya que aunque ambos es de 50MP, son diferentes.<\/p>\n<p><!-- BREAK 33 --><\/p>\n<p>Finalmente est\u00e1 <strong>la cuesti\u00f3n del precio<\/strong>: despu\u00e9s de las ofertas de lanzamiento, el POCO F6 ser\u00e1 50 euros m\u00e1s barato, una diferencia de precio que, valga la redundancia, puede marcar la diferencia para presupuestos ajustados.<\/p>\n<p><!-- BREAK 34 --><\/p>\n<p>Portada | Eva Rodr\u00edguez de Luis<\/p>\n<p>En Xataka | <a href=\"https:\/\/www.xataka.com\/analisis\/mejores-moviles-calidad-precio-2022-analisis-videos\" target=\"_blank\" rel=\"noopener\">Los mejores m\u00f3viles calidad precio (2024): sus an\u00e1lisis y v\u00eddeos est\u00e1n aqu\u00ed<\/a><\/p>\n<p><!-- BREAK 35 --><\/p><\/div>\n<p><a href=\"https:\/\/www.xataka.com\/analisis\/poco-f6-pro-opiniones-toma-contacto-fotos\" class=\" target=\" title=\"Xiaomi POCO F6 Pro, opiniones tras la primera toma de contacto con fotos\" target=\"_blank\" rel=\"noopener\">Ver fuente<\/a><\/p>\n","protected":false},"excerpt":{"rendered":"<p>La de los POCO es una dinast\u00eda de tel\u00e9fonos con buena relaci\u00f3n calidad precio. Si adem\u00e1s le a\u00f1adimos los apellidos &#8216;F&#8217; y &#8216;Pro&#8217; el list\u00f3n se va a lo m\u00e1s alto. A los hechos nos remitimos: si el anterior POCO F5 Pro ofrec\u00eda la experiencia de un m\u00f3vil de gama alta a precio de gama [&hellip;]<\/p>\n","protected":false},"author":2,"featured_media":3407,"comment_status":"open","ping_status":"closed","sticky":false,"template":"","format":"standard","meta":{"footnotes":""},"categories":[9],"tags":[],"class_list":["post-3406","post","type-post","status-publish","format-standard","has-post-thumbnail","hentry","category-tecnologia"],"_links":{"self":[{"href":"https:\/\/enfoquenoticioso.com\/index.php?rest_route=\/wp\/v2\/posts\/3406","targetHints":{"allow":["GET"]}}],"collection":[{"href":"https:\/\/enfoquenoticioso.com\/index.php?rest_route=\/wp\/v2\/posts"}],"about":[{"href":"https:\/\/enfoquenoticioso.com\/index.php?rest_route=\/wp\/v2\/types\/post"}],"author":[{"embeddable":true,"href":"https:\/\/enfoquenoticioso.com\/index.php?rest_route=\/wp\/v2\/users\/2"}],"replies":[{"embeddable":true,"href":"https:\/\/enfoquenoticioso.com\/index.php?rest_route=%2Fwp%2Fv2%2Fcomments&post=3406"}],"version-history":[{"count":0,"href":"https:\/\/enfoquenoticioso.com\/index.php?rest_route=\/wp\/v2\/posts\/3406\/revisions"}],"wp:featuredmedia":[{"embeddable":true,"href":"https:\/\/enfoquenoticioso.com\/index.php?rest_route=\/wp\/v2\/media\/3407"}],"wp:attachment":[{"href":"https:\/\/enfoquenoticioso.com\/index.php?rest_route=%2Fwp%2Fv2%2Fmedia&parent=3406"}],"wp:term":[{"taxonomy":"category","embeddable":true,"href":"https:\/\/enfoquenoticioso.com\/index.php?rest_route=%2Fwp%2Fv2%2Fcategories&post=3406"},{"taxonomy":"post_tag","embeddable":true,"href":"https:\/\/enfoquenoticioso.com\/index.php?rest_route=%2Fwp%2Fv2%2Ftags&post=3406"}],"curies":[{"name":"wp","href":"https:\/\/api.w.org\/{rel}","templated":true}]}}