{"id":34081,"date":"2024-11-20T13:16:49","date_gmt":"2024-11-20T13:16:49","guid":{"rendered":"https:\/\/enfoquenoticioso.com\/noticias\/la-emotiva-carta-de-despedida-que-roger-federer-dedico-a-rafael-nadal\/"},"modified":"2024-11-20T13:16:49","modified_gmt":"2024-11-20T13:16:49","slug":"la-emotiva-carta-de-despedida-que-roger-federer-dedico-a-rafael-nadal","status":"publish","type":"post","link":"https:\/\/enfoquenoticioso.com\/?p=34081","title":{"rendered":"La emotiva carta de despedida que Roger Federer dedic\u00f3 a Rafael Nadal"},"content":{"rendered":"<div>\n<p>El tenista suizo, Roger Federer, le escribi\u00f3 en sus redes sociales una emotiva carta de despedida a su hom\u00f3logo espa\u00f1ol, Rafael Nadal, donde le agradeci\u00f3 por todo lo que vivieron dentro y fuera de las canchas, en una rivalidad que qued\u00f3 para la historia.<span id=\"more-542656\"\/><\/p>\n<p>\u00abEmpecemos por lo obvio: me ganaste\u2026 mucho. M\u00e1s de lo que yo logr\u00e9 ganarte. Me desafiaste de maneras que nadie m\u00e1s podr\u00eda\u00bb, arranc\u00f3 el suizo su misiva.<\/p>\n<p>En este sentido, destac\u00f3 como lleg\u00f3 a cambiar su estilo para enfrentar al espa\u00f1ol, quien era pr\u00e1cticamente imbatible en la superficie de tierra batida.<\/p>\n<p>\u00abEn arcilla, sent\u00ed que estaba entrando en tu patio interior, y me hiciste trabajar m\u00e1s duro de lo que jam\u00e1s pens\u00e9 que podr\u00eda hacerlo solo para mantenerme firme.\u00a0Me hiciste reimaginar mi juego, incluso llegando tan lejos como para cambiar el tama\u00f1o de la cabeza de mi raqueta, esperando alguna ventaja\u00bb, detall\u00f3 Federer.<\/p>\n<p>Asimismo, resalt\u00f3 \u00ablos rituales\u00bb del espa\u00f1ol, desde juntar \u00abbotellas de agua como soldados de juguete en formaci\u00f3n\u00bb hasta la forma de \u00abajustar tu ropa interior\u00bb.<\/p>\n<p>\u00abEn secreto, me encant\u00f3 todo el asunto. Porque era tan \u00fanico, era tan t\u00fa\u00bb, se\u00f1al\u00f3.<\/p>\n<div id=\"ez-toc-container\" class=\"ez-toc-v2_0_81 counter-hierarchy ez-toc-counter ez-toc-grey ez-toc-container-direction\">\n<div class=\"ez-toc-title-container\">\n<p class=\"ez-toc-title\" style=\"cursor:inherit\">Tabla de Contenido<\/p>\n<span class=\"ez-toc-title-toggle\"><a href=\"#\" class=\"ez-toc-pull-right ez-toc-btn ez-toc-btn-xs ez-toc-btn-default ez-toc-toggle\" aria-label=\"Alternar tabla de contenidos\"><span class=\"ez-toc-js-icon-con\"><span class=\"\"><span class=\"eztoc-hide\" style=\"display:none;\">Toggle<\/span><span class=\"ez-toc-icon-toggle-span\"><svg style=\"fill: #999;color:#999\" xmlns=\"http:\/\/www.w3.org\/2000\/svg\" class=\"list-377408\" width=\"20px\" height=\"20px\" viewBox=\"0 0 24 24\" fill=\"none\"><path d=\"M6 6H4v2h2V6zm14 0H8v2h12V6zM4 11h2v2H4v-2zm16 0H8v2h12v-2zM4 16h2v2H4v-2zm16 0H8v2h12v-2z\" fill=\"currentColor\"><\/path><\/svg><svg style=\"fill: #999;color:#999\" class=\"arrow-unsorted-368013\" xmlns=\"http:\/\/www.w3.org\/2000\/svg\" width=\"10px\" height=\"10px\" viewBox=\"0 0 24 24\" version=\"1.2\" baseProfile=\"tiny\"><path d=\"M18.2 9.3l-6.2-6.3-6.2 6.3c-.2.2-.3.4-.3.7s.1.5.3.7c.2.2.4.3.7.3h11c.3 0 .5-.1.7-.3.2-.2.3-.5.3-.7s-.1-.5-.3-.7zM5.8 14.7l6.2 6.3 6.2-6.3c.2-.2.3-.5.3-.7s-.1-.5-.3-.7c-.2-.2-.4-.3-.7-.3h-11c-.3 0-.5.1-.7.3-.2.2-.3.5-.3.7s.1.5.3.7z\"\/><\/svg><\/span><\/span><\/span><\/a><\/span><\/div>\n<nav><ul class='ez-toc-list ez-toc-list-level-1 ' ><li class='ez-toc-page-1 ez-toc-heading-level-3'><a class=\"ez-toc-link ez-toc-heading-1\" href=\"https:\/\/enfoquenoticioso.com\/?p=34081\/#RECORD_MUNDIAL_DE_ASISTENCIA_PARA_UN_PARTIDO_DE_TENIS\" >R\u00c9CORD MUNDIAL DE ASISTENCIA PARA UN PARTIDO DE TENIS\u00a0<\/a><\/li><li class='ez-toc-page-1 ez-toc-heading-level-3'><a class=\"ez-toc-link ez-toc-heading-2\" href=\"https:\/\/enfoquenoticioso.com\/?p=34081\/#ULTIMOS_PARTIDOS_DE_NADAL\" >\u00daLTIMOS PARTIDOS DE NADAL<\/a><\/li><\/ul><\/nav><\/div>\n<h3 id=\"record-mundial-de-asistencia-para-un-partido-de-tenis%c2%a0\" class=\"rb-heading-index-1\"><span class=\"ez-toc-section\" id=\"RECORD_MUNDIAL_DE_ASISTENCIA_PARA_UN_PARTIDO_DE_TENIS\"><\/span><strong>R\u00c9CORD MUNDIAL DE ASISTENCIA PARA UN PARTIDO DE TENIS\u00a0<\/strong><span class=\"ez-toc-section-end\"><\/span><\/h3>\n<p>Federer record\u00f3 tambi\u00e9n como juntos rompieron paradigmas en un deporte que destaca por su individualismo.<\/p>\n<p>\u00abSigo pensando en los recuerdos que hemos compartido. Promocionando el deporte juntos. Jugando ese partido, mitad hierba, mitad tierra batida. Rompiendo el r\u00e9cord de asistencia de todos los tiempos jugando frente a m\u00e1s de 50.000 fan\u00e1ticos en Ciudad del Cabo, Sud\u00e1frica\u00bb, precis\u00f3.<\/p>\n<p>\u00abSiempre nos hac\u00edamos re\u00edr a carcajadas. Nos cans\u00e1bamos en la cancha y luego, a veces, ten\u00edamos que sostenernos literalmente durante las ceremonias de entrega de trofeos\u00bb, agreg\u00f3 el astro suizo.<\/p>\n<p>A su vez, record\u00f3 su \u00faltimo partido como profesional, en el que comparti\u00f3 junto a Nadal como compa\u00f1eros de dobles.<\/p>\n<p>\u00abY luego estaba Londres, la Laver Cup en 2022. Mi \u00faltimo partido. Signific\u00f3 todo para m\u00ed que estuvieras all\u00ed a mi lado, no como mi rival, sino como mi compa\u00f1ero de dobles. Compartir la cancha contigo esa noche y compartir esas l\u00e1grimas ser\u00e1 para siempre uno de los momentos m\u00e1s especiales de mi carrera\u00bb, enfatiz\u00f3.<\/p>\n<p>Por \u00faltimo, Federer felicit\u00f3 a toda la familia y el equipo de Nadal por haber sido parte fundamental en sus \u00e9xitos y le asegur\u00f3 al espa\u00f1ol que lo seguir\u00e1 animando en lo que decida hacer tras la culminaci\u00f3n de su fant\u00e1stica carrera deportiva.<\/p>\n<h3 id=\"ultimos-partidos-de-nadal\" class=\"rb-heading-index-2\"><span class=\"ez-toc-section\" id=\"ULTIMOS_PARTIDOS_DE_NADAL\"><\/span><strong>\u00daLTIMOS PARTIDOS DE NADAL<\/strong><span class=\"ez-toc-section-end\"><\/span><\/h3>\n<p>Rafael Nadal se despide del tenis esta semana al disputar la Copa Davis con Espa\u00f1a, que enfrenta al equipo de Pa\u00edses Bajos en M\u00e1laga.<\/p>\n<p>Nadal jug\u00f3 este martes el primer partido de sencillos de su equipo, en el cual cay\u00f3 por un doble 6-4 contra Botic van de Zandschulp, lo que dej\u00f3 0-1 el envite a favor de los neerlandeses.<\/p>\n<p>Dos d\u00e9cadas hab\u00edan pasado desde que Nadal perdi\u00f3 su \u00fanico partido de Davis hasta ahora. Fue en Brno, en su debut en la Rep\u00fablica Checa. Contra Jirin Novak. Despu\u00e9s todos fueron triunfos. Veintinueve seguidos. Hasta ahora.<\/p>\n<p>La expectaci\u00f3n por el partido de Nadal, con la inc\u00f3gnita por saber si ser\u00eda el \u00faltimo o habr\u00eda alguno m\u00e1s, desbord\u00f3 las previsiones. El recinto se llen\u00f3 con sus 10.700 butacas, pese a ser un martes laborable a las cinco de la tarde.<\/p>\n<p>Se desconoce si Nadal disputar\u00e1 otro encuentro de singles o dejar\u00e1 a uno de sus compa\u00f1eros la responsabilidad, ya que podr\u00eda ser el juego que defina la serie.<\/p>\n<p>\u00a0<\/p>\n<p>\u00a0<\/p>\n<\/p><\/div>\n<p><a href=\"https:\/\/noticiasaldiayalahora.co\/deportes\/la-emotiva-carta-de-despedida-que-roger-federer-dedico-a-rafael-nadal\/\" class=\" target=\" title=\"La emotiva carta de despedida que Roger Federer dedic\u00f3 a Rafael Nadal\" target=\"_blank\" rel=\"noopener\">Ver fuente<\/a><\/p>\n","protected":false},"excerpt":{"rendered":"<p>El tenista suizo, Roger Federer, le escribi\u00f3 en sus redes sociales una emotiva carta de despedida a su hom\u00f3logo espa\u00f1ol, Rafael Nadal, donde le agradeci\u00f3 por todo lo que vivieron dentro y fuera de las canchas, en una rivalidad que qued\u00f3 para la historia. \u00abEmpecemos por lo obvio: me ganaste\u2026 mucho. M\u00e1s de lo que [&hellip;]<\/p>\n","protected":false},"author":2,"featured_media":34082,"comment_status":"open","ping_status":"closed","sticky":false,"template":"","format":"standard","meta":{"footnotes":""},"categories":[1],"tags":[],"class_list":["post-34081","post","type-post","status-publish","format-standard","has-post-thumbnail","hentry","category-noticias"],"_links":{"self":[{"href":"https:\/\/enfoquenoticioso.com\/index.php?rest_route=\/wp\/v2\/posts\/34081","targetHints":{"allow":["GET"]}}],"collection":[{"href":"https:\/\/enfoquenoticioso.com\/index.php?rest_route=\/wp\/v2\/posts"}],"about":[{"href":"https:\/\/enfoquenoticioso.com\/index.php?rest_route=\/wp\/v2\/types\/post"}],"author":[{"embeddable":true,"href":"https:\/\/enfoquenoticioso.com\/index.php?rest_route=\/wp\/v2\/users\/2"}],"replies":[{"embeddable":true,"href":"https:\/\/enfoquenoticioso.com\/index.php?rest_route=%2Fwp%2Fv2%2Fcomments&post=34081"}],"version-history":[{"count":0,"href":"https:\/\/enfoquenoticioso.com\/index.php?rest_route=\/wp\/v2\/posts\/34081\/revisions"}],"wp:featuredmedia":[{"embeddable":true,"href":"https:\/\/enfoquenoticioso.com\/index.php?rest_route=\/wp\/v2\/media\/34082"}],"wp:attachment":[{"href":"https:\/\/enfoquenoticioso.com\/index.php?rest_route=%2Fwp%2Fv2%2Fmedia&parent=34081"}],"wp:term":[{"taxonomy":"category","embeddable":true,"href":"https:\/\/enfoquenoticioso.com\/index.php?rest_route=%2Fwp%2Fv2%2Fcategories&post=34081"},{"taxonomy":"post_tag","embeddable":true,"href":"https:\/\/enfoquenoticioso.com\/index.php?rest_route=%2Fwp%2Fv2%2Ftags&post=34081"}],"curies":[{"name":"wp","href":"https:\/\/api.w.org\/{rel}","templated":true}]}}