{"id":3412,"date":"2024-05-24T02:04:17","date_gmt":"2024-05-24T02:04:17","guid":{"rendered":"https:\/\/enfoquenoticioso.com\/deporte\/yangel-herrera-se-medira-a-su-exclub-con-el-girona\/"},"modified":"2024-05-24T02:04:17","modified_gmt":"2024-05-24T02:04:17","slug":"yangel-herrera-se-medira-a-su-exclub-con-el-girona","status":"publish","type":"post","link":"https:\/\/enfoquenoticioso.com\/?p=3412","title":{"rendered":"Yangel Herrera se medir\u00e1 a su exclub con el Girona"},"content":{"rendered":"<div data-td-block-uid=\"tdi_91\">\n<div class=\"tdb-block-inner td-fix-index\">\n<p>Con Yangel Herrera como uno de sus principales protagonistas, el Girona buscar\u00e1 cerrar este viernes, con un triunfo ante el Granada (3:00 p.m.), una temporada hist\u00f3rica, y que quedar\u00e1 para el recuero de sus aficionados al clasificarse a la Liga de Campeones por primera vez y pelear cabeza a cabeza contra el Real Madrid, Barcelona y Atl\u00e9tico de Madrid por el primer lugar en la tabla de posiciones.<\/p>\n<p>Yangel, que ya visti\u00f3 los colores del Granada hace poc m\u00e1s de dos a\u00f1os, suma 28 encuentros y anot\u00f3 cinco goles en esta temporada con la oncena catalana.<\/p>\n<p>De sumar los tres puntos, el equipo llegar\u00eda a los 82 unidades cifra que seg\u00fan su entrenador M\u00edchel S\u00e1nchez: \u201cser\u00eda muy importante, s\u00f3lo lo han hecho los grandes\u201d, sin embargo reafirm\u00f3 que su rivale de turnos: \u201dvendr\u00e1 a ganar y ser\u00e1 dif\u00edcil superarlos, pero necesitamos cerr\u00e1r con un triunfo\u201d.<\/p>\n<p>Por \u00faltimo el estratega se mostr\u00f3 satisfecho con el rendimiento del equipo en esta temporada: \u201cLa nota para el equipo es un s\u00f3lido diez\u201d.<\/p>\n<div id=\"ez-toc-container\" class=\"ez-toc-v2_0_81 counter-hierarchy ez-toc-counter ez-toc-grey ez-toc-container-direction\">\n<div class=\"ez-toc-title-container\">\n<p class=\"ez-toc-title\" style=\"cursor:inherit\">Tabla de Contenido<\/p>\n<span class=\"ez-toc-title-toggle\"><a href=\"#\" class=\"ez-toc-pull-right ez-toc-btn ez-toc-btn-xs ez-toc-btn-default ez-toc-toggle\" aria-label=\"Alternar tabla de contenidos\"><span class=\"ez-toc-js-icon-con\"><span class=\"\"><span class=\"eztoc-hide\" style=\"display:none;\">Toggle<\/span><span class=\"ez-toc-icon-toggle-span\"><svg style=\"fill: #999;color:#999\" xmlns=\"http:\/\/www.w3.org\/2000\/svg\" class=\"list-377408\" width=\"20px\" height=\"20px\" viewBox=\"0 0 24 24\" fill=\"none\"><path d=\"M6 6H4v2h2V6zm14 0H8v2h12V6zM4 11h2v2H4v-2zm16 0H8v2h12v-2zM4 16h2v2H4v-2zm16 0H8v2h12v-2z\" fill=\"currentColor\"><\/path><\/svg><svg style=\"fill: #999;color:#999\" class=\"arrow-unsorted-368013\" xmlns=\"http:\/\/www.w3.org\/2000\/svg\" width=\"10px\" height=\"10px\" viewBox=\"0 0 24 24\" version=\"1.2\" baseProfile=\"tiny\"><path d=\"M18.2 9.3l-6.2-6.3-6.2 6.3c-.2.2-.3.4-.3.7s.1.5.3.7c.2.2.4.3.7.3h11c.3 0 .5-.1.7-.3.2-.2.3-.5.3-.7s-.1-.5-.3-.7zM5.8 14.7l6.2 6.3 6.2-6.3c.2-.2.3-.5.3-.7s-.1-.5-.3-.7c-.2-.2-.4-.3-.7-.3h-11c-.3 0-.5.1-.7.3-.2.2-.3.5-.3.7s.1.5.3.7z\"\/><\/svg><\/span><\/span><\/span><\/a><\/span><\/div>\n<nav><ul class='ez-toc-list ez-toc-list-level-1 ' ><li class='ez-toc-page-1 ez-toc-heading-level-3'><a class=\"ez-toc-link ez-toc-heading-1\" href=\"https:\/\/enfoquenoticioso.com\/?p=3412\/#Numeros_de_Yangel_con_el_Granada\" >N\u00fameros de Yangel con el Granada<\/a><\/li><li class='ez-toc-page-1 ez-toc-heading-level-3'><a class=\"ez-toc-link ez-toc-heading-2\" href=\"https:\/\/enfoquenoticioso.com\/?p=3412\/#Savarino_dio_asistencia\" >Savarino dio asistencia<\/a><\/li><\/ul><\/nav><\/div>\n<h3 class=\"wp-block-heading\"><span class=\"ez-toc-section\" id=\"Numeros_de_Yangel_con_el_Granada\"><\/span>N\u00fameros de Yangel con el Granada<span class=\"ez-toc-section-end\"><\/span><\/h3>\n<p>Diez goles hizo Yangel Herrea en todas las competencias durante las temporadas 2019<br \/>a la 2021 cuando estuvo al servicio del Granada.<\/p>\n<p><strong>Lee tambi\u00e9n: <a href=\"https:\/\/www.liderendeportes.com\/noticias\/vinotinto\/vinotinto-femenina-anuncio-sus-convocadas\/\" target=\"_blank\" rel=\"noopener\">Vinotinto femenina anunci\u00f3 sus convocadas<\/a><\/strong><\/p>\n<h3 class=\"wp-block-heading\"><span class=\"ez-toc-section\" id=\"Savarino_dio_asistencia\"><\/span>Savarino dio asistencia<span class=\"ez-toc-section-end\"><\/span><\/h3>\n<p>Jefferson Savarino sigue siendo clave para el Botafogo del entrenador Artur Jorge, y en esta ocasi\u00f3n el marabino dio una asistencia de gol clave para que su equipo se metiera en los octavos de final de la Copa de Brasil al vencer en el partido de vuelta al Vit\u00f3ria 1-2 y as\u00ed avanzar con un marcador global (1-3).<\/p>\n<\/div>\n<\/div>\n<p><a href=\"https:\/\/www.liderendeportes.com\/noticias\/futbol\/venex-football\/yangel-herrera-se-medira-a-su-exclub-con-el-girona\/\" class=\" target=\" title=\"Yangel Herrera se medir\u00e1 a su exclub con el Girona\" target=\"_blank\" rel=\"noopener\">Ver fuente<\/a><\/p>\n","protected":false},"excerpt":{"rendered":"<p>Con Yangel Herrera como uno de sus principales protagonistas, el Girona buscar\u00e1 cerrar este viernes, con un triunfo ante el Granada (3:00 p.m.), una temporada hist\u00f3rica, y que quedar\u00e1 para el recuero de sus aficionados al clasificarse a la Liga de Campeones por primera vez y pelear cabeza a cabeza contra el Real Madrid, Barcelona [&hellip;]<\/p>\n","protected":false},"author":2,"featured_media":3413,"comment_status":"open","ping_status":"closed","sticky":false,"template":"","format":"standard","meta":{"footnotes":""},"categories":[7],"tags":[],"class_list":["post-3412","post","type-post","status-publish","format-standard","has-post-thumbnail","hentry","category-deporte"],"_links":{"self":[{"href":"https:\/\/enfoquenoticioso.com\/index.php?rest_route=\/wp\/v2\/posts\/3412","targetHints":{"allow":["GET"]}}],"collection":[{"href":"https:\/\/enfoquenoticioso.com\/index.php?rest_route=\/wp\/v2\/posts"}],"about":[{"href":"https:\/\/enfoquenoticioso.com\/index.php?rest_route=\/wp\/v2\/types\/post"}],"author":[{"embeddable":true,"href":"https:\/\/enfoquenoticioso.com\/index.php?rest_route=\/wp\/v2\/users\/2"}],"replies":[{"embeddable":true,"href":"https:\/\/enfoquenoticioso.com\/index.php?rest_route=%2Fwp%2Fv2%2Fcomments&post=3412"}],"version-history":[{"count":0,"href":"https:\/\/enfoquenoticioso.com\/index.php?rest_route=\/wp\/v2\/posts\/3412\/revisions"}],"wp:featuredmedia":[{"embeddable":true,"href":"https:\/\/enfoquenoticioso.com\/index.php?rest_route=\/wp\/v2\/media\/3413"}],"wp:attachment":[{"href":"https:\/\/enfoquenoticioso.com\/index.php?rest_route=%2Fwp%2Fv2%2Fmedia&parent=3412"}],"wp:term":[{"taxonomy":"category","embeddable":true,"href":"https:\/\/enfoquenoticioso.com\/index.php?rest_route=%2Fwp%2Fv2%2Fcategories&post=3412"},{"taxonomy":"post_tag","embeddable":true,"href":"https:\/\/enfoquenoticioso.com\/index.php?rest_route=%2Fwp%2Fv2%2Ftags&post=3412"}],"curies":[{"name":"wp","href":"https:\/\/api.w.org\/{rel}","templated":true}]}}