{"id":3420,"date":"2024-05-24T03:29:49","date_gmt":"2024-05-24T03:29:49","guid":{"rendered":"https:\/\/enfoquenoticioso.com\/deporte\/yulimar-rojas-apoya-a-atletas-en-ruta-olimpica\/"},"modified":"2024-05-24T03:29:49","modified_gmt":"2024-05-24T03:29:49","slug":"yulimar-rojas-apoya-a-atletas-en-ruta-olimpica","status":"publish","type":"post","link":"https:\/\/enfoquenoticioso.com\/?p=3420","title":{"rendered":"Yulimar Rojas apoya a atletas en ruta ol\u00edmpica"},"content":{"rendered":"<div>\n<p>La segunda semana de abril de este a\u00f1o la triplista Yulimar Rojas sufri\u00f3 una lesi\u00f3n que puso fin a sus aspiraciones ol\u00edmpicas en Par\u00eds 2024. Pero el dolor y la frustraci\u00f3n nunca quebrantaron su compromiso con Venezuela y, aunque ya no ir\u00eda al frente de la delegaci\u00f3n, ella encontrar\u00eda la forma de apoyarlos y acompa\u00f1arlos en su sue\u00f1o.<\/p>\n<p>Este jueves, a trav\u00e9s de su Fundaci\u00f3n, la campeona ol\u00edmpica de Tokio 2020, siete veces campeona del mundo, entreg\u00f3 becas a 15 atletas, algunos ya con el boleto a Par\u00eds y otros en ruta de clasificaci\u00f3n.<\/p>\n<p>Estas becas llevan el nombre de Andr\u00e9s Henr\u00edquez, el ex director de comunicaciones de la Fundaci\u00f3n, quien falleci\u00f3 inesperadamente el 15 de diciembre de 2023.<\/p>\n<p>\u201cEs el nombre de alguien muy especial que fue y ha sido una luz que ha estado conmigo. Hace unos meses esa luz parti\u00f3, pero dej\u00f3 un legado deportivo y comunicacional; un legado de lucha, trabajo y amor por el deporte y quiero inmortalizarlo a trav\u00e9s de esta beca\u201d, expres\u00f3 Yulimar a trav\u00e9s de una video llamada desde Barcelona, Espa\u00f1a.<\/p>\n<p><strong>Lee tambi\u00e9n:<a href=\"https:\/\/www.liderendeportes.com\/noticias\/mas-deportes\/asi-vamos-ellos-seran-venezuela-en-paris-2024\/\" target=\"_blank\" rel=\"noopener\"> \u00a1As\u00ed vamos! Ellos ser\u00e1n Venezuela en Par\u00eds 2024<\/a><\/strong><\/p>\n<p>\u201cEste plan de becas me tiene muy emocionada porque va un paso m\u00e1s all\u00e1. Me llena de emoci\u00f3n apoyar a mi delegaci\u00f3n a pesar de que es un momento dif\u00edcil para m\u00ed\u2026 Aunque no estar\u00e9 compitiendo en Par\u00eds, voy a estar en esos corazones, esas ganas, esa lucha de los atletas que s\u00e9 que dar\u00e1n todo por el pa\u00eds. Le doy gracias al IND, el ministerio del Deporte y la empresa privada por confiar en m\u00ed y hacerlo posible\u201d, sostuvo la siete veces campeona del mundo en Salto Triple.<\/p>\n<div id=\"ez-toc-container\" class=\"ez-toc-v2_0_81 counter-hierarchy ez-toc-counter ez-toc-grey ez-toc-container-direction\">\n<div class=\"ez-toc-title-container\">\n<p class=\"ez-toc-title\" style=\"cursor:inherit\">Tabla de Contenido<\/p>\n<span class=\"ez-toc-title-toggle\"><a href=\"#\" class=\"ez-toc-pull-right ez-toc-btn ez-toc-btn-xs ez-toc-btn-default ez-toc-toggle\" aria-label=\"Alternar tabla de contenidos\"><span class=\"ez-toc-js-icon-con\"><span class=\"\"><span class=\"eztoc-hide\" style=\"display:none;\">Toggle<\/span><span class=\"ez-toc-icon-toggle-span\"><svg style=\"fill: #999;color:#999\" xmlns=\"http:\/\/www.w3.org\/2000\/svg\" class=\"list-377408\" width=\"20px\" height=\"20px\" viewBox=\"0 0 24 24\" fill=\"none\"><path d=\"M6 6H4v2h2V6zm14 0H8v2h12V6zM4 11h2v2H4v-2zm16 0H8v2h12v-2zM4 16h2v2H4v-2zm16 0H8v2h12v-2z\" fill=\"currentColor\"><\/path><\/svg><svg style=\"fill: #999;color:#999\" class=\"arrow-unsorted-368013\" xmlns=\"http:\/\/www.w3.org\/2000\/svg\" width=\"10px\" height=\"10px\" viewBox=\"0 0 24 24\" version=\"1.2\" baseProfile=\"tiny\"><path d=\"M18.2 9.3l-6.2-6.3-6.2 6.3c-.2.2-.3.4-.3.7s.1.5.3.7c.2.2.4.3.7.3h11c.3 0 .5-.1.7-.3.2-.2.3-.5.3-.7s-.1-.5-.3-.7zM5.8 14.7l6.2 6.3 6.2-6.3c.2-.2.3-.5.3-.7s-.1-.5-.3-.7c-.2-.2-.4-.3-.7-.3h-11c-.3 0-.5.1-.7.3-.2.2-.3.5-.3.7s.1.5.3.7z\"\/><\/svg><\/span><\/span><\/span><\/a><\/span><\/div>\n<nav><ul class='ez-toc-list ez-toc-list-level-1 ' ><li class='ez-toc-page-1 ez-toc-heading-level-3'><a class=\"ez-toc-link ez-toc-heading-1\" href=\"https:\/\/enfoquenoticioso.com\/?p=3420\/#Los_primeros_beneficiados\" >Los primeros beneficiados<\/a><\/li><li class='ez-toc-page-1 ez-toc-heading-level-3'><a class=\"ez-toc-link ez-toc-heading-2\" href=\"https:\/\/enfoquenoticioso.com\/?p=3420\/#%C2%BFQuien_es_Andres_Henriquez\" >\u00bfQui\u00e9n es Andr\u00e9s Henr\u00edquez?<\/a><\/li><\/ul><\/nav><\/div>\n<h3 class=\"wp-block-heading\"><span class=\"ez-toc-section\" id=\"Los_primeros_beneficiados\"><\/span><strong>Los primeros beneficiados<\/strong><span class=\"ez-toc-section-end\"><\/span><\/h3>\n<p>Las Becas Deportivas Andr\u00e9s Henr\u00edquez suponen una ayuda de 6000 d\u00f3lares para los atletas clasificados y 2000 d\u00f3lares mensuales para los que est\u00e1n en ruta, hasta que estos sellen su boleto a la m\u00e1xima cita del deporte.<\/p>\n<p>Los atletas clasificados que fueron beneficiados son:<\/p>\n<ul>\n<li>Jes\u00fas Cova \u2013 Boxeo<\/li>\n<li>Omailyn Alcal\u00e1 \u2013 Boxeo<\/li>\n<li>Naryury P\u00e9rez \u2013 Pesas<\/li>\n<li>Keydomar Vallenilla \u2013 Pesas<\/li>\n<li>Anyelin Venegas \u2013 Pesas<\/li>\n<li>Katherin Echandia \u2013 Pesas<\/li>\n<li>Julio Mayora \u2013 Pesas<\/li>\n<li>Raiber Rodriguez \u2013 Lucha<\/li>\n<li>Soleymi Caraballo \u2013 Lucha<\/li>\n<li>Yohandri Granado \u2013 Taekwondo<\/li>\n<\/ul>\n<p>Los que siguen en ruta de clasificaci\u00f3n son:<\/p>\n<ul>\n<li>Anriquelis Barrios \u2013 Judo<\/li>\n<li>Rosa Rodr\u00edguez \u2013 Martillo<\/li>\n<li>Jos\u00e9 Maita \u2013 Atletismo<\/li>\n<li>Robeilys Peinado \u2013 Atletismo<\/li>\n<li>Leodan Torrealba \u2013 Atletismo<\/li>\n<\/ul>\n<h3 class=\"wp-block-heading\"><span class=\"ez-toc-section\" id=\"%C2%BFQuien_es_Andres_Henriquez\"><\/span><strong>\u00bfQui\u00e9n es Andr\u00e9s Henr\u00edquez?<\/strong><span class=\"ez-toc-section-end\"><\/span><\/h3>\n<p>Andr\u00e9s Henr\u00edquez, fotoperiodista, ex selecci\u00f3n nacional de Taekwondo, fue parte del departamento de comunicaciones del Team Rojas 45 desde sus comienzos. Era el dise\u00f1ador de ese peque\u00f1o grupo que -desde 2017- revolucionar\u00eda la forma en la que un atleta conectar\u00eda comunicacionalmente con su pa\u00eds.<\/p>\n<p>M\u00e1s adelante fue nombrado director de comunicaciones de la Fundaci\u00f3n Yulimar Rojas, que comenz\u00f3 a operar en diciembre de 2023, justo cuando \u00e9l parti\u00f3 del plano terrenal.<\/p>\n<p>El barin\u00e9s, acucioso, exigente y siempre \u00e1vido de conocimiento, fue jefe de prensa de la Federaci\u00f3n Venezolana de Taekwondo y parte del departamento de comunicaciones del Instituto Nacional de Deportes (IND). Un apasionado del movimiento ol\u00edmpico, de esos que no entienden de limitaciones, y todo lo hacen posible.<\/p>\n<p>\u201cQuiero que \u00e9l vea que su trabajo sigue latente en m\u00ed\u201d, dijo Yulimar.<\/p>\n<\/div>\n<p><a href=\"https:\/\/www.liderendeportes.com\/noticias\/yulimar\/yulimar-rojas-apoya-a-atletas-en-ruta-olimpica\/\" class=\" target=\" title=\"Yulimar Rojas apoya a atletas en ruta ol\u00edmpica\" target=\"_blank\" rel=\"noopener\">Ver fuente<\/a><\/p>\n","protected":false},"excerpt":{"rendered":"<p>La segunda semana de abril de este a\u00f1o la triplista Yulimar Rojas sufri\u00f3 una lesi\u00f3n que puso fin a sus aspiraciones ol\u00edmpicas en Par\u00eds 2024. Pero el dolor y la frustraci\u00f3n nunca quebrantaron su compromiso con Venezuela y, aunque ya no ir\u00eda al frente de la delegaci\u00f3n, ella encontrar\u00eda la forma de apoyarlos y acompa\u00f1arlos [&hellip;]<\/p>\n","protected":false},"author":2,"featured_media":3421,"comment_status":"open","ping_status":"closed","sticky":false,"template":"","format":"standard","meta":{"footnotes":""},"categories":[7],"tags":[],"class_list":["post-3420","post","type-post","status-publish","format-standard","has-post-thumbnail","hentry","category-deporte"],"_links":{"self":[{"href":"https:\/\/enfoquenoticioso.com\/index.php?rest_route=\/wp\/v2\/posts\/3420","targetHints":{"allow":["GET"]}}],"collection":[{"href":"https:\/\/enfoquenoticioso.com\/index.php?rest_route=\/wp\/v2\/posts"}],"about":[{"href":"https:\/\/enfoquenoticioso.com\/index.php?rest_route=\/wp\/v2\/types\/post"}],"author":[{"embeddable":true,"href":"https:\/\/enfoquenoticioso.com\/index.php?rest_route=\/wp\/v2\/users\/2"}],"replies":[{"embeddable":true,"href":"https:\/\/enfoquenoticioso.com\/index.php?rest_route=%2Fwp%2Fv2%2Fcomments&post=3420"}],"version-history":[{"count":0,"href":"https:\/\/enfoquenoticioso.com\/index.php?rest_route=\/wp\/v2\/posts\/3420\/revisions"}],"wp:featuredmedia":[{"embeddable":true,"href":"https:\/\/enfoquenoticioso.com\/index.php?rest_route=\/wp\/v2\/media\/3421"}],"wp:attachment":[{"href":"https:\/\/enfoquenoticioso.com\/index.php?rest_route=%2Fwp%2Fv2%2Fmedia&parent=3420"}],"wp:term":[{"taxonomy":"category","embeddable":true,"href":"https:\/\/enfoquenoticioso.com\/index.php?rest_route=%2Fwp%2Fv2%2Fcategories&post=3420"},{"taxonomy":"post_tag","embeddable":true,"href":"https:\/\/enfoquenoticioso.com\/index.php?rest_route=%2Fwp%2Fv2%2Ftags&post=3420"}],"curies":[{"name":"wp","href":"https:\/\/api.w.org\/{rel}","templated":true}]}}