{"id":3438,"date":"2024-05-24T07:38:19","date_gmt":"2024-05-24T07:38:19","guid":{"rendered":"https:\/\/enfoquenoticioso.com\/tecnologia\/caracteristicas-precio-y-ficha-tecnica-2\/"},"modified":"2024-05-24T07:38:19","modified_gmt":"2024-05-24T07:38:19","slug":"caracteristicas-precio-y-ficha-tecnica-2","status":"publish","type":"post","link":"https:\/\/enfoquenoticioso.com\/?p=3438","title":{"rendered":"caracter\u00edsticas, precio y ficha t\u00e9cnica"},"content":{"rendered":"<div>\n<p>POCO acaba de presentar su nueva hornada de smartphones de gama alta: los POCO F6. La serie, compuesta por el <strong>POCO F6 y el POCO F6 Pro<\/strong>, destaca por ofrecer potencia, bater\u00eda y pantallas con prestaciones propias de la gama alta a un precio bastante atractivo. Tanto, que es posible conseguir un smartphone con 16 GB de memoria RAM, 1 TB de almacenamiento interno y una pantalla 2K+ por menos de 700 euros.<\/p>\n<p><!-- BREAK 1 --> <\/p>\n<p>Es el caso del POCO F6 Pro, pero su hermano peque\u00f1o no se queda corto (y de peque\u00f1o tiene poco). Y es que el POCO F6 monta un procesador Snapdragon 8s Gen 3, hasta 12 GB de RAM y una pantalla 1,5K a 120 Hz de tasa de refresco. Son, sin lugar a dudas, dos smartphones que van a <strong>poner el segmento de la gama alta econ\u00f3mica patas arriba <\/strong>y que vamos a conocer mejor a continuaci\u00f3n.<\/p>\n<p><!-- BREAK 2 --><\/p>\n<div class=\"video-boost-container article-asset-normal\">\n<p> <span class=\"video-boost-title\">As\u00ed es como gana dinero Xiaomi &#8211; te atraen y te atrapan<\/span>\n<\/div>\n<div id=\"ez-toc-container\" class=\"ez-toc-v2_0_81 counter-hierarchy ez-toc-counter ez-toc-grey ez-toc-container-direction\">\n<div class=\"ez-toc-title-container\">\n<p class=\"ez-toc-title\" style=\"cursor:inherit\">Tabla de Contenido<\/p>\n<span class=\"ez-toc-title-toggle\"><a href=\"#\" class=\"ez-toc-pull-right ez-toc-btn ez-toc-btn-xs ez-toc-btn-default ez-toc-toggle\" aria-label=\"Alternar tabla de contenidos\"><span class=\"ez-toc-js-icon-con\"><span class=\"\"><span class=\"eztoc-hide\" style=\"display:none;\">Toggle<\/span><span class=\"ez-toc-icon-toggle-span\"><svg style=\"fill: #999;color:#999\" xmlns=\"http:\/\/www.w3.org\/2000\/svg\" class=\"list-377408\" width=\"20px\" height=\"20px\" viewBox=\"0 0 24 24\" fill=\"none\"><path d=\"M6 6H4v2h2V6zm14 0H8v2h12V6zM4 11h2v2H4v-2zm16 0H8v2h12v-2zM4 16h2v2H4v-2zm16 0H8v2h12v-2z\" fill=\"currentColor\"><\/path><\/svg><svg style=\"fill: #999;color:#999\" class=\"arrow-unsorted-368013\" xmlns=\"http:\/\/www.w3.org\/2000\/svg\" width=\"10px\" height=\"10px\" viewBox=\"0 0 24 24\" version=\"1.2\" baseProfile=\"tiny\"><path d=\"M18.2 9.3l-6.2-6.3-6.2 6.3c-.2.2-.3.4-.3.7s.1.5.3.7c.2.2.4.3.7.3h11c.3 0 .5-.1.7-.3.2-.2.3-.5.3-.7s-.1-.5-.3-.7zM5.8 14.7l6.2 6.3 6.2-6.3c.2-.2.3-.5.3-.7s-.1-.5-.3-.7c-.2-.2-.4-.3-.7-.3h-11c-.3 0-.5.1-.7.3-.2.2-.3.5-.3.7s.1.5.3.7z\"\/><\/svg><\/span><\/span><\/span><\/a><\/span><\/div>\n<nav><ul class='ez-toc-list ez-toc-list-level-1 ' ><li class='ez-toc-page-1 ez-toc-heading-level-2'><a class=\"ez-toc-link ez-toc-heading-1\" href=\"https:\/\/enfoquenoticioso.com\/?p=3438\/#Ficha_tecnica_de_los_POCO_F6_y_POCO_F6_Pro\" >Ficha t\u00e9cnica de los POCO F6 y POCO F6 Pro<\/a><\/li><li class='ez-toc-page-1 ez-toc-heading-level-2'><a class=\"ez-toc-link ez-toc-heading-2\" href=\"https:\/\/enfoquenoticioso.com\/?p=3438\/#Un_diseno_sencillo_pero_llamativo\" >Un dise\u00f1o sencillo, pero llamativo<\/a><\/li><li class='ez-toc-page-1 ez-toc-heading-level-2'><a class=\"ez-toc-link ez-toc-heading-3\" href=\"https:\/\/enfoquenoticioso.com\/?p=3438\/#Estos_motores_no_pasan_hambre\" >Estos motores no pasan hambre<\/a><\/li><li class='ez-toc-page-1 ez-toc-heading-level-2'><a class=\"ez-toc-link ez-toc-heading-4\" href=\"https:\/\/enfoquenoticioso.com\/?p=3438\/#Camaras_de_50_megapixeles\" >C\u00e1maras de 50 megap\u00edxeles<\/a><\/li><li class='ez-toc-page-1 ez-toc-heading-level-2'><a class=\"ez-toc-link ez-toc-heading-5\" href=\"https:\/\/enfoquenoticioso.com\/?p=3438\/#Versiones_y_precio_de_los_POCO_F6_y_POCO_F6_Pro\" >Versiones y precio de los POCO F6 y POCO F6 Pro<\/a><\/li><\/ul><\/nav><\/div>\n<h2><span class=\"ez-toc-section\" id=\"Ficha_tecnica_de_los_POCO_F6_y_POCO_F6_Pro\"><\/span>Ficha t\u00e9cnica de los POCO F6 y POCO F6 Pro<span class=\"ez-toc-section-end\"><\/span><\/h2>\n<div class=\"article-asset-table article-asset-normal m-hr-scroll\">\n<div class=\"asset-content\">\n<table class=\"tabla-datos\">\n<thead>\n<tr>\n<th class=\"align-left\">\n<\/th>\n<th class=\"align-left\">\n<p>poco f6<\/p>\n<\/th>\n<th class=\"align-left\">\n<p>poco f6 pro<\/p>\n<\/th>\n<\/tr>\n<\/thead>\n<tbody>\n<tr>\n<th class=\"align-left\">\n<p>dimensiones y peso<\/p>\n<\/th>\n<td class=\"align-left\">\n<p>160,5 x 74,5 x 8 mm<\/p>\n<p>179 gramos<\/p>\n<\/td>\n<td class=\"align-left\">\n<p>160&#215;86 x 74,95 x 8,21 mm<\/p>\n<p>209 gramos<\/p>\n<\/td>\n<\/tr>\n<tr>\n<th class=\"align-left\">\n<p>pantalla<\/p>\n<\/th>\n<td class=\"align-left\">\n<p>AMOLED de 6,67 pulgadas<\/p>\n<p>Resoluci\u00f3n 1,5K<\/p>\n<p>Tasa de refresco: 120 Hz<\/p>\n<p>Tasa de sampleo: 2.160 Hz<\/p>\n<p>Brillo t\u00edpico: 500 nits<\/p>\n<p>Brillo pico: 2.400 nits<\/p>\n<p>100% DCI-P3<\/p>\n<p>PWM Dimming: 1.920 Hz<\/p>\n<p>Gorilla Glass Victus<\/p>\n<\/td>\n<td class=\"align-left\">\n<p>AMOLED de 6,67 pulgadas<\/p>\n<p>Resoluci\u00f3n 2K+ (3.200 x 1.440 p\u00edxeles)<\/p>\n<p>Tasa de refresco: 120 Hz<\/p>\n<p>Tasa de sampleo: 2.160 Hz<\/p>\n<p>Brillo t\u00edpico: 700 nits<\/p>\n<p>Brillo pico: 4.000 nits<\/p>\n<p>DCI-P3<\/p>\n<p>PWM Dimming: 3.840 Hz<\/p>\n<\/td>\n<\/tr>\n<tr>\n<th class=\"align-left\">\n<p>procesador<\/p>\n<\/th>\n<td class=\"align-left\">\n<p>Snapdragon 8s Gen 3<\/p>\n<\/td>\n<td class=\"align-left\">\n<p>Snapdragon 8 Gen 2<\/p>\n<\/td>\n<\/tr>\n<tr>\n<th class=\"align-left\">\n<p>memoria ram<\/p>\n<\/th>\n<td class=\"align-left\">\n<p>8\/12 GB LPDDR5X<\/p>\n<\/td>\n<td class=\"align-left\">\n<p>12\/16 GB LPDDR5x<\/p>\n<\/td>\n<\/tr>\n<tr>\n<th class=\"align-left\">\n<p>almacenamiento interno<\/p>\n<\/th>\n<td class=\"align-left\">\n<p>256\/512 GB UFS 4.0<\/p>\n<\/td>\n<td class=\"align-left\">\n<p>256\/512 GB\/1 TB<\/p>\n<\/td>\n<\/tr>\n<tr>\n<th class=\"align-left\">\n<p>c\u00e1mara trasera<\/p>\n<\/th>\n<td class=\"align-left\">\n<p>Principal: Sony IMX882, 50 MP, f\/1.59, OIS<\/p>\n<p>Gran angular: 8 MP<\/p>\n<\/td>\n<td class=\"align-left\">\n<p>Principal: Light Fusion 800, 50 MP, f\/1.6, OIS<\/p>\n<p>Gran angular: 8 MP f\/2.2<\/p>\n<p>Macro: 2 MP f\/2.4<\/p>\n<\/td>\n<\/tr>\n<tr>\n<th class=\"align-left\">\n<p>c\u00e1mara delantera<\/p>\n<\/th>\n<td class=\"align-left\">\n<p>20 MP f\/2.2<\/p>\n<\/td>\n<td class=\"align-left\">\n<p>16 MP<\/p>\n<\/td>\n<\/tr>\n<tr>\n<th class=\"align-left\">\n<p>bater\u00eda<\/p>\n<\/th>\n<td class=\"align-left\">\n<p>5.000 mAh<\/p>\n<p>Carga r\u00e1pida 90W<\/p>\n<p>Cargador 90W incluido<\/p>\n<\/td>\n<td class=\"align-left\">\n<p>5.000 mAh<\/p>\n<p>Carga r\u00e1pida 120W<\/p>\n<p>Cargador 120W incluido<\/p>\n<\/td>\n<\/tr>\n<tr>\n<th class=\"align-left\">\n<p>sistema operativo<\/p>\n<\/th>\n<td class=\"align-left\">\n<p>Xiaomi HyperOS<\/p>\n<\/td>\n<td class=\"align-left\">\n<p>Xiaomi HyperOS<\/p>\n<\/td>\n<\/tr>\n<tr>\n<th class=\"align-left\">\n<p>conectividad<\/p>\n<\/th>\n<td class=\"align-left\">\n<p>Dual SIM<\/p>\n<p>5G<\/p>\n<p>WiFi 6<\/p>\n<p>Bluetooth 5.4<\/p>\n<p>GPS<\/p>\n<p>NFC<\/p>\n<\/td>\n<td class=\"align-left\">\n<p>Dual SIM<\/p>\n<p>5G<\/p>\n<p>WiFi 7<\/p>\n<p>Bluetooth 5.3<\/p>\n<p>GPS<\/p>\n<p>NFC<\/p>\n<\/td>\n<\/tr>\n<tr>\n<th class=\"align-left\">\n<p>otros<\/p>\n<\/th>\n<td class=\"align-left\">\n<p>IP64<\/p>\n<p>Sensor de huellas en pantalla<\/p>\n<p>Desbloqueo facial 2D<\/p>\n<p>2x altavoces<\/p>\n<p>Sensor infrarrojos<\/p>\n<p>Refrigeraci\u00f3n l\u00edquida<\/p>\n<\/td>\n<td class=\"align-left\">\n<p>Sensor de huellas en pantalla<\/p>\n<p>Desbloqueo facial 2D<\/p>\n<p>2x altavoces<\/p>\n<p>Sensor infrarrojos<\/p>\n<p>Refrigeraci\u00f3n l\u00edquida<\/p>\n<\/td>\n<\/tr>\n<tr>\n<th class=\"align-left\">\n<p>precio<\/p>\n<\/th>\n<td class=\"align-left\">\n<p>8\/256 GB: 449,99 euros<\/p>\n<p>12\/512 GB: 499,99 euros<\/p>\n<\/td>\n<td class=\"align-left\">\n<p>12\/256 GB: 579,99 euros<\/p>\n<p>12\/512 GB: 629,99 euros<\/p>\n<p>16 GB\/1 TB: 699,99 euros<\/p>\n<\/td>\n<\/tr>\n<\/tbody>\n<\/table><\/div>\n<\/div>\n<h2><span class=\"ez-toc-section\" id=\"Un_diseno_sencillo_pero_llamativo\"><\/span>Un dise\u00f1o sencillo, pero llamativo<span class=\"ez-toc-section-end\"><\/span><\/h2>\n<div class=\"article-asset-image article-asset-normal article-asset-center\">\n<div class=\"asset-content\">\n<div class=\"caption-img \">\n                   <img class=\"centro_sinmarco\" height=\"1000\" width=\"1500\" loading=\"lazy\" decoding=\"async\" sizes=\"auto, 100vw\" fetchpriority=\"high\" srcset=\"https:\/\/i.blogs.es\/a473c9\/poco-f6-1\/450_1000.jpeg 450w, https:\/\/i.blogs.es\/a473c9\/poco-f6-1\/650_1200.jpeg 681w,https:\/\/i.blogs.es\/a473c9\/poco-f6-1\/1024_2000.jpeg 1024w, https:\/\/i.blogs.es\/a473c9\/poco-f6-1\/1366_2000.jpeg 1366w\" src=\"https:\/\/i.blogs.es\/a473c9\/poco-f6-1\/450_1000.jpeg\" alt=\"Trasera del POCO F6 | Imagen: POCO\"\/><br \/>\n   <img decoding=\"async\" alt=\"Trasera del POCO F6 | Imagen: POCO\" class=\"centro_sinmarco\" src=\"https:\/\/i.blogs.es\/a473c9\/poco-f6-1\/450_1000.jpeg\"\/><\/p>\n<p>        <span>Trasera del POCO F6 | Imagen: POCO<\/span>\n   <\/div>\n<\/p><\/div>\n<\/div>\n<p>Comenzamos con el apartado est\u00e9tico. El POCO F6 propone un <strong>dise\u00f1o sencillo y minimalista<\/strong>, con biseles planos pero bordes y esquinas curvadas. No tiene m\u00f3dulo de c\u00e1maras, sino que estas se integran en el propio chasis. El POCO F6 Pro, por su parte, tiene un acabado m\u00e1s sobrio con un m\u00f3dulo de c\u00e1maras en la zona superior que aloja los tres sensores y el flash. En ese sentido, recuerda m\u00e1s a los POCO convencionales. Cabe destacar que son parecidos en dimensiones, pero el POCO F6 Pro es sensiblemente m\u00e1s pesado.<\/p>\n<p><!-- BREAK 3 --> <\/p>\n<p>En lo que concierne a la pantalla, ambos m\u00f3viles de POCO nos ofrecen paneles AMOLED de 6,67 pulgadas a 120 Hz de tasa de refresco, pero hay diferencias en la resoluci\u00f3n. POCO deja de lado el FullHD para <strong>montar un panel 1,5K<\/strong> en el POCO F6 y un panel 2K+ (3.200 x 1.440 p\u00edxeles) en el POCO F6 Pro. A eso le sumamos un brillo pico que <a href=\"https:\/\/xataka.com\/componentes\/megapixeles-ram-actual-guerra-moviles-esta-nits-pantalla\" target=\"_blank\" rel=\"noopener\">alcanza los 4.000 nits<\/a> en el modelo Pro y que, seguramente, solo podamos aprovechar en condiciones muy particulares.<\/p>\n<p><!-- BREAK 4 --><\/p>\n<div class=\"article-asset-image article-asset-normal article-asset-center\">\n<div class=\"asset-content\">\n<div class=\"caption-img \">\n                   <img class=\"centro_sinmarco\" height=\"1000\" width=\"1500\" loading=\"lazy\" decoding=\"async\" sizes=\"auto, 100vw\" fetchpriority=\"high\" srcset=\"https:\/\/i.blogs.es\/b17ade\/poco-f6-pro-3\/450_1000.jpeg 450w, https:\/\/i.blogs.es\/b17ade\/poco-f6-pro-3\/650_1200.jpeg 681w,https:\/\/i.blogs.es\/b17ade\/poco-f6-pro-3\/1024_2000.jpeg 1024w, https:\/\/i.blogs.es\/b17ade\/poco-f6-pro-3\/1366_2000.jpeg 1366w\" src=\"https:\/\/i.blogs.es\/b17ade\/poco-f6-pro-3\/450_1000.jpeg\" alt=\"Pantalla del POCO F6 Pro | Imagen: POCO\"\/><br \/>\n   <img decoding=\"async\" alt=\"Pantalla del POCO F6 Pro | Imagen: POCO\" class=\"centro_sinmarco\" src=\"https:\/\/i.blogs.es\/b17ade\/poco-f6-pro-3\/450_1000.jpeg\"\/><\/p>\n<p>        <span>Pantalla del POCO F6 Pro | Imagen: POCO<\/span>\n   <\/div>\n<\/p><\/div>\n<\/div>\n<p>Las diferencias principales entre ambas pantallas es la resoluci\u00f3n, el nivel de brillo y el <a href=\"https:\/\/www.xatakamovil.com\/desarrollo\/dc-dimming-asi-funciona-control-brillo-para-pantallas-que-promete-ahorrar-bateria-borrar-plumazo-parpadeos\" target=\"_blank\" rel=\"noopener\">PWM Dimming<\/a>, que es el sistema de control de brillo. B\u00e1sicamente, es un proceso que reduce los parpadeos de la pantalla y, sobre el papel, nos interesa que sea cuanto m\u00e1s alto, mejor. No obstante, ambos dispositivos deber\u00edan ofrecer una experiencia m\u00e1s que correcta en el d\u00eda a d\u00eda.<\/p>\n<p><!-- BREAK 5 --><\/p>\n<h2><span class=\"ez-toc-section\" id=\"Estos_motores_no_pasan_hambre\"><\/span>Estos motores no pasan hambre<span class=\"ez-toc-section-end\"><\/span><\/h2>\n<div class=\"article-asset-image article-asset-normal article-asset-center\">\n<div class=\"asset-content\">\n<div class=\"caption-img \">\n                   <img class=\"centro_sinmarco\" height=\"1000\" width=\"1500\" loading=\"lazy\" decoding=\"async\" sizes=\"auto, 100vw\" fetchpriority=\"high\" srcset=\"https:\/\/i.blogs.es\/2d5931\/poco-f6-3\/450_1000.jpeg 450w, https:\/\/i.blogs.es\/2d5931\/poco-f6-3\/650_1200.jpeg 681w,https:\/\/i.blogs.es\/2d5931\/poco-f6-3\/1024_2000.jpeg 1024w, https:\/\/i.blogs.es\/2d5931\/poco-f6-3\/1366_2000.jpeg 1366w\" src=\"https:\/\/i.blogs.es\/2d5931\/poco-f6-3\/450_1000.jpeg\" alt=\"Pantalla del POCO F6 | Imagen: POCO\"\/><br \/>\n   <img decoding=\"async\" alt=\"Pantalla del POCO F6 | Imagen: POCO\" class=\"centro_sinmarco\" src=\"https:\/\/i.blogs.es\/2d5931\/poco-f6-3\/450_1000.jpeg\"\/><\/p>\n<p>        <span>Pantalla del POCO F6 | Imagen: POCO<\/span>\n   <\/div>\n<\/p><\/div>\n<\/div>\n<p>Si algo ha caracterizado a POCO durante su andadura en el mundo de los smartphones es la potencia. La compa\u00f1\u00eda siempre ha montado lo mejor en procesadores y en esta ocasi\u00f3n no iba a ser menos. Curiosamente, el POCO F6 ha salido mejor parado que el POCO F6 Pro, ya que es el POCO F6 y no su hermano mayor el que monta lo \u00faltimo de Qualcomm: el <a href=\"https:\/\/www.xataka.com\/componentes\/alguien-tenia-que-contener-precio-gama-alta-nuevo-qualcomm-snapdragon-8s-gen-3-llega-para-intentarlo\" target=\"_blank\" rel=\"noopener\">Snapdragon 8s Gen 3<\/a>. El otro se queda con el <a href=\"https:\/\/www.xataka.com\/componentes\/hemos-probado-qualcomm-snapdragon-8-gen-2-sus-primeros-benmarks-toda-promesa\" target=\"_blank\" rel=\"noopener\">Snapragon 8 Gen 2<\/a>, probablemente por razones de precio.<\/p>\n<p><!-- BREAK 6 --> <\/p>\n<p>Si bien es cierto que el procesador del POCO F6 es m\u00e1s potente en t\u00e9rminos brutos, lo cierto es que las diferencias entre un modelo y otro se notar\u00e1n en casos concretos como en sesiones largas de gaming. Ah\u00ed ayudar\u00e1, adem\u00e1s, la refrigeraci\u00f3n l\u00edquida con c\u00e1mara de vapor. Sobra decir que para WhatsApp, TikTok, Instagram y las apps de andar por casa iremos m\u00e1s que sobrados con cualquiera de los dos.<\/p>\n<p><!-- BREAK 7 --><\/p>\n<div class=\"article-asset-image article-asset-normal article-asset-center\">\n<div class=\"asset-content\">\n<div class=\"caption-img \">\n                   <img class=\"centro_sinmarco\" height=\"1000\" width=\"1500\" loading=\"lazy\" decoding=\"async\" sizes=\"auto, 100vw\" fetchpriority=\"high\" srcset=\"https:\/\/i.blogs.es\/c4196e\/poco-f6-pro-2\/450_1000.jpeg 450w, https:\/\/i.blogs.es\/c4196e\/poco-f6-pro-2\/650_1200.jpeg 681w,https:\/\/i.blogs.es\/c4196e\/poco-f6-pro-2\/1024_2000.jpeg 1024w, https:\/\/i.blogs.es\/c4196e\/poco-f6-pro-2\/1366_2000.jpeg 1366w\" src=\"https:\/\/i.blogs.es\/c4196e\/poco-f6-pro-2\/450_1000.jpeg\" alt=\"POCO F6 Pro | Imagen: POCO\"\/><br \/>\n   <img decoding=\"async\" alt=\"POCO F6 Pro | Imagen: POCO\" class=\"centro_sinmarco\" src=\"https:\/\/i.blogs.es\/c4196e\/poco-f6-pro-2\/450_1000.jpeg\"\/><\/p>\n<p>        <span>POCO F6 Pro | Imagen: POCO<\/span>\n   <\/div>\n<\/p><\/div>\n<\/div>\n<p>En cuanto a memoria RAM y almacenamiento interno, el POCO F6 nos propone ocho o 12 <em>gigas<\/em> de memoria <a href=\"https:\/\/www.xatakamovil.com\/samsung\/samsung-ha-presentado-ram-lpddr5x-para-moviles-rapida-mundo-al-servicio-procesadores-qualcomm\" target=\"_blank\" rel=\"noopener\">RAM LPPDR5x<\/a> y hasta 512 GB de almacenamiento interno <a href=\"https:\/\/www.xataka.com\/moviles\/samsung-esta-lista-para-fabricar-memorias-ufs-4-0-para-smartphones-estas-mejoras-destacas-que-llegan-nuevo-estandar\" target=\"_blank\" rel=\"noopener\">UFS 4.0<\/a>. Es decir, que tenemos los componentes m\u00e1s r\u00e1pidos disponibles hasta la fecha. El POCO F6 Pro, por su parte, sube la cantidad de RAM hasta los 16 GB y el almacenamiento hasta el <em>tera<\/em>.<\/p>\n<p><!-- BREAK 8 --><\/p>\n<p>A todo ello le da vida una bater\u00eda de 5.000 mAh en ambos modelos y el nuevo sistema operativo de Xiaomi, <a href=\"https:\/\/www.xataka.com\/aplicaciones\/hyperos-opiniones-toma-contacto-video-fotos\" target=\"_blank\" rel=\"noopener\">HyperOS<\/a>. Las diferencias est\u00e1n en la potencia de la carga r\u00e1pida, que es de 90W en el POCO F6 y de 120W en el POCO F6 Pro. Seg\u00fan POCO, el POCO F6 se carga por completo en media hora y el POCO F6 Pro en 19 minutos. El cargador de 90 y 120W, respectivamente, est\u00e1 incluido en la caja.<\/p>\n<p><!-- BREAK 9 --><\/p>\n<p>Si por alg\u00fan casual estos m\u00f3viles resultan familiares es por un raz\u00f3n: el POCO F6 y el POCO F6 Pro son las versiones internacionales de los <a href=\"https:\/\/xataka.com\/moviles\/redmi-turbo-3-caracteristicas-precio-ficha-tecnica\" target=\"_blank\" rel=\"noopener\">Redmi Turbo 3<\/a> y <a href=\"https:\/\/www.xataka.com\/moviles\/xiaomi-redmi-k70-k70-pro-k70e-caracteristicas-precio-ficha-tecnica\" target=\"_blank\" rel=\"noopener\">Redmi K70<\/a>, respectivamente.<\/p>\n<p><!-- BREAK 10 --> <\/p>\n<h2><span class=\"ez-toc-section\" id=\"Camaras_de_50_megapixeles\"><\/span>C\u00e1maras de 50 megap\u00edxeles<span class=\"ez-toc-section-end\"><\/span><\/h2>\n<div class=\"article-asset-image article-asset-normal article-asset-center\">\n<div class=\"asset-content\">\n<div class=\"caption-img \">\n                   <img class=\"centro_sinmarco\" height=\"1000\" width=\"1500\" loading=\"lazy\" decoding=\"async\" sizes=\"auto, 100vw\" fetchpriority=\"high\" srcset=\"https:\/\/i.blogs.es\/382903\/poco-f6-2\/450_1000.jpeg 450w, https:\/\/i.blogs.es\/382903\/poco-f6-2\/650_1200.jpeg 681w,https:\/\/i.blogs.es\/382903\/poco-f6-2\/1024_2000.jpeg 1024w, https:\/\/i.blogs.es\/382903\/poco-f6-2\/1366_2000.jpeg 1366w\" src=\"https:\/\/i.blogs.es\/382903\/poco-f6-2\/450_1000.jpeg\" alt=\"C\u00e1mara del POCO F6 | Imagen: POCO\"\/><br \/>\n   <img decoding=\"async\" alt=\"C\u00e1mara del POCO F6 | Imagen: POCO\" class=\"centro_sinmarco\" src=\"https:\/\/i.blogs.es\/382903\/poco-f6-2\/450_1000.jpeg\"\/><\/p>\n<p>        <span>C\u00e1mara del POCO F6 | Imagen: POCO<\/span>\n   <\/div>\n<\/p><\/div>\n<\/div>\n<p>Nos vamos acercando al final, no sin antes abordar las c\u00e1maras. Para el POCO F6, la compa\u00f1\u00eda ha optado por un sensor Sony IMX882 de <strong>50 megap\u00edxeles<\/strong> con OIS\/EIS y un gran angular de ocho megap\u00edxeles. Una configuraci\u00f3n sencilla en la que quiz\u00e1 se pueda echar en falta un telefoto, pero al final todo es una cuesti\u00f3n de precio. Los selfies, por su parte, quedan en manos de un sensor de 20 megap\u00edxeles.<\/p>\n<p><!-- BREAK 11 --><\/p>\n<p>En cuanto al POCO F6 Pro, la firma ha optado por un sensor de 50 megap\u00edxeles pero no de Sony, sino de OmniVision: un <strong>Light Fusion 800<\/strong> que tambi\u00e9n ofrece OIS. Se junta con un gran angular de ocho megap\u00edxeles, un macro de dos y un sensor delantero para los selfies cuya resoluci\u00f3n asciende a 16 megap\u00edxeles.<\/p>\n<p><!-- BREAK 12 --><\/p>\n<h2><span class=\"ez-toc-section\" id=\"Versiones_y_precio_de_los_POCO_F6_y_POCO_F6_Pro\"><\/span>Versiones y precio de los POCO F6 y POCO F6 Pro<span class=\"ez-toc-section-end\"><\/span><\/h2>\n<div class=\"article-asset-image article-asset-normal article-asset-center\">\n<div class=\"asset-content\">\n<div class=\"caption-img \">\n                   <img class=\"centro_sinmarco\" height=\"1000\" width=\"1500\" loading=\"lazy\" decoding=\"async\" sizes=\"auto, 100vw\" fetchpriority=\"high\" srcset=\"https:\/\/i.blogs.es\/61cf53\/poco-f6-pro-1\/450_1000.jpeg 450w, https:\/\/i.blogs.es\/61cf53\/poco-f6-pro-1\/650_1200.jpeg 681w,https:\/\/i.blogs.es\/61cf53\/poco-f6-pro-1\/1024_2000.jpeg 1024w, https:\/\/i.blogs.es\/61cf53\/poco-f6-pro-1\/1366_2000.jpeg 1366w\" src=\"https:\/\/i.blogs.es\/61cf53\/poco-f6-pro-1\/450_1000.jpeg\" alt=\"POCO F6 Pro | Imagen: POCO\"\/><br \/>\n   <img decoding=\"async\" alt=\"POCO F6 Pro | Imagen: POCO\" class=\"centro_sinmarco\" src=\"https:\/\/i.blogs.es\/61cf53\/poco-f6-pro-1\/450_1000.jpeg\"\/><\/p>\n<p>        <span>POCO F6 Pro | Imagen: POCO<\/span>\n   <\/div>\n<\/p><\/div>\n<\/div>\n<p>Como viene siendo costumbre, <strong>POCO ha ajustado much\u00edsimo los precios<\/strong> y lanzado su dispositivos con ofertas Early Bird. Dicho de otra forma, se podr\u00e1n conseguir m\u00e1s baratos durante un tiempo. El POCO F6 estar\u00e1 disponible en color negro, dorado y verde y el POCO F6 Pro en blanco o negro. Sus precios son los que siguen:<\/p>\n<p><!-- BREAK 13 --><\/p>\n<div class=\"article-asset-table article-asset-normal m-hr-scroll\">\n<div class=\"asset-content\">\n<table class=\"tabla-datos\">\n<thead>\n<tr>\n<th class=\"align-left\">\n<\/th>\n<th class=\"align-left\">\n<p>8\/256 GB<\/p>\n<\/th>\n<th class=\"align-left\">\n<p>12\/256 GB<\/p>\n<\/th>\n<th class=\"align-left\">\n<p>12\/512 GB<\/p>\n<\/th>\n<th class=\"align-left\">\n<p>16 GB\/1 TB<\/p>\n<\/th>\n<\/tr>\n<\/thead>\n<tbody>\n<tr>\n<th class=\"align-left\">\n<p>poco f6<\/p>\n<\/th>\n<td class=\"align-left\">\n<p>449,99 euros<\/p>\n<p>Early Bird: 389,99 euros<\/p>\n<\/td>\n<td class=\"align-left\">\n<p>&#8211;<\/p>\n<\/td>\n<td class=\"align-left\">\n<p>499,99 euros<\/p>\n<p>Early Bird: 419,99 euros<\/p>\n<\/td>\n<td class=\"align-left\">\n<p>&#8211;<\/p>\n<\/td>\n<\/tr>\n<tr>\n<th class=\"align-left\">\n<p>poco f6 pro<\/p>\n<\/th>\n<td class=\"align-left\">\n<p>&#8211;<\/p>\n<\/td>\n<td class=\"align-left\">\n<p>579,99 euros<\/p>\n<p>Early Bird: 499,99 euros<\/p>\n<\/td>\n<td class=\"align-left\">\n<p>629,99 euros<\/p>\n<p>Early Bird: 549,99 euros<\/p>\n<\/td>\n<td class=\"align-left\">\n<p>699,99 euros<\/p>\n<p>Early Bird: 599,99 euros<\/p>\n<\/td>\n<\/tr>\n<\/tbody>\n<\/table><\/div>\n<\/div>\n<p>Im\u00e1genes | POCO<\/p>\n<\/p><\/div>\n<p><a href=\"https:\/\/www.xataka.com\/moviles\/xiaomi-poco-f6-poco-f6-pro-caracteristicas-precio-ficha-tecnica\" class=\" target=\" title=\"caracter\u00edsticas, precio y ficha t\u00e9cnica\" target=\"_blank\" rel=\"noopener\">Ver fuente<\/a><\/p>\n","protected":false},"excerpt":{"rendered":"<p>POCO acaba de presentar su nueva hornada de smartphones de gama alta: los POCO F6. La serie, compuesta por el POCO F6 y el POCO F6 Pro, destaca por ofrecer potencia, bater\u00eda y pantallas con prestaciones propias de la gama alta a un precio bastante atractivo. Tanto, que es posible conseguir un smartphone con 16 [&hellip;]<\/p>\n","protected":false},"author":2,"featured_media":3439,"comment_status":"open","ping_status":"closed","sticky":false,"template":"","format":"standard","meta":{"footnotes":""},"categories":[9],"tags":[],"class_list":["post-3438","post","type-post","status-publish","format-standard","has-post-thumbnail","hentry","category-tecnologia"],"_links":{"self":[{"href":"https:\/\/enfoquenoticioso.com\/index.php?rest_route=\/wp\/v2\/posts\/3438","targetHints":{"allow":["GET"]}}],"collection":[{"href":"https:\/\/enfoquenoticioso.com\/index.php?rest_route=\/wp\/v2\/posts"}],"about":[{"href":"https:\/\/enfoquenoticioso.com\/index.php?rest_route=\/wp\/v2\/types\/post"}],"author":[{"embeddable":true,"href":"https:\/\/enfoquenoticioso.com\/index.php?rest_route=\/wp\/v2\/users\/2"}],"replies":[{"embeddable":true,"href":"https:\/\/enfoquenoticioso.com\/index.php?rest_route=%2Fwp%2Fv2%2Fcomments&post=3438"}],"version-history":[{"count":0,"href":"https:\/\/enfoquenoticioso.com\/index.php?rest_route=\/wp\/v2\/posts\/3438\/revisions"}],"wp:featuredmedia":[{"embeddable":true,"href":"https:\/\/enfoquenoticioso.com\/index.php?rest_route=\/wp\/v2\/media\/3439"}],"wp:attachment":[{"href":"https:\/\/enfoquenoticioso.com\/index.php?rest_route=%2Fwp%2Fv2%2Fmedia&parent=3438"}],"wp:term":[{"taxonomy":"category","embeddable":true,"href":"https:\/\/enfoquenoticioso.com\/index.php?rest_route=%2Fwp%2Fv2%2Fcategories&post=3438"},{"taxonomy":"post_tag","embeddable":true,"href":"https:\/\/enfoquenoticioso.com\/index.php?rest_route=%2Fwp%2Fv2%2Ftags&post=3438"}],"curies":[{"name":"wp","href":"https:\/\/api.w.org\/{rel}","templated":true}]}}